{"id":65839,"date":"2021-02-08T15:58:07","date_gmt":"2021-02-08T18:58:07","guid":{"rendered":"https:\/\/catolicanet.net\/wp-cnet\/?p=65839"},"modified":"2021-02-08T15:58:07","modified_gmt":"2021-02-08T18:58:07","slug":"especialista-comenta-a-visao-do-papa-sobre-a-comunicacao-a-partir-das-mensagens-do-dia-das-comunicacoes-sociais","status":"publish","type":"post","link":"https:\/\/catolicanet.net\/wp-cnet\/especialista-comenta-a-visao-do-papa-sobre-a-comunicacao-a-partir-das-mensagens-do-dia-das-comunicacoes-sociais\/","title":{"rendered":"ESPECIALISTA COMENTA A VIS\u00c3O DO PAPA SOBRE A COMUNICA\u00c7\u00c3O A PARTIR DAS MENSAGENS DO DIA DAS COMUNICA\u00c7\u00d5ES SOCIAIS"},"content":{"rendered":"<p style=\"text-align: justify;\">Partindo da reflex\u00e3o proposta pelo Papa Francisco na\u00a0<a href=\"http:\/\/www.vatican.va\/content\/francesco\/pt\/messages\/communications\/documents\/papa-francesco_20210123_messaggio-comunicazioni-sociali.html\">mensagem para o 55\u00ba Dia Mundial das Comunica\u00e7\u00f5es Sociais<\/a>, a Comiss\u00e3o Episcopal Pastoral para a Comunica\u00e7\u00e3o da Confer\u00eancia Nacional dos Bispos do Brasil (CNBB) realizou na quinta-feira, 4 de fevereiro, a primeira edi\u00e7\u00e3o das lives CNBB \u2013 Igreja no Brasil Painel de 2021 com o tema: \u201cGastar a sola do sapatos\u201d: as inspira\u00e7\u00f5es do Papa para a Comunica\u00e7\u00e3o Social\u201d.<\/p>\n<p style=\"text-align: justify;\">\u201cN\u00f3s estamos vivendo um tempo de mentira. De falsas not\u00edcias cuidadosamente pensadas e disseminadas nas redes sociais para fazer o mal\u201d, disse o bispo auxiliar da arquidiocese de Belo Horizonte (MG) e presidente da Comiss\u00e3o de Comunica\u00e7\u00e3o da CNBB, dom Joaquim Giovani Mol, na introdu\u00e7\u00e3o do tema e apresenta\u00e7\u00e3o dos participantes. Dom Joaquim Mol \u00e9 o mediador desta s\u00e9rie de lives.<\/p>\n<p style=\"text-align: justify;\">Para o 55\u00ba Dia Mundial das Comunica\u00e7\u00f5es Sociais, celebrado sempre na Ascens\u00e3o do Senhor, este ano dia 16 de maio, o Papa Francisco faz o convite a \u201cir e ver\u201d, como os primeiros convites que Jesus Cristo fez aos disc\u00edpulos, presente em Jo 1, 46, como forma de conhecer a realidade. Para o Santo Padre, este tamb\u00e9m \u00e9 o m\u00e9todo de toda a comunica\u00e7\u00e3o humana aut\u00eantica.<\/p>\n<p style=\"text-align: justify;\">No jornalismo, segundo a mensagem do Papa, \u201cir e ver\u201d evitaria a crise editorial que corre o risco de levar a uma informa\u00e7\u00e3o constru\u00edda nas reda\u00e7\u00f5es, diante do computador, nos terminais das ag\u00eancias, nas redes sociais, sem nunca sair \u00e0 rua, sem encontrar pessoas para procurar hist\u00f3rias ou verificar com os pr\u00f3prios olhos determinadas situa\u00e7\u00f5es.\u00a0 Com esta mensagem, o\u00a0 Francisco convida a Igreja e a todos que trabalham com comunica\u00e7\u00e3o a \u201cgastar a sola dos sapatos\u201d para desenvolver uma comunica\u00e7\u00e3o aut\u00eantica capaz de dar conta da verdade das coisas e da vida concreta das pessoas.<\/p>\n<h3 style=\"text-align: justify;\">Concep\u00e7\u00e3o de comunica\u00e7\u00e3o no magist\u00e9rio do Papa Francisco<\/h3>\n<p style=\"text-align: justify;\">O jornalista, mestre e doutor em Ci\u00eancias da Comunica\u00e7\u00e3o pela Universidade do Vale do Rio dos Sinos (Unisinos), Mois\u00e9s Sbardelotto, levantou as no\u00e7\u00f5es de comunica\u00e7\u00e3o apontadas nas mensagens de comunica\u00e7\u00e3o desde o in\u00edcio do magist\u00e9rio do Papa Francisco.\u00a0Com experi\u00eancia na \u00e1rea de Comunica\u00e7\u00e3o, com \u00eanfase em internet, cultura digital, processos midi\u00e1ticos e religi\u00e3o, Mois\u00e9s defendeu que o tema da comunica\u00e7\u00e3o abrange a vida humana e n\u00e3o se restringe apenas \u00e0 comunica\u00e7\u00e3o social, feita por profissionais da \u00e1rea, que tem o seu espa\u00e7o e import\u00e2ncia no tecido social . \u201cA comunica\u00e7\u00e3o \u00e9 vista como processo e a\u00e7\u00f5es que perpassam tudo que n\u00f3s fazemos\u201d, disse.<\/p>\n<p style=\"text-align: justify;\">A concep\u00e7\u00e3o do Papa Francisco, segundo Mois\u00e9s, \u00e9 muito enraizada no ser humano, encarnada na realidade e pensada \u00e0 luz do Evangelho. \u201cEm suas mensagens, o Papa sempre traz a concretude e a humanidade por tr\u00e1s dos processos de comunica\u00e7\u00e3o. N\u00e3o se trata de mera teoria, tecnicismo ou um instrumental para alcan\u00e7ar objetivos\u201d, afirmou.<\/p>\n<p style=\"text-align: justify;\">A for\u00e7a-motriz da reflex\u00e3o do Papa Francisco sobre comunica\u00e7\u00e3o encontra-se na express\u00e3o forte de seu papado: \u201ca cultura do encontro\u201d em contraposi\u00e7\u00e3o \u00e0 \u201cglobaliza\u00e7\u00e3o da indiferen\u00e7a\u201d. O especialista em comunica\u00e7\u00e3o, afirmou que o que Papa Francisco vai pensando mas tamb\u00e9m vivendo na pr\u00e1tica, com a sua pr\u00f3pria vida, aponta para a dire\u00e7\u00e3o de seu papado explicitada em sua primeira apari\u00e7\u00e3o p\u00fablica j\u00e1 como Papa: \u201co caminho de fraternidade\u201d, tema de sua \u00faltima enc\u00edclica<em>\u00a0Fratelli Tutti<\/em>.<\/p>\n<p style=\"text-align: justify;\">\u201cO Papa percebe na realidade humana contempor\u00e2nea a globaliza\u00e7\u00e3o da indiferen\u00e7a onde as pessoas olham para o lado e j\u00e1 n\u00e3o enxergam mais um irm\u00e3o e uma irm\u00e3. Enxerga algu\u00e9m a ser destru\u00eddo e at\u00e9 mesmo a ser morto simbolicamente e, muitas vezes, concretamente.\u00a0 Em raz\u00e3o disto, o Papa promove a cultura do encontro ligada \u00e0 ideia de comunica\u00e7\u00e3o como um a\u00e7\u00e3o com os outros\u201d, disse. A comunica\u00e7\u00e3o que constr\u00f3i muros ao inv\u00e9s de aproximar, segundo Mois\u00e9s, \u00e9 muito presente nas redes sociais hoje.<\/p>\n<p style=\"text-align: justify;\">Segundo Mois\u00e9s, o Papa resgata suas tr\u00eas ideias centrais de comunica\u00e7\u00e3o do Evangelho, o que configura a trilogia do Santo Padre em suas tr\u00eas \u00faltimas mensagens. A primeira delas, em 2018, quando falou da ideia de fake news, tendo escolhido a frase \u201cA verdade vos tornar\u00e1 livres\u2019, o Papa defende a ideia da desinforma\u00e7\u00e3o por meio das falsas not\u00edcias e a responsabilidade de cada um frente \u00e0 esta realidade.<\/p>\n<p style=\"text-align: justify;\">Outra ideia, presente na primeira mensagem de 2014, \u00e9 retirada da Par\u00e1bola do Bom Samaritano, presente na primeira mensagem dele em 2014, que segundo o Papa \u00e9 a par\u00e1bola do bom comunicador. Para o papa, o bom comunicador, a exemplo do Bom Samaritano, \u00e9 algu\u00e9m que est\u00e1 atento \u00e0 realidade, \u00e0s estradas da vida, aos sofrimentos e injusti\u00e7as da hist\u00f3ria, se inclina e vai ao encontro, fazendo-se pr\u00f3ximo.<\/p>\n<p style=\"text-align: justify;\">A outra imagem forte, segundo Mois\u00e9s, o Papa trouxe em sua primeira visita ao Brasil, o \u00edcone de Ema\u00fas que prop\u00f5e um movimento de estar em sa\u00edda, vai ao encontro, escuta e ouve e s\u00f3 depois estabelece um di\u00e1logo e prop\u00f5e a sua verdade e\u00a0 aquilo que trazia tamb\u00e9m em seu cora\u00e7\u00e3o. Em 2020, o Papa traz a ideia da m\u00e1 informa\u00e7\u00e3o e convida os comunicadores a constru\u00edrem boas hist\u00f3rias e narrativas. Na mensagem deste ano, ele fala do m\u00e9todo de toda comunica\u00e7\u00e3o humana aut\u00eantica: \u201cir e ver\u201d.<\/p>\n<p style=\"text-align: justify;\">\u201cOs tr\u00eas verbos de Ema\u00fas sintetizam a comunica\u00e7\u00e3o do Papa. Ir ao encontro para se p\u00f4r \u00e0 escuta. O Santo Padre diz que nunca deveremos responder a perguntas que ningu\u00e9m se p\u00f5e. Isto \u00e9 uma comunica\u00e7\u00e3o que fala sem prestar aten\u00e7\u00e3o \u00e0 realidade. Que devemos buscar uma comunica\u00e7\u00e3o que harmoniza as diferen\u00e7as porque elas nos enriquecem. N\u00e3o apenas dar algo para algu\u00e9m mas tamb\u00e9m saber receber do outro a sua riqueza tamb\u00e9m\u201d, disse.<\/p>\n<p style=\"text-align: justify;\">Quem quiser conhecer um pouco mais as ideias de Mois\u00e9s Sbardelotto pode buscar pelos livros que ele publicou: Comunicar a f\u00e9: por qu\u00ea? Para qu\u00ea? Com quem?\u2019, pela editora Vozes; \u2018E o Verbo se fez rede: religiosidades em reconstru\u00e7\u00e3o no ambiente digital, pela Paulinas e\u00a0 o \u2018E o Verbo se fez bit: A comunica\u00e7\u00e3o e a experi\u00eancia religiosas na internet, pela editora Santu\u00e1rio.<\/p>\n<p style=\"text-align: justify;\"><img loading=\"lazy\" decoding=\"async\" class=\"aligncenter size-full wp-image-258885 lazyloaded\" src=\"https:\/\/eadn-wc02-718006.nxedge.io\/cdn\/wp-content\/uploads\/2021\/02\/Gastar-as-solas-dos-sapatos.jpg\" sizes=\"auto, (max-width: 638px) 100vw, 638px\" srcset=\"https:\/\/eadn-wc02-718006.nxedge.io\/cdn\/wp-content\/uploads\/2021\/02\/Gastar-as-solas-dos-sapatos.jpg 638w, https:\/\/eadn-wc02-718006.nxedge.io\/cdn\/wp-content\/uploads\/2021\/02\/Gastar-as-solas-dos-sapatos-300x167.png 300w, https:\/\/eadn-wc02-718006.nxedge.io\/cdn\/wp-content\/uploads\/2021\/02\/Gastar-as-solas-dos-sapatos-500x279.png 500w, https:\/\/eadn-wc02-718006.nxedge.io\/cdn\/wp-content\/uploads\/2021\/02\/Gastar-as-solas-dos-sapatos-446x248.png 446w\" alt=\"\" width=\"638\" height=\"356\" data-ll-status=\"loaded\" \/><\/p>\n<h3 style=\"text-align: justify;\">Comunica\u00e7\u00e3o que promove o encontro<\/h3>\n<p style=\"text-align: justify;\">A jornalista e assessora de comunica\u00e7\u00e3o da 6\u00aa Semana Social Brasileira e vice-presidente da Signis Brasil, Osnilda Lima, louvou o esfor\u00e7o da Igreja no Brasil de se posicionar firme, por meio da divulga\u00e7\u00e3o do v\u00eddeo coma presid\u00eancia da CNBB motivando \u00e0 imuniza\u00e7\u00e3o da popula\u00e7\u00e3o contra a Covid-19. Por outro lado, ela disse ser necess\u00e1rio tamb\u00e9m, no contexto de comunica\u00e7\u00e3o atual, pedir perd\u00e3o pelas not\u00edcias falsas, pelo excesso de informa\u00e7\u00e3o sem aprofundamento e pelas vezes que n\u00e3o soubermos ir e ver e depois narrar sobre o que as pessoas t\u00eam a falar.<\/p>\n<p style=\"text-align: justify;\">Ela falou do \u201ccancelamento\u201d, pr\u00e1tica forjada, muitas vezes, por pessoas especialistas em disseminar not\u00edcias falsas e usam da arte de manipular multid\u00f5es a partir de suas cren\u00e7as para controlar opini\u00f5es nas redes sociais. Outro problema apontado por Osnilda \u00e9 o da \u201cinfodemia\u201d, o v\u00edrus da m\u00e1 informa\u00e7\u00e3o, o excesso de informa\u00e7\u00e3o sem qualidade que circula, por exemplo, agora no contexto da pandemia. Uma pesquisa da Organiza\u00e7\u00e3o Mundial da Sa\u00fade de 2020 apontou que quase 70% de not\u00edcias falsas sobre a pandemia circulou pelo Whatsapp. S\u00f3 em abril de 2020 foram carregados 361 milh\u00f5es de v\u00eddeos no Youtube referentes \u00e0 covid-19. \u201cComo n\u00f3s comunicadores da Igreja nos colocamos diante disto?\u201d, perguntou.<\/p>\n<p style=\"text-align: justify;\">Ao mesmo tempo que diminuiu o cr\u00e9dito dos ve\u00edculos tradicionais de comunica\u00e7\u00e3o aumentou o poder de comunica\u00e7\u00e3o das pessoas nas redes sociais. Contudo, um problema decorrente da\u00ed, segundo a jornalista, \u00e9 a \u201cconfiabilidade\u201d nas informa\u00e7\u00f5es. Ela apontou que \u00e9 necess\u00e1rio o cuidado para n\u00e3o disseminar not\u00edcias falsas e tamb\u00e9m n\u00e3o ferir a liberdade de comunica\u00e7\u00e3o com a justificativa de que pode-se comunicar qualquer coisa, mesmo sem embasamento real.\u00a0 \u00a0\u201cNossa miss\u00e3o \u00e9 reverberar as vozes silenciadas do povo\u201d, disse.<\/p>\n<p style=\"text-align: justify;\">Em contraposi\u00e7\u00e3o a este modelo de comunica\u00e7\u00e3o instrumental e funcionalista, Mois\u00e9s defendeu a necessidade de buscar uma comunica\u00e7\u00e3o baseada na sensibilidade e n\u00e3o na mera informa\u00e7\u00e3o, que n\u00e3o tem rosto, hist\u00f3ria e n\u00e3o est\u00e1 constru\u00edda baseada em rela\u00e7\u00f5es humanas. \u201cA ideia \u00e9 buscar uma comunica\u00e7\u00e3o que tenha um rosto, que tenha hist\u00f3rias humanas por tr\u00e1s, que a gente possa tocar nos sentimentos e experi\u00eancias em jogo\u201d, disse.<\/p>\n<blockquote><p>\u201cDo ponto de vista crist\u00e3o, nenhuma informa\u00e7\u00e3o deve ser imparcial, isenta e neutra\u201d, disse. N\u00f3s crist\u00e3os tomamos partido: Na d\u00favida fique ao lado das minorias perseguidas e da cria\u00e7\u00e3o, como apontou o Papa\u201d, disse. Para quem comunga da experi\u00eancia do seguimento a Jesus, temos o papel de ajudar a construir a esperan\u00e7a e o olhar pascal mesmo em cen\u00e1rios de maior desola\u00e7\u00e3o como estamos vivendo agora\u201d, concluiu Mois\u00e9s.<\/p><\/blockquote>\n<p style=\"text-align: justify;\"><strong>Lives CNBB \u2013 Igreja no Brasil Painel<\/strong><\/p>\n<p style=\"text-align: justify;\">O objetivo desta s\u00e9rie de lives, que se estender\u00e1 ao longo de 2021, \u00e9 conectar pessoas e experi\u00eancias \u00e0s ideias e processos que est\u00e3o sendo vivenciados na Igreja no mundo e na Igreja no Brasil, percebendo como estes temas do magist\u00e9rio da Igreja e do Santo Padre\u00a0 s\u00e3o encarnados na realidade brasileira. As lives acontecem sempre na primeira quinta-feira do m\u00eas, \u00e0s 17h, com um tema de aprofundamento ligado ao magist\u00e9rio da Igreja e do Papa Francisco. A pr\u00f3xima acontece dia 4 de mar\u00e7o e poder\u00e1 ser acompanhada por meio das redes sociais da CNBB.<\/p>\n<p style=\"text-align: justify;\">\n","protected":false},"excerpt":{"rendered":"<p>Partindo da reflex\u00e3o proposta pelo Papa Francisco na\u00a0mensagem para o 55\u00ba Dia Mundial das Comunica\u00e7\u00f5es Sociais, a Comiss\u00e3o Episcopal Pastoral para a Comunica\u00e7\u00e3o da Confer\u00eancia Nacional dos Bispos do Brasil (CNBB) realizou na quinta-feira, 4 de fevereiro, a primeira edi\u00e7\u00e3o das lives CNBB \u2013 Igreja no Brasil Painel de 2021 com o tema: \u201cGastar a [&hellip;]<\/p>\n","protected":false},"author":1,"featured_media":65840,"comment_status":"open","ping_status":"closed","sticky":false,"template":"","format":"standard","meta":{"footnotes":""},"categories":[7],"tags":[],"class_list":["post-65839","post","type-post","status-publish","format-standard","has-post-thumbnail","hentry","category-cnbb"],"_links":{"self":[{"href":"https:\/\/catolicanet.net\/wp-cnet\/wp-json\/wp\/v2\/posts\/65839","targetHints":{"allow":["GET"]}}],"collection":[{"href":"https:\/\/catolicanet.net\/wp-cnet\/wp-json\/wp\/v2\/posts"}],"about":[{"href":"https:\/\/catolicanet.net\/wp-cnet\/wp-json\/wp\/v2\/types\/post"}],"author":[{"embeddable":true,"href":"https:\/\/catolicanet.net\/wp-cnet\/wp-json\/wp\/v2\/users\/1"}],"replies":[{"embeddable":true,"href":"https:\/\/catolicanet.net\/wp-cnet\/wp-json\/wp\/v2\/comments?post=65839"}],"version-history":[{"count":1,"href":"https:\/\/catolicanet.net\/wp-cnet\/wp-json\/wp\/v2\/posts\/65839\/revisions"}],"predecessor-version":[{"id":65841,"href":"https:\/\/catolicanet.net\/wp-cnet\/wp-json\/wp\/v2\/posts\/65839\/revisions\/65841"}],"wp:featuredmedia":[{"embeddable":true,"href":"https:\/\/catolicanet.net\/wp-cnet\/wp-json\/wp\/v2\/media\/65840"}],"wp:attachment":[{"href":"https:\/\/catolicanet.net\/wp-cnet\/wp-json\/wp\/v2\/media?parent=65839"}],"wp:term":[{"taxonomy":"category","embeddable":true,"href":"https:\/\/catolicanet.net\/wp-cnet\/wp-json\/wp\/v2\/categories?post=65839"},{"taxonomy":"post_tag","embeddable":true,"href":"https:\/\/catolicanet.net\/wp-cnet\/wp-json\/wp\/v2\/tags?post=65839"}],"curies":[{"name":"wp","href":"https:\/\/api.w.org\/{rel}","templated":true}]}}