{"id":65813,"date":"2021-02-08T15:04:22","date_gmt":"2021-02-08T18:04:22","guid":{"rendered":"https:\/\/catolicanet.net\/wp-cnet\/?p=65813"},"modified":"2021-02-08T15:04:22","modified_gmt":"2021-02-08T18:04:22","slug":"lista-de-amigos","status":"publish","type":"post","link":"https:\/\/catolicanet.net\/wp-cnet\/lista-de-amigos\/","title":{"rendered":"LISTA DE AMIGOS"},"content":{"rendered":"<p style=\"text-align: justify;\"><strong>\u00a0\u00a0\u00a0\u00a0\u00a0\u00a0\u00a0\u00a0\u00a0\u00a0\u00a0 \u201c<\/strong>Para os respons\u00e1veis pelo envio de mensagens sob a denomina\u00e7\u00e3o Palavras de Esperan\u00e7a. Bom dia. Por favor, n\u00e3o me enviem mais mensagens. N\u00e3o sei quem me adicionou ao presente grupo \u2013 s\u00f3 sei que n\u00e3o quero mais mensagens. A desconsidera\u00e7\u00e3o do que disse e pedi ser\u00e1 tomada como um ato de intransig\u00eancia por conta do qual farei o que \u00e9 de direito fazer\u201d.<\/p>\n<p style=\"text-align: justify;\">\u00a0\u00a0\u00a0\u00a0\u00a0\u00a0\u00a0\u00a0\u00a0\u00a0\u00a0 \u201cBoa tarde. Agrade\u00e7o por todos esses anos da sua delicadeza de me enviar mensagens, por\u00e9m solicito a descontinuidade do envio. Um abra\u00e7o\u201d.<\/p>\n<p style=\"text-align: justify;\">\u00a0\u00a0\u00a0\u00a0\u00a0\u00a0\u00a0\u00a0\u00a0\u00a0\u00a0 As duas mensagens acima foram enviadas num mesmo dia, semana passada, logo ap\u00f3s a publica\u00e7\u00e3o do artigo Possess\u00e3o Coletiva, que abordava superficialmente a a\u00e7\u00e3o e consequente exist\u00eancia demon\u00edaca nos dias de hoje, em especial, nas circunst\u00e2ncias end\u00eamicas que estamos vivendo. Pura ou mera coincid\u00eancia? N\u00e3o posso responder. S\u00f3 sei que, em mais de quarenta anos escrevendo e refletindo com meus leitores, nunca antes tais solicita\u00e7\u00f5es me ocorreram. Ao contr\u00e1rio, dia a dia, mais e mais, o que me tem ocorrido \u00e9 o aumento dos seguidores desse meu despretensioso apostolado cibern\u00e9tico.<\/p>\n<p style=\"text-align: justify;\">\u00a0\u00a0\u00a0\u00a0\u00a0\u00a0\u00a0\u00a0\u00a0\u00a0\u00a0 Por que ent\u00e3o me preocupar com eles? N\u00e3o \u00e9 bem uma preocupa\u00e7\u00e3o, pois perco apenas dois leitores semanais. \u00c9 muito mais. Uma constata\u00e7\u00e3o \u00f3bvia e ululante de quanto a palavra incomoda, em especial quando aborda temas que aprofundam e agigantam nossa depend\u00eancia conectiva com assuntos de cunho espiritual. Para os que se abst\u00eam dessa preocupa\u00e7\u00e3o ou fogem dessa realidade humana, qualquer abordagem mais comprometedora provoca inc\u00f4modos e acentua nosso desconforto diante do assunto em pauta. Seria mesmo esse o motivo dos \u201cafastamentos\u201d acima?<\/p>\n<p style=\"text-align: justify;\">\u00a0\u00a0\u00a0\u00a0\u00a0\u00a0\u00a0\u00a0\u00a0\u00a0\u00a0 O autor do primeiro par\u00e1grafo se mostra mais agressivo, chegando mesmo \u00e0s vias de uma velada amea\u00e7a litigiosa, pois \u201ca desconsidera\u00e7\u00e3o do que disse e pedi ser\u00e1 tomada como um ato de intransig\u00eancia por conta do qual farei o que \u00e9 de direito fazer\u201d. N\u00e3o se preocupe, meu irm\u00e3o? Irm\u00e3o, amigo, companheiro&#8230; Nada disso. Qualquer nome que lhe atribua agora soar\u00e1 como velada ironia. Antecipo meu respeito \u00e0 sua liberdade, comunicando a ele e \u00e0 segunda pessoa a exclus\u00e3o de seus nomes da extensa lista de \u201camigos\u201d aos quais esta mensagem chega semanalmente. Mas n\u00e3o se preocupem, pois se bater saudades ou se a curiosidade apertar, as ferramentas do mundo computadorizado a\u00ed est\u00e3o e voc\u00eas poder\u00e3o me reencontrar por outros meios. Pelo menos isso n\u00e3o tem como nos distanciar.<\/p>\n<p style=\"text-align: justify;\">\u00a0\u00a0\u00a0\u00a0\u00a0\u00a0\u00a0\u00a0\u00a0\u00a0\u00a0 J\u00e1 a autora do segundo par\u00e1grafo pareceu-me mais delicada e gentil. Lembrou-se dos v\u00e1rios anos dessa minha teimosia em lhe enviar mensagens. Verdade! H\u00e1 pelo menos vinte anos n\u00e3o alterava a lista onde figurava seu nome. Vinte anos de conviv\u00eancia silenciosa, mas fraterna e s\u00f3 agora, quando abordo a realidade demon\u00edaca e relembro sua a\u00e7\u00e3o possessiva a escravizar o mundo \u00e9 que S G (iniciais de seu nome) se d\u00e1 ao trabalho de apresentar-se como uma das pessoas que a tecnologia nos une. Est\u00e1 fora da minha lista.<\/p>\n<p style=\"text-align: justify;\">\u00a0\u00a0\u00a0\u00a0\u00a0\u00a0\u00a0\u00a0\u00a0\u00a0\u00a0 Por\u00e9m n\u00e3o de minhas ora\u00e7\u00f5es. Como diz a can\u00e7\u00e3o bem conhecida da nossa m\u00fasica popular: \u201cFa\u00e7a uma lista dos velhos amigos\u201d. Desfiz uma, mas refa\u00e7o outra, pois mais do que nunca os dois velhos amigos ai de cima estar\u00e3o presente em minha lista de ora\u00e7\u00f5es e intercess\u00f5es celestiais, para que, estando onde estiverem, sendo quem quer que sejam, crente ou ateus, irm\u00e3os de f\u00e9 ou simples camaradas nessa jornada, Deus os livre sempre das ciladas do Inimigo que nos \u00e9 comum e nos isola hoje. Aos dois, obrigado por todos esses anos de silenciosa conviv\u00eancia fraterna.<\/p>\n","protected":false},"excerpt":{"rendered":"<p>\u00a0\u00a0\u00a0\u00a0\u00a0\u00a0\u00a0\u00a0\u00a0\u00a0\u00a0 \u201cPara os respons\u00e1veis pelo envio de mensagens sob a denomina\u00e7\u00e3o Palavras de Esperan\u00e7a. Bom dia. Por favor, n\u00e3o me enviem mais mensagens. N\u00e3o sei quem me adicionou ao presente grupo \u2013 s\u00f3 sei que n\u00e3o quero mais mensagens. A desconsidera\u00e7\u00e3o do que disse e pedi ser\u00e1 tomada como um ato de intransig\u00eancia por conta [&hellip;]<\/p>\n","protected":false},"author":17,"featured_media":55826,"comment_status":"open","ping_status":"closed","sticky":false,"template":"","format":"standard","meta":{"footnotes":""},"categories":[9],"tags":[],"class_list":["post-65813","post","type-post","status-publish","format-standard","has-post-thumbnail","hentry","category-artigos"],"_links":{"self":[{"href":"https:\/\/catolicanet.net\/wp-cnet\/wp-json\/wp\/v2\/posts\/65813","targetHints":{"allow":["GET"]}}],"collection":[{"href":"https:\/\/catolicanet.net\/wp-cnet\/wp-json\/wp\/v2\/posts"}],"about":[{"href":"https:\/\/catolicanet.net\/wp-cnet\/wp-json\/wp\/v2\/types\/post"}],"author":[{"embeddable":true,"href":"https:\/\/catolicanet.net\/wp-cnet\/wp-json\/wp\/v2\/users\/17"}],"replies":[{"embeddable":true,"href":"https:\/\/catolicanet.net\/wp-cnet\/wp-json\/wp\/v2\/comments?post=65813"}],"version-history":[{"count":1,"href":"https:\/\/catolicanet.net\/wp-cnet\/wp-json\/wp\/v2\/posts\/65813\/revisions"}],"predecessor-version":[{"id":65814,"href":"https:\/\/catolicanet.net\/wp-cnet\/wp-json\/wp\/v2\/posts\/65813\/revisions\/65814"}],"wp:featuredmedia":[{"embeddable":true,"href":"https:\/\/catolicanet.net\/wp-cnet\/wp-json\/wp\/v2\/media\/55826"}],"wp:attachment":[{"href":"https:\/\/catolicanet.net\/wp-cnet\/wp-json\/wp\/v2\/media?parent=65813"}],"wp:term":[{"taxonomy":"category","embeddable":true,"href":"https:\/\/catolicanet.net\/wp-cnet\/wp-json\/wp\/v2\/categories?post=65813"},{"taxonomy":"post_tag","embeddable":true,"href":"https:\/\/catolicanet.net\/wp-cnet\/wp-json\/wp\/v2\/tags?post=65813"}],"curies":[{"name":"wp","href":"https:\/\/api.w.org\/{rel}","templated":true}]}}