{"id":6579,"date":"2015-08-28T12:45:33","date_gmt":"2015-08-28T15:45:33","guid":{"rendered":"http:\/\/catolicanet.net\/wp-cnet\/acolhe-lo-no-coracao-d-gilberto-dos-reis\/"},"modified":"2017-04-11T15:50:24","modified_gmt":"2017-04-11T18:50:24","slug":"acolhe-lo-no-coracao-d-gilberto-dos-reis","status":"publish","type":"post","link":"https:\/\/catolicanet.net\/wp-cnet\/acolhe-lo-no-coracao-d-gilberto-dos-reis\/","title":{"rendered":"\u201cAcolh\u00ea-lo no cora\u00e7\u00e3o\u201d: D. Gilberto dos Reis"},"content":{"rendered":"<p style=\"text-align: justify;\"><img decoding=\"async\" src=\"http:\/\/catolicanet.com.br\/images\/stories\/geral\/rv9125_articolo.jpg\" border=\"0\" align=\"left\" \/>\u00c9 o pedido que D. Gilberto Canavarro dos Reis, agora Administrador apost\u00f3lico de Set\u00fabal, faz ao povo da sua diocese para que acolha no pr\u00f3ximo dia 25 de Outubro o seu novo bispo D. Jos\u00e9 Ornelas Carvalho, bispo eleito pelo papa Francisco para aquela diocese portuguesa.<\/p>\n<p>D. Gilberto Reis, que resigna por limite de idade, diz \u00e0 R\u00e1dio Vaticano que a sua diocese tem ajudado os crist\u00e3os a \u201cconhecer melhor a realidade da sua f\u00e9 \u201d e a \u201cdialogarem com a cultura\u201d , um esfor\u00e7o que tem passado tamb\u00e9m por organizar melhor \u201ca a\u00e7\u00e3o social e caritativa\u201d.<\/p>\n<p>Do ponto de vista social, o bispo em\u00e9rito de Set\u00fabal destaca a urg\u00eancia de \u201cresponder com profundidade e com\u00a0 verdade \u201d ao flagelo do desemprego e pede neste contexto aos lideres pol\u00edticos \u201cacordos de regime entre os v\u00e1rios partidos pol\u00edticos para tr\u00eas ou quatro legislaturas\u201d para resolver este problema.<\/p>\n<p>E a prop\u00f3sito da campanha eleitoral que est\u00e1 prestes a come\u00e7ar, aquele prelado diz que \u201c\u00e9 um bom momento dos partidos fazerem propostas que sejam simples, que sejam claras, que sejam verdadeiras\u201d para que se evite \u201ctoda a tenta\u00e7\u00e3o de camuflar as coisas, de enganar\u201d.<\/p>\n<p>Em entrevista ao jornalista Domingos Pinto, D. Gilberto Canavarro dos Reis come\u00e7a por sublinhar a forma como acolheu a decis\u00e3o do papa de nomear o seu sucessor.<\/p>\n<p style=\"text-align: justify;\">Fonte: R\u00e1dio Vaticano<\/p>\n","protected":false},"excerpt":{"rendered":"<p>\u00c9 o pedido que D. Gilberto Canavarro dos Reis, agora Administrador apost\u00f3lico de Set\u00fabal, faz ao povo da sua diocese para que acolha no pr\u00f3ximo dia 25 de Outubro o seu novo bispo D. Jos\u00e9 Ornelas Carvalho, bispo eleito pelo papa Francisco para aquela diocese portuguesa. D. Gilberto Reis, que resigna por limite de idade, [&hellip;]<\/p>\n","protected":false},"author":1,"featured_media":0,"comment_status":"closed","ping_status":"closed","sticky":false,"template":"","format":"standard","meta":{"footnotes":""},"categories":[3],"tags":[],"class_list":["post-6579","post","type-post","status-publish","format-standard","hentry","category-vaticano"],"_links":{"self":[{"href":"https:\/\/catolicanet.net\/wp-cnet\/wp-json\/wp\/v2\/posts\/6579","targetHints":{"allow":["GET"]}}],"collection":[{"href":"https:\/\/catolicanet.net\/wp-cnet\/wp-json\/wp\/v2\/posts"}],"about":[{"href":"https:\/\/catolicanet.net\/wp-cnet\/wp-json\/wp\/v2\/types\/post"}],"author":[{"embeddable":true,"href":"https:\/\/catolicanet.net\/wp-cnet\/wp-json\/wp\/v2\/users\/1"}],"replies":[{"embeddable":true,"href":"https:\/\/catolicanet.net\/wp-cnet\/wp-json\/wp\/v2\/comments?post=6579"}],"version-history":[{"count":1,"href":"https:\/\/catolicanet.net\/wp-cnet\/wp-json\/wp\/v2\/posts\/6579\/revisions"}],"predecessor-version":[{"id":11489,"href":"https:\/\/catolicanet.net\/wp-cnet\/wp-json\/wp\/v2\/posts\/6579\/revisions\/11489"}],"wp:attachment":[{"href":"https:\/\/catolicanet.net\/wp-cnet\/wp-json\/wp\/v2\/media?parent=6579"}],"wp:term":[{"taxonomy":"category","embeddable":true,"href":"https:\/\/catolicanet.net\/wp-cnet\/wp-json\/wp\/v2\/categories?post=6579"},{"taxonomy":"post_tag","embeddable":true,"href":"https:\/\/catolicanet.net\/wp-cnet\/wp-json\/wp\/v2\/tags?post=6579"}],"curies":[{"name":"wp","href":"https:\/\/api.w.org\/{rel}","templated":true}]}}