{"id":65786,"date":"2021-02-05T12:05:08","date_gmt":"2021-02-05T15:05:08","guid":{"rendered":"https:\/\/catolicanet.net\/wp-cnet\/?p=65786"},"modified":"2021-02-05T17:06:46","modified_gmt":"2021-02-05T20:06:46","slug":"dia-de-oracao-contra-o-trafico-de-pessoas-pandemia-aumentou-violencia-a-mulher","status":"publish","type":"post","link":"https:\/\/catolicanet.net\/wp-cnet\/dia-de-oracao-contra-o-trafico-de-pessoas-pandemia-aumentou-violencia-a-mulher\/","title":{"rendered":"Dia de ora\u00e7\u00e3o contra o tr\u00e1fico de pessoas. Pandemia aumentou viol\u00eancia \u00e0 mulher"},"content":{"rendered":"<div class=\"article__subTitle\" style=\"text-align: justify;\">O Dia de ora\u00e7\u00e3o contra o tr\u00e1fico de pessoas, celebrado em 8 de fevereiro, foi lan\u00e7ado em 2015. Esta celebra\u00e7\u00e3o pretende ser uma resposta ao apelo do Papa Francisco a combater o fen\u00f4meno do tr\u00e1fico de pessoas e a cuidar das v\u00edtimas. A escolha da data n\u00e3o foi casual: de fato, 8 de fevereiro \u00e9 a mem\u00f3ria lit\u00fargica de Santa Josefina Bakhita, uma escrava sudanesa, libertada e que se tornou religiosa canossiana, canonizada no ano 2000<\/div>\n<div class=\"title__separator\" style=\"text-align: justify;\"><\/div>\n<div class=\"article__text \">\n<p style=\"text-align: justify;\"><b>Vatican News<\/b><\/p>\n<div style=\"text-align: justify;\">\n<div class=\"article__embed article__embed--unwrap article__embed--dark\">\n<div class=\"article__innerTitle\">Ou\u00e7a e compartilhe<\/div>\n<div>\n<!--[if lt IE 9]><script>document.createElement('audio');<\/script><![endif]-->\n<audio class=\"wp-audio-shortcode\" id=\"audio-65786-1\" preload=\"none\" style=\"width: 100%;\" controls=\"controls\"><source type=\"audio\/mpeg\" src=\"https:\/\/media.vaticannews.va\/media\/audio\/s1\/2021\/02\/05\/11\/135908922_F135908922.mp3?_=1\" \/><a href=\"https:\/\/media.vaticannews.va\/media\/audio\/s1\/2021\/02\/05\/11\/135908922_F135908922.mp3\">https:\/\/media.vaticannews.va\/media\/audio\/s1\/2021\/02\/05\/11\/135908922_F135908922.mp3<\/a><\/audio>\n<\/div>\n<\/div>\n<\/div>\n<p style=\"text-align: justify;\">A pandemia da Covid-19 tornou as mulheres &#8220;cada vez mais vulner\u00e1veis e pass\u00edveis de sofrer chantagens e, portanto, v\u00edtimas de viol\u00eancia e abusos ainda maiores do que no passado&#8221;: o alarme \u00e9 dado pela Caritas Ambrosiana &#8211; \u00f3rg\u00e3o caritativo da Arquidiocese de Mil\u00e3o, norte da It\u00e1lia &#8211; em nota publicada em vista do Dia internacional de ora\u00e7\u00e3o e reflex\u00e3o contra o tr\u00e1fico de pessoas, que \u00e9 celebrado em 8 de fevereiro, na pr\u00f3xima segunda-feira.<\/p>\n<p style=\"text-align: justify;\">&#8220;Ao estado de escravid\u00e3o em que s\u00e3o mantidas \u2013 l\u00ea-se na declara\u00e7\u00e3o &#8211; foi acrescentado um n\u00edvel de mis\u00e9ria material sem precedentes.&#8221; Setenta por cento delas, de fato, tiveram que recorrer \u00e0 &#8220;ajuda alimentar, da qual n\u00e3o tinham necessidade antes&#8221;.<\/p>\n<h2 style=\"text-align: justify;\">E tempo de coronav\u00edrus, a prostitui\u00e7\u00e3o cada vez mais online<\/h2>\n<p style=\"text-align: justify;\">Al\u00e9m disso, como observa a respons\u00e1vel pelo setor da Caritas Ambrosiana de combate ao tr\u00e1fico e prostitui\u00e7\u00e3o, Irm\u00e3 Claudia Biondi, &#8220;o coronav\u00edrus deslocou o drama da prostitui\u00e7\u00e3o cada vez mais online&#8221;, tornando as v\u00edtimas &#8220;ainda mais invis\u00edveis, dif\u00edceis de abordar se n\u00e3o por clientes e exploradores, e portanto mais solit\u00e1rias&#8221;, &#8220;mais marginalizadas&#8221;.<\/p>\n<p style=\"text-align: justify;\">Quanto aos pa\u00edses de origem das v\u00edtimas deste tr\u00e1fico, a organiza\u00e7\u00e3o caritativa da Arquidiocese de Mil\u00e3o informa que em primeiro lugar est\u00e1 a Rom\u00eania, com 53% das presen\u00e7as, seguida pela Alb\u00e2nia e Nig\u00e9ria, respectivamente com 21% e 17%.<\/p>\n<p style=\"text-align: justify;\">Todavia, em particular para as mulheres africanas, isto n\u00e3o significa que elas estejam seguras, mas que, n\u00e3o tendo conseguido atravessar o Mediterr\u00e2neo, &#8220;permaneceram prisioneiras nos campos de deten\u00e7\u00e3o l\u00edbios e l\u00e1, para sobreviverem e esperar juntar dinheiro suficiente para continuar a viagem, se oferecem a seus pr\u00f3prios carcereiros&#8221;.<\/p>\n<h2 style=\"text-align: justify;\">Necessidade de um \u00edmpeto de consci\u00eancia<\/h2>\n<p style=\"text-align: justify;\">O mesmo acontece com as meninas no N\u00edger, obrigadas a &#8220;vender-se a homens envolvidos na extra\u00e7\u00e3o de ouro nas minas&#8221;. Efetivamente, a demanda de sexo a pagamento jamais diminuiu, a ponto de superar at\u00e9 mesmo o medo do cont\u00e1gio, ressalta ainda a Caritas Ambrosiana.<\/p>\n<p style=\"text-align: justify;\">&#8220;\u00c9 preciso um \u00edmpeto de consci\u00eancia da parte dos clientes \u2013 exorta o diretor do \u00f3rg\u00e3o caritativo, Luciano Gualzetti. N\u00e3o \u00e9 poss\u00edvel reduzir as mulheres a corpos sem alma, mas devemos aprender a olhar para o drama por tr\u00e1s de suas hist\u00f3rias.&#8221;<\/p>\n<p style=\"text-align: justify;\">Ao mesmo tempo, Gualzetti convida a oferecer a estas v\u00edtimas n\u00e3o somente um acolhimento, mas tamb\u00e9m &#8220;oportunidades reais de integra\u00e7\u00e3o no mercado de trabalho&#8221;, pois &#8220;a crise social que se abriu com a pandemia n\u00e3o pode ser um \u00e1libi para esquecer os \u00faltimos, mas pelo contr\u00e1rio, deve ser uma oportunidade para recome\u00e7ar a partir deles&#8221;.<\/p>\n<h2 style=\"text-align: justify;\">Celebra\u00e7\u00e3o pretende ser uma resposta ao apelo do Papa<\/h2>\n<p style=\"text-align: justify;\">Em prepara\u00e7\u00e3o para o Dia internacional de ora\u00e7\u00e3o e reflex\u00e3o contra o tr\u00e1fico de pessoas, s\u00e1bado, 6 de fevereiro, a Caritas Ambrosiana, em colabora\u00e7\u00e3o com outras organiza\u00e7\u00f5es incluindo o Centro PIME (Pontif\u00edcio Instituto das Miss\u00f5es Exteriores), promove\u00a0<a href=\"https:\/\/www.caritasambrosiana.it\/eventi\/convegni\/tratta-prostituzione-e-schiavitu-nuove-frontiere-e-nuove-sfide\" target=\"_blank\" rel=\"external nofollow noopener\">um webinar intitulado &#8220;Tr\u00e1fico, prostitui\u00e7\u00e3o e escravid\u00e3o. Novas fronteiras e novos desafios&#8221;<\/a>. Encontro transmitido ao vivo streaming.<\/p>\n<p style=\"text-align: justify;\">Por fim, recorda-se que este Dia de ora\u00e7\u00e3o contra o tr\u00e1fico de pessoas, celebrado em 8 de fevereiro, foi lan\u00e7ado em 2015 pelos ent\u00e3o Pontif\u00edcios Conselhos da Pastoral para os Migrantes e os Itinerantes e para a Justi\u00e7a e Paz e pelas Uni\u00f5es internacionais femininas e masculinas de superiores e superioras gerais.<\/p>\n<p style=\"text-align: justify;\">Esta celebra\u00e7\u00e3o pretende ser uma resposta ao apelo do Papa Francisco a combater o fen\u00f4meno do tr\u00e1fico de pessoas e a cuidar das v\u00edtimas. A escolha da data n\u00e3o foi casual: de fato, 8 de fevereiro \u00e9 a mem\u00f3ria lit\u00fargica de Santa Josefina Bakhita, uma escrava sudanesa, libertada e que se tornou religiosa canossiana, canonizada no ano 2000.<\/p>\n<p style=\"text-align: justify;\">Vatican News- IP\/RL<\/p>\n<\/div>\n","protected":false},"excerpt":{"rendered":"<p>O Dia de ora\u00e7\u00e3o contra o tr\u00e1fico de pessoas, celebrado em 8 de fevereiro, foi lan\u00e7ado em 2015. Esta celebra\u00e7\u00e3o pretende ser uma resposta ao apelo do Papa Francisco a combater o fen\u00f4meno do tr\u00e1fico de pessoas e a cuidar das v\u00edtimas. A escolha da data n\u00e3o foi casual: de fato, 8 de fevereiro \u00e9 [&hellip;]<\/p>\n","protected":false},"author":1,"featured_media":65787,"comment_status":"open","ping_status":"closed","sticky":false,"template":"","format":"standard","meta":{"footnotes":""},"categories":[3],"tags":[],"class_list":["post-65786","post","type-post","status-publish","format-standard","has-post-thumbnail","hentry","category-vaticano"],"_links":{"self":[{"href":"https:\/\/catolicanet.net\/wp-cnet\/wp-json\/wp\/v2\/posts\/65786","targetHints":{"allow":["GET"]}}],"collection":[{"href":"https:\/\/catolicanet.net\/wp-cnet\/wp-json\/wp\/v2\/posts"}],"about":[{"href":"https:\/\/catolicanet.net\/wp-cnet\/wp-json\/wp\/v2\/types\/post"}],"author":[{"embeddable":true,"href":"https:\/\/catolicanet.net\/wp-cnet\/wp-json\/wp\/v2\/users\/1"}],"replies":[{"embeddable":true,"href":"https:\/\/catolicanet.net\/wp-cnet\/wp-json\/wp\/v2\/comments?post=65786"}],"version-history":[{"count":1,"href":"https:\/\/catolicanet.net\/wp-cnet\/wp-json\/wp\/v2\/posts\/65786\/revisions"}],"predecessor-version":[{"id":65788,"href":"https:\/\/catolicanet.net\/wp-cnet\/wp-json\/wp\/v2\/posts\/65786\/revisions\/65788"}],"wp:featuredmedia":[{"embeddable":true,"href":"https:\/\/catolicanet.net\/wp-cnet\/wp-json\/wp\/v2\/media\/65787"}],"wp:attachment":[{"href":"https:\/\/catolicanet.net\/wp-cnet\/wp-json\/wp\/v2\/media?parent=65786"}],"wp:term":[{"taxonomy":"category","embeddable":true,"href":"https:\/\/catolicanet.net\/wp-cnet\/wp-json\/wp\/v2\/categories?post=65786"},{"taxonomy":"post_tag","embeddable":true,"href":"https:\/\/catolicanet.net\/wp-cnet\/wp-json\/wp\/v2\/tags?post=65786"}],"curies":[{"name":"wp","href":"https:\/\/api.w.org\/{rel}","templated":true}]}}