{"id":65737,"date":"2021-02-03T15:39:38","date_gmt":"2021-02-03T18:39:38","guid":{"rendered":"https:\/\/catolicanet.net\/wp-cnet\/?p=65737"},"modified":"2021-02-03T15:39:38","modified_gmt":"2021-02-03T18:39:38","slug":"dom-ottorino-se-despede-e-dom-helio-pereira-dos-santos-e-nomeado-bispo-de-serrinha","status":"publish","type":"post","link":"https:\/\/catolicanet.net\/wp-cnet\/dom-ottorino-se-despede-e-dom-helio-pereira-dos-santos-e-nomeado-bispo-de-serrinha\/","title":{"rendered":"DOM OTTORINO SE DESPEDE E DOM HELIO PEREIRA DOS SANTOS \u00c9 NOMEADO BISPO DE SERRINHA"},"content":{"rendered":"<p style=\"text-align: justify;\">Dom Helio Pereira dos Santos \u00e9 o novo bispo da diocese de Serrinha (BA). A Nunciatura Apost\u00f3lica no Brasil comunicou, nesta quarta-feira, 3 de fevereiro, a decis\u00e3o do Papa Francisco em acolher o pedido de ren\u00fancia apresentado por dom Ottorino Assolari, por motivo de idade, e nomear dom Helio Pereira dos Santos, atual bispo coadjutor, como novo bispo diocesano. A Presid\u00eancia da Confer\u00eancia Nacional dos Bispos do Brasil enviou agradecimento a dom Ottorino e sauda\u00e7\u00e3o a dom Helio.<\/p>\n<h3 style=\"text-align: justify;\">Novo bispo em\u00e9rito<\/h3>\n<p style=\"text-align: justify;\"><img loading=\"lazy\" decoding=\"async\" class=\"wp-image-258501 alignleft lazyloaded\" src=\"https:\/\/eadn-wc02-718006.nxedge.io\/cdn\/wp-content\/uploads\/2021\/02\/Destaque_2.jpg\" sizes=\"auto, (max-width: 337px) 100vw, 337px\" srcset=\"https:\/\/eadn-wc02-718006.nxedge.io\/cdn\/wp-content\/uploads\/2021\/02\/Destaque_2.jpg 1203w, https:\/\/eadn-wc02-718006.nxedge.io\/cdn\/wp-content\/uploads\/2021\/02\/Destaque_2-300x159.jpg 300w, https:\/\/eadn-wc02-718006.nxedge.io\/cdn\/wp-content\/uploads\/2021\/02\/Destaque_2-1024x542.jpg 1024w, https:\/\/eadn-wc02-718006.nxedge.io\/cdn\/wp-content\/uploads\/2021\/02\/Destaque_2-768x407.jpg 768w, https:\/\/eadn-wc02-718006.nxedge.io\/cdn\/wp-content\/uploads\/2021\/02\/Destaque_2-500x265.jpg 500w\" alt=\"\" width=\"337\" height=\"178\" data-ll-status=\"loaded\" \/>Dom Ottorino completou 75 anos no \u00faltimo s\u00e1bado, 30 de janeiro. Ele \u00e9 natural de Scanzorosciate, Bergamo, na It\u00e1lia. Religioso da Congrega\u00e7\u00e3o da Sagrada Fam\u00edlia de Bergamo, fez sua profiss\u00e3o religiosa em 2 de outubro de 1969. Foi ordenado presb\u00edtero em 8 de setembro de 1973. Veio para o Brasil em 1990, como delegado da Congrega\u00e7\u00e3o. Antes desse per\u00edodo, ainda na It\u00e1lia, atuou como vice-reitor, superior local, mestre dos novi\u00e7os, conselheiro geral, reitor de semin\u00e1rio menor e diretor de col\u00e9gio.<\/p>\n<p style=\"text-align: justify;\">Como delegado da Congrega\u00e7\u00e3o da Sagrada Fam\u00edlia para o Brasil, de 1990 a 1992 e de 1995 a 2003, iniciou a caminhada mission\u00e1ria no pa\u00eds. Dom Ottorino tamb\u00e9m foi encarregado para a forma\u00e7\u00e3o em Itapevi (SP) em 1994 e 1995; superior local e mestre dos novi\u00e7os em Peabiru, na diocese de Campo Mour\u00e3o (PR) de 2004 a 2005; e p\u00e1roco em Ivail\u00e2ndia (PR), de 2003 a 2005.<\/p>\n<p style=\"text-align: justify;\">Nos primeiros meses do pontificado do Papa Bento XVI, foi nomeado o primeiro bispo da diocese de Serrinha, erigida a partir do desmembramento da arquidiocese de Feira de Santana e da diocese de Paulo Afonso.<\/p>\n<p style=\"text-align: justify;\">A ordena\u00e7\u00e3o episcopal foi no dia 25 de novembro de 2005, em Campo Mour\u00e3o (PR). No m\u00eas seguinte, em 18 de dezembro, tomou posse na diocese. Seu lema episcopal \u00e9 \u201cChristi Crux in cordibus nostris\u201d (A cruz de Cristo em nossos cora\u00e7\u00f5es).<\/p>\n<h3 style=\"text-align: justify;\">Novo bispo de Serrinha<\/h3>\n<p style=\"text-align: justify;\">Nascido na cidade P\u00e3o de A\u00e7\u00facar (AL), em 18 de novembro de 1967, dom H\u00e9lio Pereira dos Santos foi nomeado pelo Papa Francisco bispo auxiliar da arquidiocese de Salvador (BA). A ordena\u00e7\u00e3o episcopal ocorreu no dia 22 de julho daquele ano. Seu lema \u00e9 \u201cIde e fazei meus disc\u00edpulos\u201d.<\/p>\n<p style=\"text-align: justify;\">Entre os anos de 1990 e 1992, dom Helio cursou Filosofia no Semin\u00e1rio Arquidiocesano de Macei\u00f3 (AL). Os estudos de Teologia foram entre 1993 e 1996, na Pontif\u00edcia Universidade Cat\u00f3lica do Rio de Janeiro (PUC-RJ).<\/p>\n<p style=\"text-align: justify;\">Dom H\u00e9lio \u00e9 p\u00f3s-graduado em Hist\u00f3ria pelo Centro de Estudos Superiores de Macei\u00f3 (CESMAC) e tamb\u00e9m em Ensino de L\u00edngua Inglesa pela Universidade C\u00e2ndido Mendes. Possui, ainda, Licenciatura em Letras pela Universidade Estadual de Alagoas (UNEAL).<\/p>\n<p style=\"text-align: justify;\">Ao longo do minist\u00e9rio presbiteral na diocese de Palmeira dos \u00cdndios (AL), dom H\u00e9lio atuou como reitor do Semin\u00e1rio S\u00e3o Jo\u00e3o Maria Vianney; capel\u00e3o; coordenador de Pastoral; professor; p\u00e1roco; chanceler da C\u00faria Diocesana de Palmeira dos \u00cdndios; vig\u00e1rio geral da diocese; e membro do Conselho Presbiteral e do Col\u00e9gio dos Consultores.<\/p>\n<p style=\"text-align: justify;\">Foi bispo auxiliar na arquidiocese de Salvador entre 6 de agosto de 2016 e dia 16 de outubro de 2020, quando foi transferido pelo Papa Francisco da sede titular de \u201cTiava\u201d e do of\u00edcio de bispo auxiliar para o of\u00edcio de bispo coadjutor da diocese de Serrinha, da qual se torna bispo titular.<\/p>\n<blockquote>\n<h2>Agradecimento a Dom Ottorino Assolari<\/h2>\n<\/blockquote>\n<p style=\"text-align: justify;\">Estimado irm\u00e3o,<\/p>\n<p style=\"text-align: justify;\">A Confer\u00eancia Nacional dos Bispos do Brasil (CNBB), por meio desta Presid\u00eancia, manifesta sua gratid\u00e3o a Deus pela sua vida e pelo seu minist\u00e9rio episcopal na Diocese de Serrinha, na Bahia. Neste momento em que o Santo Padre acolhe seu pedido de ren\u00fancia, agradecemos por seu sim \u00e0 miss\u00e3o ad gentes e pela doa\u00e7\u00e3o t\u00e3o prof\u00edcua no in\u00edcio da hist\u00f3ria dessa Igreja particular.<\/p>\n<p style=\"text-align: justify;\">Oferecemos nosso agradecimento citando um trecho da mensagem do Papa Francisco para o Dia Mundial das Miss\u00f5es deste ano, no qual ele recorda com gratid\u00e3o todas as pessoas cujo testemunho de vida \u201cnos ajuda a renovar o nosso compromisso batismal de sermos ap\u00f3stolos generosos e jubilosos do Evangelho\u201d. Escreveu o Papa: \u201cLembramos especialmente aqueles que foram capazes de partir, deixar terra e fam\u00edlia para que o Evangelho pudesse atingir sem demora e sem medo aqueles \u00e2ngulos de aldeias e cidades onde tantas vidas est\u00e3o sedentas de b\u00ean\u00e7\u00e3o\u201d.<\/p>\n<p style=\"text-align: justify;\">Maria, Nossa Senhora da Luz, seja companheira nessa nova etapa da miss\u00e3o, agora como Bispo Em\u00e9rito.<\/p>\n<p style=\"text-align: justify;\">Em Cristo,<\/p>\n<p style=\"text-align: justify;\"><strong>Dom Walmor Oliveira de Azevedo<\/strong><br \/>\nArcebispo de Belo Horizonte (MG)<br \/>\nPresidente da CNBB<\/p>\n<p style=\"text-align: justify;\"><strong>Dom Jaime Spengler<\/strong><br \/>\nArcebispo de Porto Alegre (RS)<br \/>\nPrimeiro Vice-Presidente da CNBB<\/p>\n<p style=\"text-align: justify;\"><strong>Dom M\u00e1rio Ant\u00f4nio da Silva<\/strong><br \/>\nBispo de Roraima (RR)<br \/>\nSegundo Vice-Presidente da CNBB<\/p>\n<p style=\"text-align: justify;\"><strong>Dom Joel Portella Amado<\/strong><br \/>\nBispo auxiliar da arquidiocese de S\u00e3o Sebasti\u00e3o do Rio de Janeiro (RJ)<br \/>\nSecret\u00e1rio-geral da CNBB<\/p>\n<p>&nbsp;<\/p>\n<blockquote>\n<h2>Sauda\u00e7\u00e3o a Dom Helio Pereira dos Santos<\/h2>\n<\/blockquote>\n<p style=\"text-align: justify;\">Estimado irm\u00e3o, Dom Helio Pereira dos Santos,<\/p>\n<p style=\"text-align: justify;\">A Confer\u00eancia Nacional dos Bispos do Brasil (CNBB) mais uma vez manifesta alegria pela sua nomea\u00e7\u00e3o para a Diocese de Serrinha, na Bahia, agora como Bispo Diocesano. Renovamos assim os votos para que seja sinal do Bom Pastor junto ao povo de Deus confiado ao seu cuidado, enriquecendo o que fora semeado por Dom Ottorino Assolari nos \u00faltimos 15 anos.<\/p>\n<p style=\"text-align: justify;\">Partilhamos uma reflex\u00e3o do Papa Francisco sobre \u201cO permanecer rec\u00edproco entre a videira e os ramos\u201d. Durante uma homilia matutina na Casa Santa Marta, o Santo Padre nos ensina que, nesse \u201cpermanecer rec\u00edproco\u201d, o testemunho \u00e9 a necessidade que Jesus tem de n\u00f3s, para fazer a f\u00e9 e o Evangelho crescerem.<\/p>\n<p style=\"text-align: justify;\">\u201cEste \u00e9 um modo misterioso: Jesus glorificado no c\u00e9u, depois de ter passado pela Paix\u00e3o, precisa do nosso testemunho para fazer crescer, para anunciar, para que a Igreja cres\u00e7a. E este \u00e9 o mist\u00e9rio rec\u00edproco do \u201cpermanecer\u201d. Ele, o Pai e o Esp\u00edrito permanecem em n\u00f3s, e n\u00f3s permanecemos em Jesus\u201d, no ensina Francisco.<\/p>\n<p style=\"text-align: justify;\">Nossa Senhora Aparecida seja companheira em sua caminhada, nesse percurso t\u00e3o desafiador de nosso tempo em que tanto precisamos ser sinal de esperan\u00e7a e de solidariedade.<\/p>\n<p style=\"text-align: justify;\"><em>Em Cristo,\u00a0<\/em><\/p>\n<p style=\"text-align: justify;\"><strong>Dom Walmor Oliveira de Azevedo<\/strong><br \/>\n<strong>Arcebispo de Belo Horizonte (MG)<\/strong><br \/>\nPresidente da CNBB<\/p>\n<p style=\"text-align: justify;\"><strong>Dom Jaime Spengler<\/strong><br \/>\n<strong>Arcebispo de Porto Alegre (RS)<\/strong><br \/>\nPrimeiro Vice-Presidente da CNBB<\/p>\n<p style=\"text-align: justify;\"><strong>Dom M\u00e1rio Ant\u00f4nio da Silva<\/strong><br \/>\n<strong>Bispo de Roraima (RR)<\/strong><br \/>\nSegundo Vice-Presidente da CNBB<\/p>\n<p style=\"text-align: justify;\"><strong>Dom Joel Portella Amado<\/strong><br \/>\n<strong>Bispo auxiliar da arquidiocese de S\u00e3o Sebasti\u00e3o do Rio de Janeiro (RJ)<\/strong><br \/>\nSecret\u00e1rio-geral da CNBB<\/p>\n","protected":false},"excerpt":{"rendered":"<p>Dom Helio Pereira dos Santos \u00e9 o novo bispo da diocese de Serrinha (BA). A Nunciatura Apost\u00f3lica no Brasil comunicou, nesta quarta-feira, 3 de fevereiro, a decis\u00e3o do Papa Francisco em acolher o pedido de ren\u00fancia apresentado por dom Ottorino Assolari, por motivo de idade, e nomear dom Helio Pereira dos Santos, atual bispo coadjutor, [&hellip;]<\/p>\n","protected":false},"author":1,"featured_media":65738,"comment_status":"open","ping_status":"closed","sticky":false,"template":"","format":"standard","meta":{"footnotes":""},"categories":[7],"tags":[],"class_list":["post-65737","post","type-post","status-publish","format-standard","has-post-thumbnail","hentry","category-cnbb"],"_links":{"self":[{"href":"https:\/\/catolicanet.net\/wp-cnet\/wp-json\/wp\/v2\/posts\/65737","targetHints":{"allow":["GET"]}}],"collection":[{"href":"https:\/\/catolicanet.net\/wp-cnet\/wp-json\/wp\/v2\/posts"}],"about":[{"href":"https:\/\/catolicanet.net\/wp-cnet\/wp-json\/wp\/v2\/types\/post"}],"author":[{"embeddable":true,"href":"https:\/\/catolicanet.net\/wp-cnet\/wp-json\/wp\/v2\/users\/1"}],"replies":[{"embeddable":true,"href":"https:\/\/catolicanet.net\/wp-cnet\/wp-json\/wp\/v2\/comments?post=65737"}],"version-history":[{"count":1,"href":"https:\/\/catolicanet.net\/wp-cnet\/wp-json\/wp\/v2\/posts\/65737\/revisions"}],"predecessor-version":[{"id":65739,"href":"https:\/\/catolicanet.net\/wp-cnet\/wp-json\/wp\/v2\/posts\/65737\/revisions\/65739"}],"wp:featuredmedia":[{"embeddable":true,"href":"https:\/\/catolicanet.net\/wp-cnet\/wp-json\/wp\/v2\/media\/65738"}],"wp:attachment":[{"href":"https:\/\/catolicanet.net\/wp-cnet\/wp-json\/wp\/v2\/media?parent=65737"}],"wp:term":[{"taxonomy":"category","embeddable":true,"href":"https:\/\/catolicanet.net\/wp-cnet\/wp-json\/wp\/v2\/categories?post=65737"},{"taxonomy":"post_tag","embeddable":true,"href":"https:\/\/catolicanet.net\/wp-cnet\/wp-json\/wp\/v2\/tags?post=65737"}],"curies":[{"name":"wp","href":"https:\/\/api.w.org\/{rel}","templated":true}]}}