{"id":65725,"date":"2021-02-03T15:31:18","date_gmt":"2021-02-03T18:31:18","guid":{"rendered":"https:\/\/catolicanet.net\/wp-cnet\/?p=65725"},"modified":"2021-02-03T15:31:18","modified_gmt":"2021-02-03T18:31:18","slug":"nos-passos-de-sao-francisco-para-construir-o-caminho-da-fraternidade","status":"publish","type":"post","link":"https:\/\/catolicanet.net\/wp-cnet\/nos-passos-de-sao-francisco-para-construir-o-caminho-da-fraternidade\/","title":{"rendered":"Nos passos de S\u00e3o Francisco para construir o caminho da fraternidade"},"content":{"rendered":"<figure class=\"article__image\" style=\"text-align: justify;\"><span class=\"didascalia_img\">O encontro de S\u00e3o Francisco com o sult\u00e3o. Do ciclo de afrescos &#8220;Hist\u00f3rias de S\u00e3o Francisco&#8221; da Bas\u00edlica Superior de Assis, atribuido a Giotto\u00a0<\/span><\/figure>\n<div class=\"article__meta\">\n<div class=\"article__subTitle\" style=\"text-align: justify;\">Na v\u00e9spera do segundo anivers\u00e1rio da assinatura do Documento sobre a Fraternidade Humana, em 4 de fevereiro de 2019, retomamos os passos dados pelo Papa seguindo o caminho tra\u00e7ado por S\u00e3o Francisco. Em seus ensinamentos, as fontes de inspira\u00e7\u00e3o para &#8220;Laudato si'&#8221;, o documento de Abu Dhabi e a enc\u00edclica &#8220;Fratelli tutti&#8221;<\/div>\n<div class=\"title__separator\" style=\"text-align: justify;\"><\/div>\n<div class=\"article__text \">\n<p style=\"text-align: justify;\"><b>Amedeo Lomonaco \u2013 Vatican News<\/b><\/p>\n<p style=\"text-align: justify;\">Muitos dos passos e gestos do Papa Francisco s\u00e3o parte de uma trajet\u00f3ria que come\u00e7a em Assis e \u00e9 claramente discern\u00edvel desde os primeiros dias de seu pontificado. Na Santa Missa no in\u00edcio de seu minist\u00e9rio petrino, em 19 de mar\u00e7o de 2013, o Pont\u00edfice j\u00e1 indicava a dire\u00e7\u00e3o que acompanharia o seu magist\u00e9rio. Naquela homilia o Santo Padre disse: &#8220;A voca\u00e7\u00e3o de salvaguarda n\u00e3o diz respeito somente a n\u00f3s crist\u00e3os, ela tem uma dimens\u00e3o que precede e \u00e9 simplesmente humana, ela diz respeito a todos. \u00c9 a cust\u00f3dia de toda a cria\u00e7\u00e3o, a beleza da cria\u00e7\u00e3o, como nos \u00e9 dito no Livro do G\u00eanesis e como S\u00e3o Francisco nos mostrou: \u00e9 ter respeito por toda criatura de Deus e pelo ambiente em que vivemos&#8221;.<\/p>\n<p style=\"text-align: justify;\">Em 4 de outubro de 2013, no dia da festa de S\u00e3o Francisco, o Papa estava em Assis. &#8220;Desta Cidade da Paz&#8221;, disse em sua homilia durante a Missa, &#8220;repito com a for\u00e7a e a mansid\u00e3o do amor: respeitemos a cria\u00e7\u00e3o, n\u00e3o sejamos instrumentos de destrui\u00e7\u00e3o! &#8220;Ou\u00e7amos o grito dos que choram, sofrem e morrem por causa da viol\u00eancia, do terrorismo ou da guerra, na Terra Santa, t\u00e3o amada por S\u00e3o Francisco, na S\u00edria, em todo o Oriente M\u00e9dio, em todo o mundo&#8221;.<\/p>\n<h2 style=\"text-align: justify;\"><b>Laudato si\u2019<\/b><\/h2>\n<p style=\"text-align: justify;\">A cust\u00f3dia da cria\u00e7\u00e3o \u00e9 o tema central da enc\u00edclica\u00a0<i>Laudato si&#8217;<\/i>\u00a0que, com um t\u00edtulo extra\u00eddo do C\u00e2ntico das Criaturas, prop\u00f5e a trama de uma ecologia integral para um novo paradigma de justi\u00e7a. V\u00e1rias passagens deste documento, publicado em 24 de maio de 2015, s\u00e3o dedicadas a S\u00e3o Francisco. &#8220;Tomei seu nome&#8221;, escreve o Papa, &#8220;como meu guia e inspira\u00e7\u00e3o no momento de minha elei\u00e7\u00e3o como Bispo de Roma&#8221;. Creio que Francisco seja o exemplo por excel\u00eancia do cuidado com o que \u00e9 fraco e de uma ecologia integral, vivida com alegria e autenticidade&#8221;.<\/p>\n<p style=\"text-align: justify;\">O Pont\u00edfice destaca tamb\u00e9m na enc\u00edclica a conex\u00e3o entre os seres humanos e o mundo. &#8220;N\u00e3o \u00e9 por acaso que, no c\u00e2ntico em que louva a Deus pelas criaturas, S\u00e3o Francisco acrescente: &#8216;Laudato si&#8217;, mi&#8217; Senhor, por aqueles que perdoam por causa de teu amor&#8221;. Tudo est\u00e1 interligado. Por isso, exige-se uma preocupa\u00e7\u00e3o pelo meio ambiente, unida ao amor sincero pelos seres humanos e a um compromisso constante com os problemas da sociedade\u201d. A exorta\u00e7\u00e3o \u00e9 para ouvir o grito da terra e dos pobres.<\/p>\n<h2 style=\"text-align: justify;\"><b>Documento de Abu Dhabi<\/b><\/h2>\n<p style=\"text-align: justify;\">&#8220;Bem-aventurados os pacificadores, pois eles ser\u00e3o chamados filhos de Deus. Verdadeiramente os pac\u00edficos s\u00e3o aqueles que, apesar de tudo o que sofrem neste mundo, em nome de nosso Senhor Jesus Cristo, mant\u00eam a paz da mente e do corpo&#8221;. Este texto da d\u00e9cima quinta das vinte e uma &#8220;Admoesta\u00e7\u00f5es&#8221; atribu\u00eddas a S\u00e3o Francisco de Assis tem os mesmos horizontes voltados para a reconcilia\u00e7\u00e3o indicados no Documento sobre a Fraternidade Humana. Assinado em 4 de fevereiro de 2019 pelo Papa Francisco e o Gr\u00e3o Imame de Al-Azhar em Abu Dhabi, o texto cont\u00e9m um forte convite a se redescobrirem como irm\u00e3os, a fim de promover juntos a justi\u00e7a e a paz, garantindo os direitos humanos e a liberdade religiosa. \u201cA f\u00e9&#8221;, l\u00ea-se no pref\u00e1cio, &#8220;leva o crente a ver no outro um irm\u00e3o a ser apoiado e amado&#8221;.<\/p>\n<h2 style=\"text-align: justify;\"><b>Papa Francisco assina a enc\u00edclica Fratelli tutti<\/b><\/h2>\n<p style=\"text-align: justify;\">&#8220;Fratelli tutti escrevia S\u00e3o Francisco de Assis para se dirigir \u2013 recorda o Papa em sua \u00faltima enc\u00edclica &#8211; a todos os irm\u00e3os e irm\u00e3s e propor-lhes uma forma de vida com o sabor do Evangelho&#8221;. O santo, acrescenta o Pont\u00edfice, &#8220;convida a um amor que vai al\u00e9m das barreiras da geografia e do espa\u00e7o&#8221; e declara aben\u00e7oado &#8220;aquele que ama o outro quando est\u00e1 longe dele, como se estivesse ao seu lado&#8221;. Com estas poucas e simples palavras &#8211; enfatiza o Papa &#8211; S\u00e3o Francisco explicou &#8220;o essencial de uma fraternidade aberta, que nos permite reconhecer, apreciar e amar cada pessoa al\u00e9m da proximidade f\u00edsica, al\u00e9m do lugar do mundo onde nasceu ou onde vive&#8221;.<\/p>\n<h2 style=\"text-align: justify;\"><b>\u201cFratres omnes\u201d, n\u00e3o todos contra todos<\/b><\/h2>\n<p style=\"text-align: justify;\">Todos s\u00e3o chamados a percorrer o caminho da fraternidade. Neste tempo dilacerado pela crise, n\u00e3o apenas na sa\u00fade, a humanidade deve se abrir para o mundo, para o irm\u00e3o de cada terra.\u00a0 &#8220;Se n\u00e3o conseguirmos recuperar a paix\u00e3o compartilhada por uma comunidade de perten\u00e7a e solidariedade, \u00e0 qual saibamos destinar tempo, esfor\u00e7o e bens, desabar\u00e1 ruinosamente a ilus\u00e3o global que nos engana\u201d, escreve o Papa Francisco na enc\u00edclica<i>\u00a0Fratelli tutti\u00a0<\/i>\u201cdeixar\u00e1 muitos \u00e0 merc\u00ea da n\u00e1usea e do vazio. Al\u00e9m disso, n\u00e3o se deveria ignorar, ingenuamente, que \u2018a obsess\u00e3o por um estilo de vida consumista, sobretudo quando poucos t\u00eam possibilidades de o manter, s\u00f3 poder\u00e1 provocar viol\u00eancia e destrui\u00e7\u00e3o rec\u00edproca\u2019. O princ\u00edpio \u2018salve-se quem puder\u2019 traduzir-se-\u00e1 rapidamente no lema \u2018todos contra todos\u2019, e isso ser\u00e1 pior que uma pandemia\u201d. No decorrer da hist\u00f3ria e nos \u00faltimos anos, muitas iniciativas nasceram no caminho da fraternidade tra\u00e7ado por S\u00e3o Francisco e indicado pelo Papa. Este \u00e9 o caminho a seguir a fim de sair melhor da crise.<\/p>\n<\/div>\n<\/div>\n","protected":false},"excerpt":{"rendered":"<p>O encontro de S\u00e3o Francisco com o sult\u00e3o. Do ciclo de afrescos &#8220;Hist\u00f3rias de S\u00e3o Francisco&#8221; da Bas\u00edlica Superior de Assis, atribuido a Giotto\u00a0 Na v\u00e9spera do segundo anivers\u00e1rio da assinatura do Documento sobre a Fraternidade Humana, em 4 de fevereiro de 2019, retomamos os passos dados pelo Papa seguindo o caminho tra\u00e7ado por S\u00e3o [&hellip;]<\/p>\n","protected":false},"author":1,"featured_media":65726,"comment_status":"open","ping_status":"closed","sticky":false,"template":"","format":"standard","meta":{"footnotes":""},"categories":[3],"tags":[],"class_list":["post-65725","post","type-post","status-publish","format-standard","has-post-thumbnail","hentry","category-vaticano"],"_links":{"self":[{"href":"https:\/\/catolicanet.net\/wp-cnet\/wp-json\/wp\/v2\/posts\/65725","targetHints":{"allow":["GET"]}}],"collection":[{"href":"https:\/\/catolicanet.net\/wp-cnet\/wp-json\/wp\/v2\/posts"}],"about":[{"href":"https:\/\/catolicanet.net\/wp-cnet\/wp-json\/wp\/v2\/types\/post"}],"author":[{"embeddable":true,"href":"https:\/\/catolicanet.net\/wp-cnet\/wp-json\/wp\/v2\/users\/1"}],"replies":[{"embeddable":true,"href":"https:\/\/catolicanet.net\/wp-cnet\/wp-json\/wp\/v2\/comments?post=65725"}],"version-history":[{"count":1,"href":"https:\/\/catolicanet.net\/wp-cnet\/wp-json\/wp\/v2\/posts\/65725\/revisions"}],"predecessor-version":[{"id":65727,"href":"https:\/\/catolicanet.net\/wp-cnet\/wp-json\/wp\/v2\/posts\/65725\/revisions\/65727"}],"wp:featuredmedia":[{"embeddable":true,"href":"https:\/\/catolicanet.net\/wp-cnet\/wp-json\/wp\/v2\/media\/65726"}],"wp:attachment":[{"href":"https:\/\/catolicanet.net\/wp-cnet\/wp-json\/wp\/v2\/media?parent=65725"}],"wp:term":[{"taxonomy":"category","embeddable":true,"href":"https:\/\/catolicanet.net\/wp-cnet\/wp-json\/wp\/v2\/categories?post=65725"},{"taxonomy":"post_tag","embeddable":true,"href":"https:\/\/catolicanet.net\/wp-cnet\/wp-json\/wp\/v2\/tags?post=65725"}],"curies":[{"name":"wp","href":"https:\/\/api.w.org\/{rel}","templated":true}]}}