{"id":65644,"date":"2021-01-31T11:11:33","date_gmt":"2021-01-31T14:11:33","guid":{"rendered":"https:\/\/catolicanet.net\/wp-cnet\/?p=65644"},"modified":"2021-02-01T11:12:48","modified_gmt":"2021-02-01T14:12:48","slug":"ele-e-a-palavra-de-deus","status":"publish","type":"post","link":"https:\/\/catolicanet.net\/wp-cnet\/ele-e-a-palavra-de-deus\/","title":{"rendered":"Ele \u00e9 a Palavra de Deus"},"content":{"rendered":"<p style=\"text-align: justify;\">Estamos no \u00faltimo domingo do m\u00eas de janeiro, onde j\u00e1 podemos dar gra\u00e7as a Deus pelos tantos benef\u00edcios recebidos no in\u00edcio deste ano, dar gra\u00e7as a Deus pela oportunidade de renovar a f\u00e9 com a celebra\u00e7\u00e3o da festa de S\u00e3o Sebasti\u00e3o e de renovar nossas esperan\u00e7as por meio das campanhas de vacina\u00e7\u00e3o contra a COVID-19 que j\u00e1 se iniciaram em nossa cidade. Deus \u00e9 muito bom para conosco e n\u00e3o podemos deixar de reconhecer e dar gra\u00e7as por tantos benef\u00edcios recebidos e por aqueles que est\u00e3o por vir.<\/p>\n<p style=\"text-align: justify;\">Devemos tamb\u00e9m dobrar nossos joelhos para seguir clamando ao Senhor por tantas necessidades em nossas vidas e por todas aquelas que s\u00e3o percebidas tamb\u00e9m ao nosso redor, nas vidas das pessoas que amamos e na vida da nossa cidade. N\u00e3o podemos deixar de ser tamb\u00e9m instrumentos do bem por meio da nossa intercess\u00e3o.<\/p>\n<p style=\"text-align: justify;\">Neste 4\u00ba domingo do Tempo Comum, a Palavra de Deus vai nos apresentar um convite a que estejamos continuamente atentos ao Senhor que nos fala, que dialoga conosco, que se digna entrar em contato com o ser humano, mera criatura.<\/p>\n<p style=\"text-align: justify;\">No Evangelho (Mc 1,21-28), S\u00e3o Marcos nos relata que Jesus adentra a sinagoga de Cafarnaum e ensina em dia de s\u00e1bado. O Evangelista faz quest\u00e3o em ressaltar a rea\u00e7\u00e3o das pessoas que ali se encontram: todos estavam admirados com a autoridade com que Jesus falava. A fala de Jesus chama a aten\u00e7\u00e3o porque as palavras dele s\u00e3o verdade, nele esta palavra proclamada se faz vida e ele \u00e9 a Palavra de Deus.<\/p>\n<p style=\"text-align: justify;\">Logo ap\u00f3s, o Evangelho nos relata a chegada de um homem possu\u00eddo pelo dem\u00f4nio, que chega aos berros na sinagoga: a autoridade e o poder de Deus se mostram na maneira como Jesus ordena que o dem\u00f4nio se cale e que saia do corpo dele. Jesus realiza este milagre por meio da for\u00e7a da sua Palavra. Somos chamados a testemunhar a for\u00e7a da Palavra que cura e renova a vida.<\/p>\n<p style=\"text-align: justify;\">Al\u00e9m de contemplar a for\u00e7a da Palavra de Deus atuando, mais uma vez o Evangelho nos convida a contemplar Jesus que passa pelo mundo fazendo o bem. Onde Jesus se encontra, \u00e9 feito o estabelecimento do bem. Ele \u00e9 A Bondade que veio morar no meio de n\u00f3s, e uma das marcas da presen\u00e7a de Jesus nos lugares e nos cora\u00e7\u00f5es \u00e9 o tornar-se instrumento do bem.<\/p>\n<p style=\"text-align: justify;\">A for\u00e7a de Jesus que chama a aten\u00e7\u00e3o de todos na sinagoga \u00e9 anunciada j\u00e1 na primeira leitura, onde no livro do Deuteron\u00f4mio (Dt 18,15-20), Mois\u00e9s dirige ao povo a Palavra de Deus, anunciando que no futuro o Senhor enviaria um profeta e que a este devem ouvir. O profeta \u00e9 aquele que fala em nome de Deus, \u00e9 aquele que interpreta e orienta a realidade concreta a partir da Palavra e da Vontade do Senhor.<\/p>\n<p style=\"text-align: justify;\">O salmo de resposta (Sl 94), resposta orante ao que foi proclamado na primeira leitura, traz um convite \u00e0 adora\u00e7\u00e3o e um convite, quase que uma convoca\u00e7\u00e3o, a que todo o povo esteja atento a ouvir a voz de Deus, n\u00e3o fechando o cora\u00e7\u00e3o ao que o Senhor tem a nos dizer.<\/p>\n<p style=\"text-align: justify;\">\u00c9 neste mesmo seguimento que na segunda leitura (1Cor 7,32-35) o Senhor, atrav\u00e9s do uso da imagem das dedica\u00e7\u00f5es dos solteiros e dos esposos e esposas, nos convida a ouvir sua voz. Todas as pessoas, nas mais diversas condi\u00e7\u00f5es em que se encontrem, s\u00e3o chamadas a ouvir a voz de Deus acima de todas as coisas.<\/p>\n<p style=\"text-align: justify;\">O Senhor fala conosco constantemente. Vale ent\u00e3o a pena nos perguntarmos se estamos atentos aos apelos que o Senhor nos dirige. Numa \u00e9poca em que se refugia com muita facilidade o ru\u00eddo e na dispers\u00e3o, ou\u00e7amos o Senhor que nos fala; admiremo-nos com a bondade e a autoridade do que nos tem a dizer. Deus nos fala pelas circunst\u00e2ncias, Deus nos fala pelas coisas simples. Recordamos as palavras do Papa Francisco em uma de suas homilias matinais na Casa Santa Marta: &#8220;<em>Devemos perguntarmo-nos: Paro eu para ouvir a Palavra de Deus? Pego a B\u00edblia, me fala? O meu cora\u00e7\u00e3o endureceu-se? Eu afastei-me do Senhor? Perdi a fidelidade ao Senhor e vivo com os \u00eddolos que a mundaneidade me prop\u00f5e todos os dias? Perdi a alegria da maravilha do primeiro encontro com Jesus?&#8221; &#8220;Pe\u00e7amos a gra\u00e7a de &#8216;escutar a voz do Senhor&#8217; e n\u00e3o &#8216;endurecer o cora\u00e7\u00e3o'&#8221;. <\/em><\/p>\n","protected":false},"excerpt":{"rendered":"<p>Estamos no \u00faltimo domingo do m\u00eas de janeiro, onde j\u00e1 podemos dar gra\u00e7as a Deus pelos tantos benef\u00edcios recebidos no in\u00edcio deste ano, dar gra\u00e7as a Deus pela oportunidade de renovar a f\u00e9 com a celebra\u00e7\u00e3o da festa de S\u00e3o Sebasti\u00e3o e de renovar nossas esperan\u00e7as por meio das campanhas de vacina\u00e7\u00e3o contra a COVID-19 [&hellip;]<\/p>\n","protected":false},"author":5,"featured_media":55819,"comment_status":"open","ping_status":"closed","sticky":false,"template":"","format":"standard","meta":{"footnotes":""},"categories":[9],"tags":[],"class_list":["post-65644","post","type-post","status-publish","format-standard","has-post-thumbnail","hentry","category-artigos"],"_links":{"self":[{"href":"https:\/\/catolicanet.net\/wp-cnet\/wp-json\/wp\/v2\/posts\/65644","targetHints":{"allow":["GET"]}}],"collection":[{"href":"https:\/\/catolicanet.net\/wp-cnet\/wp-json\/wp\/v2\/posts"}],"about":[{"href":"https:\/\/catolicanet.net\/wp-cnet\/wp-json\/wp\/v2\/types\/post"}],"author":[{"embeddable":true,"href":"https:\/\/catolicanet.net\/wp-cnet\/wp-json\/wp\/v2\/users\/5"}],"replies":[{"embeddable":true,"href":"https:\/\/catolicanet.net\/wp-cnet\/wp-json\/wp\/v2\/comments?post=65644"}],"version-history":[{"count":1,"href":"https:\/\/catolicanet.net\/wp-cnet\/wp-json\/wp\/v2\/posts\/65644\/revisions"}],"predecessor-version":[{"id":65645,"href":"https:\/\/catolicanet.net\/wp-cnet\/wp-json\/wp\/v2\/posts\/65644\/revisions\/65645"}],"wp:featuredmedia":[{"embeddable":true,"href":"https:\/\/catolicanet.net\/wp-cnet\/wp-json\/wp\/v2\/media\/55819"}],"wp:attachment":[{"href":"https:\/\/catolicanet.net\/wp-cnet\/wp-json\/wp\/v2\/media?parent=65644"}],"wp:term":[{"taxonomy":"category","embeddable":true,"href":"https:\/\/catolicanet.net\/wp-cnet\/wp-json\/wp\/v2\/categories?post=65644"},{"taxonomy":"post_tag","embeddable":true,"href":"https:\/\/catolicanet.net\/wp-cnet\/wp-json\/wp\/v2\/tags?post=65644"}],"curies":[{"name":"wp","href":"https:\/\/api.w.org\/{rel}","templated":true}]}}