{"id":65642,"date":"2021-01-29T11:09:49","date_gmt":"2021-01-29T14:09:49","guid":{"rendered":"https:\/\/catolicanet.net\/wp-cnet\/?p=65642"},"modified":"2021-02-01T11:11:11","modified_gmt":"2021-02-01T14:11:11","slug":"palavras-admiraveis","status":"publish","type":"post","link":"https:\/\/catolicanet.net\/wp-cnet\/palavras-admiraveis\/","title":{"rendered":"Palavras admir\u00e1veis"},"content":{"rendered":"<p style=\"text-align: justify;\">Palavras, palavras, palavras &#8230;. N\u00e3o \u00e9 f\u00e1cil, talvez nem poss\u00edvel, distanciar-se da avalanche de palavras que recaem cotidianamente sobre n\u00f3s. Todos fazemos uso delas e de forma abundante. Existem as palavras sinceras, verdadeiras e potentes dotadas de dinamismo transformador. Outras sinceras, mas superficiais; outras tamb\u00e9m maldosas, sem consist\u00eancia de verdade que s\u00e3o produtos de cora\u00e7\u00f5es mal-intencionados.<\/p>\n<p style=\"text-align: justify;\">Os textos b\u00edblicos do domingo (Dt 18,15-20; Sl 94\/95; 1 Cor 7,32-35 e Mc 1,21-28) sublinham que os ensinamentos de Jesus provocam admira\u00e7\u00e3o, pois ensinava com autoridade. Tamb\u00e9m convidam a escutar a voz de Deus e n\u00e3o fechar o cora\u00e7\u00e3o. Destacando que \u00e9 mais importante escutar com o cora\u00e7\u00e3o do que com os ouvidos, para n\u00e3o endurecer o cora\u00e7\u00e3o, mas deixa-lo pulsar.<\/p>\n<p style=\"text-align: justify;\">\u00c9 preciso muito discernimento e sabedoria para distinguir as palavras, validando a sua qualidade e proced\u00eancia. \u00c9 muito \u00fatil filtr\u00e1-las para acolher aquelas que nos podem orientar e ter acesso \u00e0 nossa vida e deixar as outras na margem. N\u00e3o \u00e9 f\u00e1cil. Existem tantas palavras grosseiras, pesadas, ofensivas que podem encontrar acolhida dentro de n\u00f3s criando divis\u00f5es, rancores e, at\u00e9, sede de vingan\u00e7a.<\/p>\n<p style=\"text-align: justify;\">Seria maravilhoso que as palavras m\u00e1s e ofensivas passassem pela tangente da nossa exist\u00eancia, sumissem sem deixar tra\u00e7os. Ao contr\u00e1rio, se faz necess\u00e1rio abrir a porta \u00e0s palavras que iluminam a mente, estimulam a solidariedade, promovem o bem, criam pontos de simpatia e de familiaridade com os outros.<\/p>\n<p style=\"text-align: justify;\">Entre as palavras eficazes \u00e0s quais vale a pena abrir a porta, se distingue a Palavra de Deus. Mergulhar nela cotidianamente atrav\u00e9s da leitura, medita\u00e7\u00e3o, ora\u00e7\u00e3o e contempla\u00e7\u00e3o se torna uma estrada segura para transformar nossas palavras e fecundar a vida.<\/p>\n<p style=\"text-align: justify;\">Jesus permanece como o eterno exemplo e o modelo de uma palavra boa e potente. A sua palavra se imp\u00f5e por si, ilumina a intelig\u00eancia, cria, aquece o cora\u00e7\u00e3o e fortalece a vida. Nele se conjuga e harmoniza perfeitamente o falar com o agir. Em v\u00e1rias oportunidades os evangelistas relatam que ensinava, mas n\u00e3o dizem quais eram os ensinamentos. Diante disso, \u00e9 preciso permanecer com ele e conviver com fizeram os disc\u00edpulos. Podemos dizer que o conte\u00fado \u00e9 a sua pr\u00f3pria pessoa. Pode faltar o conte\u00fado do ensinamento, mas n\u00e3o falta o efeito por ele produzido. S\u00e3o estes que tocam os ouvintes e os fazem reconhecer a autoridade do mestre Jesus.<\/p>\n<p style=\"text-align: justify;\">Os ouvintes, ao mesmo tempo que admiravam as palavras de Jesus, tamb\u00e9m reconhecem sua autoridade. \u00c9 uma palavra proferida com lucidez, convic\u00e7\u00e3o e pertin\u00eancia. Ela liberta do mal. Ensina de forma transparente, n\u00e3o tem \u201csegundas inten\u00e7\u00f5es\u201d. A Palavra de Deus \u00e9 assim, direta e clara: amar, perdoar sempre, perdoar inimigos, repartir o p\u00e3o, justi\u00e7a, carregar a cruz. Muitas vezes, palavras duras de ouvir, de aceitar e, principalmente serem vividas. Como s\u00e3o Palavras de Deus ditas com autoridade, merecem admira\u00e7\u00e3o porque s\u00e3o <em>verdadeiras<\/em>.<\/p>\n","protected":false},"excerpt":{"rendered":"<p>Palavras, palavras, palavras &#8230;. N\u00e3o \u00e9 f\u00e1cil, talvez nem poss\u00edvel, distanciar-se da avalanche de palavras que recaem cotidianamente sobre n\u00f3s. Todos fazemos uso delas e de forma abundante. Existem as palavras sinceras, verdadeiras e potentes dotadas de dinamismo transformador. Outras sinceras, mas superficiais; outras tamb\u00e9m maldosas, sem consist\u00eancia de verdade que s\u00e3o produtos de cora\u00e7\u00f5es [&hellip;]<\/p>\n","protected":false},"author":18,"featured_media":55821,"comment_status":"open","ping_status":"closed","sticky":false,"template":"","format":"standard","meta":{"footnotes":""},"categories":[9],"tags":[],"class_list":["post-65642","post","type-post","status-publish","format-standard","has-post-thumbnail","hentry","category-artigos"],"_links":{"self":[{"href":"https:\/\/catolicanet.net\/wp-cnet\/wp-json\/wp\/v2\/posts\/65642","targetHints":{"allow":["GET"]}}],"collection":[{"href":"https:\/\/catolicanet.net\/wp-cnet\/wp-json\/wp\/v2\/posts"}],"about":[{"href":"https:\/\/catolicanet.net\/wp-cnet\/wp-json\/wp\/v2\/types\/post"}],"author":[{"embeddable":true,"href":"https:\/\/catolicanet.net\/wp-cnet\/wp-json\/wp\/v2\/users\/18"}],"replies":[{"embeddable":true,"href":"https:\/\/catolicanet.net\/wp-cnet\/wp-json\/wp\/v2\/comments?post=65642"}],"version-history":[{"count":1,"href":"https:\/\/catolicanet.net\/wp-cnet\/wp-json\/wp\/v2\/posts\/65642\/revisions"}],"predecessor-version":[{"id":65643,"href":"https:\/\/catolicanet.net\/wp-cnet\/wp-json\/wp\/v2\/posts\/65642\/revisions\/65643"}],"wp:featuredmedia":[{"embeddable":true,"href":"https:\/\/catolicanet.net\/wp-cnet\/wp-json\/wp\/v2\/media\/55821"}],"wp:attachment":[{"href":"https:\/\/catolicanet.net\/wp-cnet\/wp-json\/wp\/v2\/media?parent=65642"}],"wp:term":[{"taxonomy":"category","embeddable":true,"href":"https:\/\/catolicanet.net\/wp-cnet\/wp-json\/wp\/v2\/categories?post=65642"},{"taxonomy":"post_tag","embeddable":true,"href":"https:\/\/catolicanet.net\/wp-cnet\/wp-json\/wp\/v2\/tags?post=65642"}],"curies":[{"name":"wp","href":"https:\/\/api.w.org\/{rel}","templated":true}]}}