{"id":6562,"date":"2015-08-27T11:58:46","date_gmt":"2015-08-27T14:58:46","guid":{"rendered":"http:\/\/catolicanet.net\/wp-cnet\/pascoa-de-dom-carmelo-domenico-recchia-ocist\/"},"modified":"2017-04-11T13:46:14","modified_gmt":"2017-04-11T16:46:14","slug":"pascoa-de-dom-carmelo-domenico-recchia-ocist","status":"publish","type":"post","link":"https:\/\/catolicanet.net\/wp-cnet\/pascoa-de-dom-carmelo-domenico-recchia-ocist\/","title":{"rendered":"P\u00e1scoa de Dom Carmelo Domenico R\u00e9cchia, O.Cist."},"content":{"rendered":"<p style=\"text-align: justify;\">Recebemos hoje a not\u00edcia da volta ao Pai do antigo Abade de Claraval, Minas Gerais, a quem pude suceder como Administrador Apost\u00f3lico. Estamos unidos \u00e0 querida comunidade cisterciense de Claraval e \u00e0 Congrega\u00e7\u00e3o de Casamari pela p\u00e1scoa definitiva de nosso caro confrade e querido irm\u00e3o, Dom Carmelo Domenico R\u00e9cchia, O.Cist, aos 96 anos de idade, na It\u00e1lia.<br \/> A funda\u00e7\u00e3o de Claraval se confunde com a hist\u00f3ria da pr\u00f3pria cidade, cuja a sua jurisdi\u00e7\u00e3o est\u00e1 hoje dentro da Diocese de Guaxup\u00e9.\u00a0 Em 1950 chegava a Garimpo das Canoas (futuramente Claraval) os monges cistercienses destinados \u00e0quela par\u00f3quia, conforme desejo de Dom Hugo Bressane, ent\u00e3o Bispo de Guaxup\u00e9. Os primeiros monges eram o prior Padre Pedro Agostini, Padre Justino, Padre Carmelo e Irm\u00e3o Nivardo. Pe. Carmelo trabalhou incansavelmente na constru\u00e7\u00e3o do Mosteiro, na miss\u00e3o pastoral e na consolida\u00e7\u00e3o da funda\u00e7\u00e3o.<br \/> Ap\u00f3s a morte do primeiro Abade Territorial, D. Giuseppe Pietro Agostini, D. Carmelo, que j\u00e1 na \u00e9poca era administrador apost\u00f3lico, \u00e9 nomeado Abade Territorial em dezembro de 1976 e recebeu a b\u00ean\u00e7\u00e3o abacial a 25 de mar\u00e7o de 1977, tornando-se o segundo Abade at\u00e9 1999 quando, devido \u00e0 idade, renuncia. Como havia j\u00e1 a decis\u00e3o da Santa S\u00e9 de n\u00e3o mais contar com as Abadias Territoriais n\u00e3o foi nomeado um novo abade e sim um administrador apost\u00f3lico at\u00e9 a decis\u00e3o da Igreja de passar essa regi\u00e3o para a Diocese de Guaxup\u00e9, como era anteriormente. Nomeado como Administrador Apost\u00f3lico pude viver alguns anos servindo a essa regi\u00e3o, ao mesmo tempo que era Bispo Diocesano de S\u00e3o Jos\u00e9 do Rio Preto. Em 2002, cumpri determina\u00e7\u00e3o da Santa S\u00e9 Apost\u00f3lica passando as par\u00f3quias das cidades da antiga Abadia Territorial para a Diocese de Guaxup\u00e9 -MG. <br \/>A cidade de Claraval que se chamava antes Garimpo das Canoas teve a mudan\u00e7a do nome por inspira\u00e7\u00e3o dos monges que tamb\u00e9m trouxeram a luz el\u00e9trica, \u00e1gua pot\u00e1vel e estradas \u00e0 regi\u00e3o. Quando ainda Abadia Territorial abrangia tambem a cidade de Ibiraci. Com a cessa\u00e7\u00e3o do titulo as cidades e paroquias respectivas voltaram \u00e0 Diocese de Guaxup\u00e9.\u00a0\u00a0 \u00a0<br \/> Pude testemunhar, nesse tempo de servi\u00e7o a essa abadia territorial, os tantos benef\u00edcios materiais e espirituais que Dom Carmelo fez em favor do mosteiro e, particularmente, da cidade de Claraval. A presen\u00e7a positiva dos monges foi fundamental para que o distrito fosse elevado \u00e0 condi\u00e7\u00e3o de cidade e a Abadia e o Hospital prestam fundamental assist\u00eancia \u00e0 popula\u00e7\u00e3o da cidade e da zona rural daquela comuna.<br \/>Dom Carmelo Recchia foi Abade Territorial do Mosteiro de Claraval de 07.12.1976 a 24.03.1999, sucedendo a Dom Pedro Jos\u00e9 Agostini. Ele foi um grande construtor do belo mosteiro e Igreja neog\u00f3ticos, j\u00f3ia rara num local at\u00e9 ent\u00e3o de dificil acesso. Dom Carmelo Domenico foi sempre um homem de Deus. Viveu a regra cisterciense \u00e0 risca e deu um contributo fundamental na vida mon\u00e1stica. Dom Carmelo era muito simples, estilo um pouco reservado mas muito empreendedor. Lembro-me que os retiros dos monges de Sao Jose do Rio Pardo por muitos anos era feito em Claraval. D. Carmelo voltou \u00e0 It\u00e1lia onde viveu o restante de seus dias. Tempos atr\u00e1s, j\u00e1 na Italia, para \u201cmatar a saudade\u201d do Brasil, recebeu uma enxada com assinaturas de muitos de seus antigos conhecidos. Assim nos \u00faltimos tempos pode ajudar na horta do Mosteiro de Valvisciolo, da Congregac\u00e3o de Casamari, onde residia. Ele faleceu aos 96 anos. Tinha nascido em Sora aos 14.12.1921. Fora Ordenado sacerdote em 04.08.1946.<br \/>Aos nossos irm\u00e3os da Abadia de Claraval \u2013 MG e da Congrega\u00e7\u00e3o de Casamari da Ordem Cisterciense os meus cumprimenots fraternos de p\u00e1z e esperan\u00e7a. Apresentemos a Deus a alma deste nosso irm\u00e3o, grande bemfeitor de Claraval, grande monge cisterciense e homem que na terra viveu a perman\u00eancia do c\u00e9u. RIP.<\/p>\n","protected":false},"excerpt":{"rendered":"<p>Recebemos hoje a not\u00edcia da volta ao Pai do antigo Abade de Claraval, Minas Gerais, a quem pude suceder como Administrador Apost\u00f3lico. Estamos unidos \u00e0 querida comunidade cisterciense de Claraval e \u00e0 Congrega\u00e7\u00e3o de Casamari pela p\u00e1scoa definitiva de nosso caro confrade e querido irm\u00e3o, Dom Carmelo Domenico R\u00e9cchia, O.Cist, aos 96 anos de idade, [&hellip;]<\/p>\n","protected":false},"author":5,"featured_media":0,"comment_status":"closed","ping_status":"closed","sticky":false,"template":"","format":"standard","meta":{"footnotes":""},"categories":[9],"tags":[],"class_list":["post-6562","post","type-post","status-publish","format-standard","hentry","category-artigos"],"_links":{"self":[{"href":"https:\/\/catolicanet.net\/wp-cnet\/wp-json\/wp\/v2\/posts\/6562","targetHints":{"allow":["GET"]}}],"collection":[{"href":"https:\/\/catolicanet.net\/wp-cnet\/wp-json\/wp\/v2\/posts"}],"about":[{"href":"https:\/\/catolicanet.net\/wp-cnet\/wp-json\/wp\/v2\/types\/post"}],"author":[{"embeddable":true,"href":"https:\/\/catolicanet.net\/wp-cnet\/wp-json\/wp\/v2\/users\/5"}],"replies":[{"embeddable":true,"href":"https:\/\/catolicanet.net\/wp-cnet\/wp-json\/wp\/v2\/comments?post=6562"}],"version-history":[{"count":1,"href":"https:\/\/catolicanet.net\/wp-cnet\/wp-json\/wp\/v2\/posts\/6562\/revisions"}],"predecessor-version":[{"id":11336,"href":"https:\/\/catolicanet.net\/wp-cnet\/wp-json\/wp\/v2\/posts\/6562\/revisions\/11336"}],"wp:attachment":[{"href":"https:\/\/catolicanet.net\/wp-cnet\/wp-json\/wp\/v2\/media?parent=6562"}],"wp:term":[{"taxonomy":"category","embeddable":true,"href":"https:\/\/catolicanet.net\/wp-cnet\/wp-json\/wp\/v2\/categories?post=6562"},{"taxonomy":"post_tag","embeddable":true,"href":"https:\/\/catolicanet.net\/wp-cnet\/wp-json\/wp\/v2\/tags?post=6562"}],"curies":[{"name":"wp","href":"https:\/\/api.w.org\/{rel}","templated":true}]}}