{"id":65616,"date":"2021-01-24T15:50:47","date_gmt":"2021-01-24T18:50:47","guid":{"rendered":"https:\/\/catolicanet.net\/wp-cnet\/?p=65616"},"modified":"2021-01-26T15:51:50","modified_gmt":"2021-01-26T18:51:50","slug":"domingo-da-palavra-de-deus-3","status":"publish","type":"post","link":"https:\/\/catolicanet.net\/wp-cnet\/domingo-da-palavra-de-deus-3\/","title":{"rendered":"Domingo da Palavra de Deus"},"content":{"rendered":"<p style=\"text-align: justify;\">Todo Terceiro Domingo do Tempo Comum, seguindo a orienta\u00e7\u00e3o do Papa Francisco, a Igreja celebra o Domingo da Palavra de Deus. O intuito do Papa em incluir essa celebra\u00e7\u00e3o no calend\u00e1rio lit\u00fargico \u00e9 nos chamar a aten\u00e7\u00e3o para a import\u00e2ncia da Palavra de Deus em nossa vida. Muitas vezes s\u00f3 ouvimos a Palavra de Deus quando vamos a missa aos Domingos e durante a semana esquecemos de ler a Palavra de Deus e medit\u00e1-la.<\/p>\n<p style=\"text-align: justify;\">Por vezes s\u00f3 nos lembramos de meditar a Palavra de Deus quando a Igreja nos exorta e estimula, como por exemplo no m\u00eas de setembro, em que \u00e9 dedicado, no Brasil, a Palavra de Deus e no dia 30 de setembro, celebramos o dia da B\u00edblia. O Papa quer que demos mais aten\u00e7\u00e3o a Palavra de Deus e que ela seja uma fonte de alimento di\u00e1rio para n\u00f3s e nossa fam\u00edlia.<\/p>\n<p style=\"text-align: justify;\">O Papa incluiu esse dia no 3\u00ba Domingo do Tempo Comum para que a Palavra de Deus seja nossa fonte de inspira\u00e7\u00e3o e reflex\u00e3o durante o ano inteiro. O tempo comum traz em sua espiritualidade o Reino de Deus, e s\u00f3 poderemos construir um reino de Deus s\u00f3lido, por meio da medita\u00e7\u00e3o da Palavra de Deus. O estudo da Palavra de Deus deve estar presente na Igreja durante todo o ano, ela deve estar presente sobretudo na catequese, para que as crian\u00e7as tenham gosto pela Palavra de Deus.<\/p>\n<p style=\"text-align: justify;\">Durante a celebra\u00e7\u00e3o Eucar\u00edstica temos duas grandes mesas: a mesa da Palavra e a mesa da Eucaristia, primeiro nos alimentamos da Palavra, para depois nos alimentarmos da Eucaristia. Uma complementa a outra, por meio da Palavra compreendemos o mist\u00e9rio que envolve a Eucaristia e entendemos por que a Palavra se fez carne.<\/p>\n<p style=\"text-align: justify;\">O Papa Francisco instituiu esse dia dedicado a Palavra de Deus por meio de uma <em>carta apost\u00f3lica <\/em>em forma de motu pr\u00f3prio intitulada de <em>&#8220;Aperuit illis&#8221;,<\/em> a fim de recordar alguns princ\u00edpios teol\u00f3gicos, celebrativos e pastorais acerca da Palavra de Deus proclamada na Missa.<\/p>\n<p style=\"text-align: justify;\">O Papa proclamou o III Domingo do tempo comum como dia dedicado a celebra\u00e7\u00e3o, reflex\u00e3o e propaga\u00e7\u00e3o da Palavra de Deus. Por isso nesse Domingo coloquemos a Palavra de Deus em destaque nas nossas par\u00f3quias, em casa, e procuremos medit\u00e1-la no nosso ambiente familiar e propag\u00e1-la em nosso bairro e comunidades. Que ela seja alimento de f\u00e9 e esperan\u00e7a para muitas pessoas. Que esse dia seja um dia mission\u00e1rio e que sejamos impulsionados pelo Esp\u00edrito Santo a sair e anunciar a boa nova do Evangelho. E que esse momento celebrativo n\u00e3o fique apenas nesse Domingo, mas seja uma constante em nossa vida.<\/p>\n<p style=\"text-align: justify;\">O documento de orienta\u00e7\u00e3o para celebrar esse dia foi elaborado pela Congrega\u00e7\u00e3o para o Culto Divino e a Disciplina dos Sacramentos, e assinado (em 17\/12\/20) pelo prefeito do Dicast\u00e9rio, o Senhor Cardeal Robert Sarah, quer contribuir e despertar a consci\u00eancia sobre a import\u00e2ncia da Sagrada Escritura para a vida dos fi\u00e9is, sobretudo na liturgia, que leva ao di\u00e1logo vivo e permanente com Deus. Por meio da Palavra podemos encontrar o direcionamento para as nossas a\u00e7\u00f5es e colocar em pr\u00e1tica a vontade de Deus. Por meio da Palavra, podemos conhecer Deus melhor e acompanhar toda a hist\u00f3ria da salva\u00e7\u00e3o.<\/p>\n<p style=\"text-align: justify;\">Recomenda-se na missa deste domingo fazer a prociss\u00e3o com o evangeli\u00e1rio ou na impossibilidade, coloc\u00e1-lo sobre o altar. Nele est\u00e1 contida a Palavra da Salva\u00e7\u00e3o, a boa nova do Evangelho e por meio do an\u00fancio dessa boa nova seremos salvos. A Congrega\u00e7\u00e3o para o Culto Divino recomenda ainda que n\u00e3o sejam substitu\u00eddas as leituras contidas no lecion\u00e1rio. As leituras contidas no lecion\u00e1rio s\u00e3o sinal de comunh\u00e3o e unidade entre os fi\u00e9is que as escutam.<\/p>\n<p style=\"text-align: justify;\">Antes de se proclamar as leituras seja pelo sacerdote, di\u00e1cono ou ministros leigos da Palavra, deve-se haver uma prepara\u00e7\u00e3o e uma concentra\u00e7\u00e3o pr\u00e9via para proclamar as mesmas. Quem est\u00e1 proclamando a Palavra, n\u00e3o proferindo a Palavra de um livro qualquer, mas de um livro sagrado. Deve-se tomar cuidado com o amb\u00e3o e utiliz\u00e1-lo \u00fanica e exclusivamente para o uso do an\u00fancio da Palavra. Evitar algumas posturas diante do amb\u00e3o, pois o amb\u00e3o \u00e9 consagrado a Deus.<\/p>\n<p style=\"text-align: justify;\">Para finalizar a nota da Congrega\u00e7\u00e3o para o Culto Divino diz ainda que S\u00e3o Jer\u00f4nimo deve ser um exemplo a ser seguido, sobretudo no amor que ele tinha a palavra de Deus. O Papa Francisco diz que ele foi um \u201c<em>incans\u00e1vel estudioso, tradutor, exegeta, profundo conhecedor e apaixonado divulgador da sagrada escritura\u201d. (Carta Apost\u00f3lica \u201cScripturae sacrae afetus\u201d). <\/em><\/p>\n<p style=\"text-align: justify;\">Que ao meditarmos a Sagrada Escritura possamos encontrar a n\u00f3s mesmos, enxergar o rosto de Deus e dos nossos irm\u00e3os e que a medita\u00e7\u00e3o da Palavra nos ajude em nossa vida comunit\u00e1ria. Por meio da Palavra nos tornemos mais irm\u00e3os. E ainda que a celebra\u00e7\u00e3o da missa desse Domingo, nos ajude a meditarmos a Palavra de Deus no nosso dia a dia e ela seja fonte de salva\u00e7\u00e3o para n\u00f3s e para aqueles que a escutam.<\/p>\n","protected":false},"excerpt":{"rendered":"<p>Todo Terceiro Domingo do Tempo Comum, seguindo a orienta\u00e7\u00e3o do Papa Francisco, a Igreja celebra o Domingo da Palavra de Deus. O intuito do Papa em incluir essa celebra\u00e7\u00e3o no calend\u00e1rio lit\u00fargico \u00e9 nos chamar a aten\u00e7\u00e3o para a import\u00e2ncia da Palavra de Deus em nossa vida. Muitas vezes s\u00f3 ouvimos a Palavra de Deus [&hellip;]<\/p>\n","protected":false},"author":5,"featured_media":55819,"comment_status":"open","ping_status":"closed","sticky":false,"template":"","format":"standard","meta":{"footnotes":""},"categories":[9],"tags":[],"class_list":["post-65616","post","type-post","status-publish","format-standard","has-post-thumbnail","hentry","category-artigos"],"_links":{"self":[{"href":"https:\/\/catolicanet.net\/wp-cnet\/wp-json\/wp\/v2\/posts\/65616","targetHints":{"allow":["GET"]}}],"collection":[{"href":"https:\/\/catolicanet.net\/wp-cnet\/wp-json\/wp\/v2\/posts"}],"about":[{"href":"https:\/\/catolicanet.net\/wp-cnet\/wp-json\/wp\/v2\/types\/post"}],"author":[{"embeddable":true,"href":"https:\/\/catolicanet.net\/wp-cnet\/wp-json\/wp\/v2\/users\/5"}],"replies":[{"embeddable":true,"href":"https:\/\/catolicanet.net\/wp-cnet\/wp-json\/wp\/v2\/comments?post=65616"}],"version-history":[{"count":1,"href":"https:\/\/catolicanet.net\/wp-cnet\/wp-json\/wp\/v2\/posts\/65616\/revisions"}],"predecessor-version":[{"id":65617,"href":"https:\/\/catolicanet.net\/wp-cnet\/wp-json\/wp\/v2\/posts\/65616\/revisions\/65617"}],"wp:featuredmedia":[{"embeddable":true,"href":"https:\/\/catolicanet.net\/wp-cnet\/wp-json\/wp\/v2\/media\/55819"}],"wp:attachment":[{"href":"https:\/\/catolicanet.net\/wp-cnet\/wp-json\/wp\/v2\/media?parent=65616"}],"wp:term":[{"taxonomy":"category","embeddable":true,"href":"https:\/\/catolicanet.net\/wp-cnet\/wp-json\/wp\/v2\/categories?post=65616"},{"taxonomy":"post_tag","embeddable":true,"href":"https:\/\/catolicanet.net\/wp-cnet\/wp-json\/wp\/v2\/tags?post=65616"}],"curies":[{"name":"wp","href":"https:\/\/api.w.org\/{rel}","templated":true}]}}