{"id":65601,"date":"2021-01-20T16:52:32","date_gmt":"2021-01-20T19:52:32","guid":{"rendered":"https:\/\/catolicanet.net\/wp-cnet\/?p=65601"},"modified":"2021-01-20T16:52:32","modified_gmt":"2021-01-20T19:52:32","slug":"a-oracao-do-papa-pelas-vitimas-da-pandemia-em-manaus","status":"publish","type":"post","link":"https:\/\/catolicanet.net\/wp-cnet\/a-oracao-do-papa-pelas-vitimas-da-pandemia-em-manaus\/","title":{"rendered":"A ora\u00e7\u00e3o do Papa pelas v\u00edtimas da pandemia em Manaus"},"content":{"rendered":"<div class=\"article__subTitle\" style=\"text-align: justify;\">Ao saudar os fi\u00e9is de l\u00edngua portuguesa conectados para a Audi\u00eancia Geral, o Papa Francisco dirigiu sua ora\u00e7\u00e3o \u00e0s v\u00edtimas do coronav\u00edrus.<\/div>\n<div class=\"title__separator\" style=\"text-align: justify;\"><\/div>\n<div class=\"article__text \">\n<p style=\"text-align: justify;\"><b>Vatican News<\/b><\/p>\n<p><iframe loading=\"lazy\" title=\"A ora\u00e7\u00e3o do Papa pelas v\u00edtimas da pandemia, especialmente em Manaus\" width=\"696\" height=\"392\" src=\"https:\/\/www.youtube.com\/embed\/qyOUmHeDWsg?feature=oembed\" frameborder=\"0\" allow=\"accelerometer; autoplay; clipboard-write; encrypted-media; gyroscope; picture-in-picture\" allowfullscreen><\/iframe><\/p>\n<div style=\"text-align: justify;\">\n<div class=\"article__embed article__embed--border embed_style\">\n<blockquote><p>\u201cNestes dias a minha ora\u00e7\u00e3o \u00e9 por quantos sofrem com a pandemia, de modo especial em Manaus, no norte do Brasil. Que o Pai das Miseric\u00f3rdias lhes sustente neste momento dif\u00edcil. Lhes aben\u00e7oo de cora\u00e7\u00e3o!\u201d<\/p><\/blockquote>\n<\/div>\n<\/div>\n<p style=\"text-align: justify;\">Esta foi a sauda\u00e7\u00e3o que o Papa Francisco dirigiu aos fi\u00e9is de l\u00edngua portuguesa na Audi\u00eancia Geral desta quarta-feira.<\/p>\n<div style=\"text-align: justify;\">\n<div class=\"article__embed article__embed--unwrap article__embed--dark\">\n<div class=\"article__innerTitle\">Ou\u00e7a e compartilhe<\/div>\n<div>\n<audio class=\"wp-audio-shortcode\" id=\"audio-65601-1\" preload=\"none\" style=\"width: 100%;\" controls=\"controls\"><source type=\"audio\/mpeg\" src=\"https:\/\/media.vaticannews.va\/media\/audio\/s1\/2021\/01\/20\/13\/135867790_F135867790.mp3?_=1\" \/><a href=\"https:\/\/media.vaticannews.va\/media\/audio\/s1\/2021\/01\/20\/13\/135867790_F135867790.mp3\">https:\/\/media.vaticannews.va\/media\/audio\/s1\/2021\/01\/20\/13\/135867790_F135867790.mp3<\/a><\/audio>\n<\/div>\n<\/div>\n<\/div>\n<p style=\"text-align: justify;\">N\u00e3o \u00e9 a primeira vez que o Pont\u00edfice manifesta sua preocupa\u00e7\u00e3o com a capital do Amazonas. Na primeira onda da pandemia, Francisco ligou para o arcebispo de Manaus, Dom Leonardo Steiner, para manifestar a sua solidariedade e proximidade \u00e0s v\u00edtimas do novo coronav\u00edrus. Era o dia 25 de abril de 2020.<\/p>\n<p style=\"text-align: justify;\">Agora, Manaus volta a viver uma trag\u00e9dia, com a morte de pacientes nos hospitais por asfixia devido \u00e0 falta de oxig\u00eanio.<\/p>\n<p style=\"text-align: justify;\">Dom Leonardo gravou um v\u00eddeo fazendo um apelo por ajudas: \u201cColoquemos a servi\u00e7o de todos a nossa humanidade melhor, e coloquemos tamb\u00e9m a servi\u00e7o de todos as nossas for\u00e7as espirituais\u201d.<\/p>\n<p style=\"text-align: justify;\">O arcebispo fez um pedido para \u201cdeixar de lado as agress\u00f5es, os negacionismos, deixar de lado a pol\u00edtica que divide, que corrompe, deixar de lado os lucros acima da pandemia\u201d.<\/p>\n<p style=\"text-align: justify;\">Em entrevista ao Vatican News, o mission\u00e1rio espanhol Padre Luis Miguel Modino declarou se vive uma\u00a0<i>\u201c<\/i>realidade de morte\u201d no Estado, relatando tamb\u00e9m as ajudas oferecidas pela Igreja<i>.<\/i><\/p>\n<p style=\"text-align: justify;\">Dois dias atr\u00e1s, a Covid-19 fez mais uma v\u00edtima entre o clero de Manaus, com a morte do\u00a0sacerdote palotino Celestino Ceretta, aos 79 anos.<i><\/i><\/p>\n<\/div>\n<div id=\"banner-donazioni\" class=\"article_banner\"><\/div>\n","protected":false},"excerpt":{"rendered":"<p>Ao saudar os fi\u00e9is de l\u00edngua portuguesa conectados para a Audi\u00eancia Geral, o Papa Francisco dirigiu sua ora\u00e7\u00e3o \u00e0s v\u00edtimas do coronav\u00edrus. Vatican News \u201cNestes dias a minha ora\u00e7\u00e3o \u00e9 por quantos sofrem com a pandemia, de modo especial em Manaus, no norte do Brasil. Que o Pai das Miseric\u00f3rdias lhes sustente neste momento dif\u00edcil. [&hellip;]<\/p>\n","protected":false},"author":1,"featured_media":65602,"comment_status":"open","ping_status":"closed","sticky":false,"template":"","format":"standard","meta":{"footnotes":""},"categories":[3],"tags":[],"class_list":["post-65601","post","type-post","status-publish","format-standard","has-post-thumbnail","hentry","category-vaticano"],"_links":{"self":[{"href":"https:\/\/catolicanet.net\/wp-cnet\/wp-json\/wp\/v2\/posts\/65601","targetHints":{"allow":["GET"]}}],"collection":[{"href":"https:\/\/catolicanet.net\/wp-cnet\/wp-json\/wp\/v2\/posts"}],"about":[{"href":"https:\/\/catolicanet.net\/wp-cnet\/wp-json\/wp\/v2\/types\/post"}],"author":[{"embeddable":true,"href":"https:\/\/catolicanet.net\/wp-cnet\/wp-json\/wp\/v2\/users\/1"}],"replies":[{"embeddable":true,"href":"https:\/\/catolicanet.net\/wp-cnet\/wp-json\/wp\/v2\/comments?post=65601"}],"version-history":[{"count":1,"href":"https:\/\/catolicanet.net\/wp-cnet\/wp-json\/wp\/v2\/posts\/65601\/revisions"}],"predecessor-version":[{"id":65603,"href":"https:\/\/catolicanet.net\/wp-cnet\/wp-json\/wp\/v2\/posts\/65601\/revisions\/65603"}],"wp:featuredmedia":[{"embeddable":true,"href":"https:\/\/catolicanet.net\/wp-cnet\/wp-json\/wp\/v2\/media\/65602"}],"wp:attachment":[{"href":"https:\/\/catolicanet.net\/wp-cnet\/wp-json\/wp\/v2\/media?parent=65601"}],"wp:term":[{"taxonomy":"category","embeddable":true,"href":"https:\/\/catolicanet.net\/wp-cnet\/wp-json\/wp\/v2\/categories?post=65601"},{"taxonomy":"post_tag","embeddable":true,"href":"https:\/\/catolicanet.net\/wp-cnet\/wp-json\/wp\/v2\/tags?post=65601"}],"curies":[{"name":"wp","href":"https:\/\/api.w.org\/{rel}","templated":true}]}}