{"id":6560,"date":"2015-08-26T17:36:33","date_gmt":"2015-08-26T20:36:33","guid":{"rendered":"http:\/\/catolicanet.net\/wp-cnet\/bispos-canadenses-muro-israelense-de-cremisan-viola-a-lei\/"},"modified":"2017-04-11T13:48:08","modified_gmt":"2017-04-11T16:48:08","slug":"bispos-canadenses-muro-israelense-de-cremisan-viola-a-lei","status":"publish","type":"post","link":"https:\/\/catolicanet.net\/wp-cnet\/bispos-canadenses-muro-israelense-de-cremisan-viola-a-lei\/","title":{"rendered":"Bispos canadenses: muro israelense de Cremisan viola a lei"},"content":{"rendered":"<p style=\"text-align: justify;\"><img decoding=\"async\" src=\"http:\/\/catolicanet.com.br\/images\/stories\/geral\/00bispos canadenses.jpg\" border=\"0\" align=\"left\" \/> Tamb\u00e9m os bispos canadenses disseram que est\u00e3o \u201cdesapontados\u201d com a retomada da constru\u00e7\u00e3o do muro de separa\u00e7\u00e3o entre Israel e a Palestina, no Vale Cremisan, em Beit Jala. Os trabalhos &#8211; como \u00e9 de conhecimento geral \u2013 foram reiniciados em 17 de agosto, ap\u00f3s o \u201cnulla osta\u201d dado em 8 de julho pelo Supremo Tribunal de Israel, o mesmo que em abril \u00faltimo se expressara em defesa das 58 fam\u00edlias palestinas residentes na \u00e1rea, bloqueando o projeto no final de uma longa batalha legal.<\/p>\n<p>O muro \u00e9 uma injusti\u00e7a que amea\u00e7a a paz<\/p>\n<p>Em um comunicado divulgado em 20 de agosto, o Secret\u00e1rio da Confer\u00eancia dos Bispos Cat\u00f3licos do Canad\u00e1 (CECC \/ CCCB), Dom Patrick Powers retoma a nota oficial do Patriarcado Latino de Jerusal\u00e9m, que em 19 de agosto havia condenado fortemente a opera\u00e7\u00e3o israelense \u201cefetuada em viola\u00e7\u00e3o dos direitos das fam\u00edlias do Vale\u201d, sublinhando que \u201ca constru\u00e7\u00e3o do muro de separa\u00e7\u00e3o e do confisco de terras que se seguiram s\u00e3o um insulto \u00e0 paz\u201d. O Patriarcado tinha ent\u00e3o dirigido um apelo \u00e0s autoridades israelenses para que detivessem os trabalhos e aguardassem a decis\u00e3o do pedido enviada h\u00e1 poucos dias ao Supremo Tribunal de Justi\u00e7a pelas fam\u00edlias crist\u00e3s do Vale.<\/p>\n<p>Os protestos da Igreja em todo o mundo n\u00e3o foram ouvidos<\/p>\n<p>Al\u00e9m dos terrenos dessas fam\u00edlias, a \u00e1rea onde deve ser constru\u00eddo o muro inclui tamb\u00e9m um mosteiro e um convento Salesianos, com uma escola prim\u00e1ria ao lado. Com a constru\u00e7\u00e3o do Muro, as duas estruturas salesianas permanecer\u00e3o em territ\u00f3rio palestino, enquanto os terrenos das fam\u00edlias crist\u00e3s ficar\u00e3o no lado israelense. Os protestos dos bispos de todo o mundo, come\u00e7ando por aqueles da Terra Santa, at\u00e9 agora foram ignorados. Israel justificou a expans\u00e3o da barreira de cimento armado com motivos de seguran\u00e7a, mas para muitos o objetivo de Tel Aviv \u00e9 de ligar os assentamentos &#8211; ilegais segundo as leis internacionais &#8211; de Gilo e Har Gilo, separando-as da cidade palestina de Beit Jala.<\/p>\n<p style=\"text-align: justify;\">Fonte: R\u00e1dio Vaticano<\/p>\n","protected":false},"excerpt":{"rendered":"<p>Tamb\u00e9m os bispos canadenses disseram que est\u00e3o \u201cdesapontados\u201d com a retomada da constru\u00e7\u00e3o do muro de separa\u00e7\u00e3o entre Israel e a Palestina, no Vale Cremisan, em Beit Jala. Os trabalhos &#8211; como \u00e9 de conhecimento geral \u2013 foram reiniciados em 17 de agosto, ap\u00f3s o \u201cnulla osta\u201d dado em 8 de julho pelo Supremo Tribunal [&hellip;]<\/p>\n","protected":false},"author":1,"featured_media":0,"comment_status":"closed","ping_status":"closed","sticky":false,"template":"","format":"standard","meta":{"footnotes":""},"categories":[3],"tags":[],"class_list":["post-6560","post","type-post","status-publish","format-standard","hentry","category-vaticano"],"_links":{"self":[{"href":"https:\/\/catolicanet.net\/wp-cnet\/wp-json\/wp\/v2\/posts\/6560","targetHints":{"allow":["GET"]}}],"collection":[{"href":"https:\/\/catolicanet.net\/wp-cnet\/wp-json\/wp\/v2\/posts"}],"about":[{"href":"https:\/\/catolicanet.net\/wp-cnet\/wp-json\/wp\/v2\/types\/post"}],"author":[{"embeddable":true,"href":"https:\/\/catolicanet.net\/wp-cnet\/wp-json\/wp\/v2\/users\/1"}],"replies":[{"embeddable":true,"href":"https:\/\/catolicanet.net\/wp-cnet\/wp-json\/wp\/v2\/comments?post=6560"}],"version-history":[{"count":1,"href":"https:\/\/catolicanet.net\/wp-cnet\/wp-json\/wp\/v2\/posts\/6560\/revisions"}],"predecessor-version":[{"id":11338,"href":"https:\/\/catolicanet.net\/wp-cnet\/wp-json\/wp\/v2\/posts\/6560\/revisions\/11338"}],"wp:attachment":[{"href":"https:\/\/catolicanet.net\/wp-cnet\/wp-json\/wp\/v2\/media?parent=6560"}],"wp:term":[{"taxonomy":"category","embeddable":true,"href":"https:\/\/catolicanet.net\/wp-cnet\/wp-json\/wp\/v2\/categories?post=6560"},{"taxonomy":"post_tag","embeddable":true,"href":"https:\/\/catolicanet.net\/wp-cnet\/wp-json\/wp\/v2\/tags?post=6560"}],"curies":[{"name":"wp","href":"https:\/\/api.w.org\/{rel}","templated":true}]}}