{"id":6559,"date":"2015-08-26T17:29:07","date_gmt":"2015-08-26T20:29:07","guid":{"rendered":"http:\/\/catolicanet.net\/wp-cnet\/papa-nos-eua-encontro-com-imigrantes-e-criancas-em-ny\/"},"modified":"2017-04-11T13:48:38","modified_gmt":"2017-04-11T16:48:38","slug":"papa-nos-eua-encontro-com-imigrantes-e-criancas-em-ny","status":"publish","type":"post","link":"https:\/\/catolicanet.net\/wp-cnet\/papa-nos-eua-encontro-com-imigrantes-e-criancas-em-ny\/","title":{"rendered":"Papa nos EUA: encontro com imigrantes e crian\u00e7as em NY"},"content":{"rendered":"<p style=\"text-align: justify;\"> <img decoding=\"async\" src=\"http:\/\/catolicanet.com.br\/images\/stories\/01ansa838399_articolo.jpg\" border=\"0\" align=\"left\" \/>Durante a programa\u00e7\u00e3o do Papa Francisco em Nova Iorque, em setembro, est\u00e1 reservada meia hora para encontrar crian\u00e7as de uma Liga de Futebol da regi\u00e3o de Bronx \u2013 formada por menores centro-americanos que cruzaram sozinhos a fronteira com os Estados Unidos. <\/p>\n<p>O encontro est\u00e1 marcado para o dia 25 de setembro no gin\u00e1sio da Escola Cat\u00f3lica Our Lady Queens of Angels, do bairro de East Harlem. Nesse mesmo local, o Pont\u00edfice tamb\u00e9m encontrar\u00e1 grupos de latinos que est\u00e3o sendo reconhecidos pelas dioceses de Nova Iorque. Segundo o porta-voz da arquidiocese local, Joseph Zwilling, a visita de Francisco tanto \u00e0s crian\u00e7as quanto aos imigrantes acontecer\u00e1 no mesmo lugar para evitar traslados do Santo Padre na cidade.<\/p>\n<p>\u201cO pedido que recebemos da Santa S\u00e9 foi que o Papa Francisco, durante sua visita a Nova Iorque, quisesse aprender sobre o nosso sistema de escolas cat\u00f3licas, especialmente aquelas da cidade, e queria ter a oportunidade, tamb\u00e9m, de conhecer mais e se reunir com os imigrantes\u201d, disse o porta-voz \u00e0 ag\u00eancia Associated Press. Que acrescentou: \u201cum dos grandes temas de seu papado \u00e9 aquele de acolher o estrangeiro, dar a m\u00e3o ao imigrante e, dessa forma, \u00e9 algo que ele queria fazer por aqui. Nova Iorque \u00e9 ainda uma comunidade de imigrantes\u201d.<\/p>\n<p>Esses grupos que v\u00e3o ver Francisco t\u00eam recebido ajuda dos servi\u00e7os de imigra\u00e7\u00e3o de Caridades Cat\u00f3licas, uma federa\u00e7\u00e3o de ag\u00eancias de servi\u00e7os sociais para os pobres ou pessoas com dificuldades. Segundo Joseph Zwilling, o Papa poder\u00e1 encontrar cerca de 100 imigrantes de seis grupos distintos. <\/p>\n<p>No dia 25 de setembro, ent\u00e3o, o Pont\u00edfice ser\u00e1 recebido \u00e0s 16h por 250 estudantes de v\u00e1rios col\u00e9gios cat\u00f3licos da cidade. Primeiramente, numa sala de aula da Escola, Francisco deve encontrar 24 crian\u00e7as de uma m\u00e9dia de 8 anos de idade, provenientes de quatro col\u00e9gios. S\u00e3o alunos latinos e afroamericanos que poder\u00e3o conversar com o Papa por cerca de 20 minutos para depois seguir ao gin\u00e1sio de esportes. onde estar\u00e3o lhe esperando os imigrantes.<\/p>\n<p style=\"text-align: justify;\">Fonte: R\u00e1dio Vaticano<\/p>\n","protected":false},"excerpt":{"rendered":"<p>Durante a programa\u00e7\u00e3o do Papa Francisco em Nova Iorque, em setembro, est\u00e1 reservada meia hora para encontrar crian\u00e7as de uma Liga de Futebol da regi\u00e3o de Bronx \u2013 formada por menores centro-americanos que cruzaram sozinhos a fronteira com os Estados Unidos. O encontro est\u00e1 marcado para o dia 25 de setembro no gin\u00e1sio da Escola [&hellip;]<\/p>\n","protected":false},"author":1,"featured_media":0,"comment_status":"closed","ping_status":"closed","sticky":false,"template":"","format":"standard","meta":{"footnotes":""},"categories":[3],"tags":[],"class_list":["post-6559","post","type-post","status-publish","format-standard","hentry","category-vaticano"],"_links":{"self":[{"href":"https:\/\/catolicanet.net\/wp-cnet\/wp-json\/wp\/v2\/posts\/6559","targetHints":{"allow":["GET"]}}],"collection":[{"href":"https:\/\/catolicanet.net\/wp-cnet\/wp-json\/wp\/v2\/posts"}],"about":[{"href":"https:\/\/catolicanet.net\/wp-cnet\/wp-json\/wp\/v2\/types\/post"}],"author":[{"embeddable":true,"href":"https:\/\/catolicanet.net\/wp-cnet\/wp-json\/wp\/v2\/users\/1"}],"replies":[{"embeddable":true,"href":"https:\/\/catolicanet.net\/wp-cnet\/wp-json\/wp\/v2\/comments?post=6559"}],"version-history":[{"count":1,"href":"https:\/\/catolicanet.net\/wp-cnet\/wp-json\/wp\/v2\/posts\/6559\/revisions"}],"predecessor-version":[{"id":11339,"href":"https:\/\/catolicanet.net\/wp-cnet\/wp-json\/wp\/v2\/posts\/6559\/revisions\/11339"}],"wp:attachment":[{"href":"https:\/\/catolicanet.net\/wp-cnet\/wp-json\/wp\/v2\/media?parent=6559"}],"wp:term":[{"taxonomy":"category","embeddable":true,"href":"https:\/\/catolicanet.net\/wp-cnet\/wp-json\/wp\/v2\/categories?post=6559"},{"taxonomy":"post_tag","embeddable":true,"href":"https:\/\/catolicanet.net\/wp-cnet\/wp-json\/wp\/v2\/tags?post=6559"}],"curies":[{"name":"wp","href":"https:\/\/api.w.org\/{rel}","templated":true}]}}