{"id":6557,"date":"2015-08-26T17:12:08","date_gmt":"2015-08-26T20:12:08","guid":{"rendered":"http:\/\/catolicanet.net\/wp-cnet\/papa-aos-catolicos-de-lingua-hebraica-sejam-artifices-de-dialogo-e-paz\/"},"modified":"2017-04-11T13:50:35","modified_gmt":"2017-04-11T16:50:35","slug":"papa-aos-catolicos-de-lingua-hebraica-sejam-artifices-de-dialogo-e-paz","status":"publish","type":"post","link":"https:\/\/catolicanet.net\/wp-cnet\/papa-aos-catolicos-de-lingua-hebraica-sejam-artifices-de-dialogo-e-paz\/","title":{"rendered":"Papa aos cat\u00f3licos de l\u00edngua hebraica: sejam art\u00edfices de di\u00e1logo e paz"},"content":{"rendered":"<p style=\"text-align: justify;\"><img decoding=\"async\" src=\"http:\/\/catolicanet.com.br\/images\/stories\/geral\/epa871924_articolo.jpg\" border=\"0\" align=\"left\" \/> O Papa Francisco expressou suas \u201ccordiais felicita\u00e7\u00f5es\u201d pelos 60 anos de funda\u00e7\u00e3o da Obra de S\u00e3o Tiago, que re\u00fane os cat\u00f3licos de l\u00edngua hebraica em Israel. Em mensagem assinada pelo Cardeal Secret\u00e1rio de Estado, Pietro Parolin, o Pont\u00edfice &#8211; ao recordar as \u201cnumerosas gra\u00e7as concedidas por Deus\u201d a esta comunidade no decorrer dos anos &#8211; reza para que os fieis de l\u00edngua hebraica possam ser renovados no \u201cjubiloso testemunho do Evangelho\u201d, \u201cn\u00e3o somente com palavras, mas sobretudo com uma vida transfigurada pela presen\u00e7a de Deus\u201d.<\/p>\n<p>\u201cDeste modo \u2013 continua a mensagem &#8211; n\u00e3o somente a comunidade do Vicariato ser\u00e1 refor\u00e7ada, mas se tornar\u00e1 tamb\u00e9m um instrumento sempre mais eficaz de di\u00e1logo e de paz\u201d dentro da sociedade, e \u201cum sinal do amor de Cristo pelos mais necessitados\u201d.<\/p>\n<p>O respons\u00e1vel pela Obra de S\u00e3o Tiago, Padre David Neuhaus SJ, enviou ao Santo Padre uma c\u00f3pia da carta pastoral que havia escrito para a ocasi\u00e3o, onde reitera a import\u00e2ncia da reconstitui\u00e7\u00e3o da comunidade judaico-crist\u00e3 no Estado de Israel. Num contexto marcado por tens\u00f5es e conflitos \u2013 afirma ele \u2013 os cat\u00f3licos de l\u00edngua hebraica querem ser ponte de di\u00e1logo e reconcilia\u00e7\u00e3o entre israelenses e palestinos:<\/p>\n<p>\u201cN\u00f3s somos chamados a ser uma Igreja unida, temos a voca\u00e7\u00e3o de falar forte da paz, da justi\u00e7a, da reconcilia\u00e7\u00e3o entre o mundo \u00e1rabe e o mundo israelense. N\u00e3o \u00e9 f\u00e1cil, porque existem tantos que querem a viol\u00eancia, a guerra, e n\u00e3o pensam na reconcilia\u00e7\u00e3o; n\u00f3s que falamos hebraico, devemos dar este testemunho ao cora\u00e7\u00e3o da sociedade judaica: ser com os judeus, para os judeus, mas tamb\u00e9m disc\u00edpulos de Cristo que anunciam claramente paz, justi\u00e7a, reconcilia\u00e7\u00e3o, n\u00e3o existe outro caminho. Fa\u00e7amos isto em comunh\u00e3o profunda com os nossos confrades crist\u00e3os-\u00e1rabes que dizem a mesma coisa na sociedade palestina e no mundo \u00e1rabe\u201d.<\/p>\n<p style=\"text-align: justify;\">Fonte: R\u00e1dio Vaticano<\/p>\n","protected":false},"excerpt":{"rendered":"<p>O Papa Francisco expressou suas \u201ccordiais felicita\u00e7\u00f5es\u201d pelos 60 anos de funda\u00e7\u00e3o da Obra de S\u00e3o Tiago, que re\u00fane os cat\u00f3licos de l\u00edngua hebraica em Israel. Em mensagem assinada pelo Cardeal Secret\u00e1rio de Estado, Pietro Parolin, o Pont\u00edfice &#8211; ao recordar as \u201cnumerosas gra\u00e7as concedidas por Deus\u201d a esta comunidade no decorrer dos anos &#8211; [&hellip;]<\/p>\n","protected":false},"author":1,"featured_media":0,"comment_status":"closed","ping_status":"closed","sticky":false,"template":"","format":"standard","meta":{"footnotes":""},"categories":[3],"tags":[],"class_list":["post-6557","post","type-post","status-publish","format-standard","hentry","category-vaticano"],"_links":{"self":[{"href":"https:\/\/catolicanet.net\/wp-cnet\/wp-json\/wp\/v2\/posts\/6557","targetHints":{"allow":["GET"]}}],"collection":[{"href":"https:\/\/catolicanet.net\/wp-cnet\/wp-json\/wp\/v2\/posts"}],"about":[{"href":"https:\/\/catolicanet.net\/wp-cnet\/wp-json\/wp\/v2\/types\/post"}],"author":[{"embeddable":true,"href":"https:\/\/catolicanet.net\/wp-cnet\/wp-json\/wp\/v2\/users\/1"}],"replies":[{"embeddable":true,"href":"https:\/\/catolicanet.net\/wp-cnet\/wp-json\/wp\/v2\/comments?post=6557"}],"version-history":[{"count":1,"href":"https:\/\/catolicanet.net\/wp-cnet\/wp-json\/wp\/v2\/posts\/6557\/revisions"}],"predecessor-version":[{"id":11341,"href":"https:\/\/catolicanet.net\/wp-cnet\/wp-json\/wp\/v2\/posts\/6557\/revisions\/11341"}],"wp:attachment":[{"href":"https:\/\/catolicanet.net\/wp-cnet\/wp-json\/wp\/v2\/media?parent=6557"}],"wp:term":[{"taxonomy":"category","embeddable":true,"href":"https:\/\/catolicanet.net\/wp-cnet\/wp-json\/wp\/v2\/categories?post=6557"},{"taxonomy":"post_tag","embeddable":true,"href":"https:\/\/catolicanet.net\/wp-cnet\/wp-json\/wp\/v2\/tags?post=6557"}],"curies":[{"name":"wp","href":"https:\/\/api.w.org\/{rel}","templated":true}]}}