{"id":65507,"date":"2021-01-06T09:02:29","date_gmt":"2021-01-06T12:02:29","guid":{"rendered":"https:\/\/catolicanet.net\/wp-cnet\/?p=65507"},"modified":"2021-01-06T09:02:29","modified_gmt":"2021-01-06T12:02:29","slug":"para-comissao-vida-e-familia-ano-da-familia-amoris-laetitia-e-presente-do-papa","status":"publish","type":"post","link":"https:\/\/catolicanet.net\/wp-cnet\/para-comissao-vida-e-familia-ano-da-familia-amoris-laetitia-e-presente-do-papa\/","title":{"rendered":"PARA COMISS\u00c3O VIDA E FAM\u00cdLIA, ANO DA FAM\u00cdLIA AMORIS LAETITIA \u00c9 PRESENTE DO PAPA"},"content":{"rendered":"<p style=\"text-align: justify;\">A Comiss\u00e3o Nacional da Pastoral Familiar (CNPF) recebeu com alegria o an\u00fancio do Ano da Fam\u00edlia\u00a0<em>Amoris Laetitia<\/em>, convocado pelo Papa Francisco a partir do dia 19 de mar\u00e7o deste ano. Em v\u00eddeo, o assessor da Comiss\u00e3o Episcopal Pastoral para a Vida e a Fam\u00edlia da Confer\u00eancia Nacional dos Bispos do Brasil (CNBB) e secret\u00e1rio executivo da CNPF, padre Crispim Guimar\u00e3es, considerou a iniciativa um presente do Papa.<\/p>\n<p style=\"text-align: justify;\">Para ele, a alegria deve-se porque o Ano da Fam\u00edlia\u00a0<em>Amoris Laetitia<\/em>\u00a0coloca em pauta para toda a Igreja a import\u00e2ncia da fam\u00edlia. O an\u00fancio do per\u00edodo de reflex\u00e3o sobre a exorta\u00e7\u00e3o p\u00f3s-sinodal a respeito da \u201calegria do amor na fam\u00edlia\u201d foi feito durante a ora\u00e7\u00e3o do\u00a0<em>Angelus<\/em>\u00a0do domingo, 27 de dezembro, festa da Sagrada Fam\u00edlia.<\/p>\n<p style=\"text-align: justify;\">Padre Crispim explicou no v\u00eddeo que a proposta do ano ainda ser\u00e1 objeto de reflex\u00e3o por parte da Comiss\u00e3o para a Vida e a Fam\u00edlia, mas que os regionais do Brasil j\u00e1 colaboraram com sugest\u00f5es apresentadas ao Dicast\u00e9rio para os Leigos, a Fam\u00edlia e a Vida do Vaticano, inst\u00e2ncia que ter\u00e1 a responsabilidade de conduzir as atividades e, inclusive, j\u00e1 preparou um\u00a0<a href=\"http:\/\/www.laityfamilylife.va\/content\/laityfamilylife\/pt\/amoris-laetitia.html\" target=\"_blank\" rel=\"noreferrer noopener\">site para o ano<\/a>.<\/p>\n<p style=\"text-align: justify;\">\u201cVamos acompanhar tudo aquilo que for saindo a partir do Vaticano e continuar com nossas atividades programadas\u201d, explicou padre Crispim.<\/p>\n<p style=\"text-align: justify;\">Entre as atividades ligadas \u00e0s celebra\u00e7\u00f5es dos cinco anos da exorta\u00e7\u00e3o\u00a0<em>Amoris Laetitia<\/em>, j\u00e1 est\u00e1 no calend\u00e1rio nacional da Pastoral Familiar um evento on-line que ocorrer\u00e1 no in\u00edcio de maio com a participa\u00e7\u00e3o de te\u00f3logos de Roma e da Am\u00e9rica Latina. O evento de cinco dias tamb\u00e9m vai celebrar os 40 anos da exorta\u00e7\u00e3o apost\u00f3lica\u00a0<em>Familiaris Consortio<\/em>.<\/p>\n<h3 style=\"text-align: justify;\">A proposta do Ano<\/h3>\n<p style=\"text-align: justify;\">Segundo padre Crispim, o Ano \u201cFam\u00edlia\u00a0<em>Amoris Laetitia<\/em>\u201d busca reavivar a mem\u00f3ria dos bispos, padres, leigos e das fam\u00edlias sobre a import\u00e2ncia da institui\u00e7\u00e3o familiar, recordando tudo o que j\u00e1 foi discutido em dois s\u00ednodos sobre o assunto e que se materializou em forma de documento papal.<\/p>\n<blockquote class=\"wp-block-quote\"><p>\u201c<em>Vamos programar nossas atividades para que, de maneira transversal, tudo o que possa se referir a esse Ano seja introduzido nos nossos encontros e simp\u00f3sios. Os objetivos, a partir daquilo que j\u00e1 recebemos, para este ano \u00e9 difundir o conte\u00fado da exorta\u00e7\u00e3o apost\u00f3lica Amoris laetitia que muita gente j\u00e1 esqueceu ou n\u00e3o chegou a ter contato<\/em>\u201d, informou.<\/p><\/blockquote>\n<p style=\"text-align: justify;\">O assessor da Comiss\u00e3o para a Vida e a Fam\u00edlia da CNBB ainda cita os principais objetivos do ano convocado pelo Papa: tornar as fam\u00edlias protagonistas da Pastoral Familiar; anunciar o sacramento do matrim\u00f4nio como uma d\u00e1diva; conscientizar os jovens sobre a import\u00e2ncia de viver a f\u00e9 e se preparar para essa voca\u00e7\u00e3o; e alargar o olhar para a a\u00e7\u00e3o pastoral da fam\u00edlia.<\/p>\n<p style=\"text-align: justify;\">Padre Crispim informa que o Vaticano j\u00e1 estabeleceu algumas a\u00e7\u00f5es. Uma delas \u00e9 que o Papa Francisco vai gravar os cap\u00edtulos da Amoris laetitia, o que certamente chegar\u00e1 a muitas pessoas. Tamb\u00e9m ser\u00e3o apresentadas estrat\u00e9gias a partir do que o pr\u00f3prio Dicast\u00e9rio para os Leigos, a Fam\u00edlia e a Vida est\u00e1 recolhendo no mundo, com a\u00e7\u00f5es pr\u00e1ticas para se desempenhar bem esse papel de fam\u00edlia evangelizadora. Al\u00e9m disso, o sacerdote informa que outras propostas no Brasil ir\u00e3o surgir a partir das primeiras reuni\u00f5es da Comiss\u00e3o Episcopal e da CNPF nas pr\u00f3ximas semanas.<\/p>\n<blockquote class=\"wp-block-quote\"><p>\u201c<em>Vamos caminhando juntos com a Igreja, com o Papa, vamos nos preparando para celebrar bem. O que cada um pode fazer em casa, de imediato, \u00e9 recobrar os conte\u00fados da Amoris laetitia, estudando, rezando com esses conte\u00fados com a sua pr\u00f3pria fam\u00edlia (\u2026) Iremos dando outras not\u00edcias e indica\u00e7\u00f5es para que possamos celebrar esse ano t\u00e3o bonito, t\u00e3o significativo, juntamente com o Ano de S\u00e3o Jos\u00e9, que faz resplandecer, portanto, o valor da fam\u00edlia, sobretudo a partir da fam\u00edlia de Nazar\u00e9<\/em>\u201d.<\/p>\n<p><cite>Padre Crispim Guimar\u00e3es<\/cite><\/p><\/blockquote>\n<p>&nbsp;<\/p>\n<div class=\"ast-oembed-container\">\n<div class=\"rll-youtube-player\" data-src=\"https:\/\/www.youtube.com\/embed\/Szo24IV4KX4\" data-id=\"Szo24IV4KX4\" data-query=\"rel=0\">\n<div data-id=\"Szo24IV4KX4\" data-query=\"rel=0\" data-src=\"https:\/\/www.youtube.com\/embed\/Szo24IV4KX4\">\n<p><iframe loading=\"lazy\" title=\"Padre Crispim Guimar\u00e3es | Ano Fam\u00edlia &#039;Amoris Laetitia&#039;\" width=\"696\" height=\"392\" src=\"https:\/\/www.youtube.com\/embed\/Szo24IV4KX4?feature=oembed\" frameborder=\"0\" allow=\"accelerometer; autoplay; clipboard-write; encrypted-media; gyroscope; picture-in-picture\" allowfullscreen><\/iframe><\/p>\n<div class=\"play\"><\/div>\n<\/div>\n<\/div>\n<\/div>\n<p>&nbsp;<\/p>\n<pre>Com informa\u00e7\u00f5es do Portal Vida e Fam\u00edlia<\/pre>\n","protected":false},"excerpt":{"rendered":"<p>A Comiss\u00e3o Nacional da Pastoral Familiar (CNPF) recebeu com alegria o an\u00fancio do Ano da Fam\u00edlia\u00a0Amoris Laetitia, convocado pelo Papa Francisco a partir do dia 19 de mar\u00e7o deste ano. Em v\u00eddeo, o assessor da Comiss\u00e3o Episcopal Pastoral para a Vida e a Fam\u00edlia da Confer\u00eancia Nacional dos Bispos do Brasil (CNBB) e secret\u00e1rio executivo [&hellip;]<\/p>\n","protected":false},"author":1,"featured_media":65508,"comment_status":"open","ping_status":"closed","sticky":false,"template":"","format":"standard","meta":{"footnotes":""},"categories":[7,13],"tags":[],"class_list":["post-65507","post","type-post","status-publish","format-standard","has-post-thumbnail","hentry","category-cnbb","category-featured"],"_links":{"self":[{"href":"https:\/\/catolicanet.net\/wp-cnet\/wp-json\/wp\/v2\/posts\/65507","targetHints":{"allow":["GET"]}}],"collection":[{"href":"https:\/\/catolicanet.net\/wp-cnet\/wp-json\/wp\/v2\/posts"}],"about":[{"href":"https:\/\/catolicanet.net\/wp-cnet\/wp-json\/wp\/v2\/types\/post"}],"author":[{"embeddable":true,"href":"https:\/\/catolicanet.net\/wp-cnet\/wp-json\/wp\/v2\/users\/1"}],"replies":[{"embeddable":true,"href":"https:\/\/catolicanet.net\/wp-cnet\/wp-json\/wp\/v2\/comments?post=65507"}],"version-history":[{"count":1,"href":"https:\/\/catolicanet.net\/wp-cnet\/wp-json\/wp\/v2\/posts\/65507\/revisions"}],"predecessor-version":[{"id":65509,"href":"https:\/\/catolicanet.net\/wp-cnet\/wp-json\/wp\/v2\/posts\/65507\/revisions\/65509"}],"wp:featuredmedia":[{"embeddable":true,"href":"https:\/\/catolicanet.net\/wp-cnet\/wp-json\/wp\/v2\/media\/65508"}],"wp:attachment":[{"href":"https:\/\/catolicanet.net\/wp-cnet\/wp-json\/wp\/v2\/media?parent=65507"}],"wp:term":[{"taxonomy":"category","embeddable":true,"href":"https:\/\/catolicanet.net\/wp-cnet\/wp-json\/wp\/v2\/categories?post=65507"},{"taxonomy":"post_tag","embeddable":true,"href":"https:\/\/catolicanet.net\/wp-cnet\/wp-json\/wp\/v2\/tags?post=65507"}],"curies":[{"name":"wp","href":"https:\/\/api.w.org\/{rel}","templated":true}]}}