{"id":65496,"date":"2021-01-04T16:02:50","date_gmt":"2021-01-04T19:02:50","guid":{"rendered":"https:\/\/catolicanet.net\/wp-cnet\/?p=65496"},"modified":"2021-01-05T16:03:34","modified_gmt":"2021-01-05T19:03:34","slug":"vimos-sua-estrela-2","status":"publish","type":"post","link":"https:\/\/catolicanet.net\/wp-cnet\/vimos-sua-estrela-2\/","title":{"rendered":"Vimos sua estrela"},"content":{"rendered":"<p style=\"text-align: justify;\">No \u00faltimo final de semana, primeiro domingo de 2021, celebramos a Solenidade da Epifania do Senhor, festa transferida do dia 6 de janeiro para o domingo. Epifania: manifesta\u00e7\u00e3o de Deus a humanidade. Deus se revela atrav\u00e9s do seu Filho a humanidade inteira. Quando os s\u00e1bios encontram o Menino Jesus deitado na manjedoura e lhe entregam seus presentes, seria como se todos n\u00f3s entreg\u00e1ssemos presentes ao menino Jesus.<\/p>\n<p style=\"text-align: justify;\">Diante da manjedoura e do Menino que acabara de nascer devemos nos curvar e ador\u00e1-lo e agradecer a Deus o maior presente que ele nos deu que \u00e9 Jesus. A festa da Epifania conhecida popularmente como dia de Reis ocorre no dia 6 de Janeiro, mas a Igreja no Brasil celebra essa solenidade no domingo, para que um n\u00famero maior de fi\u00e9is possa participar da celebra\u00e7\u00e3o e a data n\u00e3o passe desapercebida. Em alguns pa\u00edses esse dia \u00e9 celebrado t\u00e3o solenemente como o Natal.<\/p>\n<p style=\"text-align: justify;\">Hoje em dia n\u00f3s n\u00e3o devemos deixar morrer essa tradi\u00e7\u00e3o e devemos celebrar vivamente a Festa da Epifania do Senhor. Em alguns pa\u00edses da Europa no dia de Reis \u00e9 realizada a troca de presentes como fazemos aqui no Brasil no dia 24 de dezembro a noite. Eles fazem isso pois, assim como os reis magos entregaram seus presentes ao Menino Jesus com o ouro, o incenso e a mirra, simbolicamente n\u00f3s fazemos isso uns com os outros.<\/p>\n<p style=\"text-align: justify;\">Os magos seguiram a estrela que brilhou no c\u00e9u e chegaram at\u00e9 ao Menino Jesus, fa\u00e7amos n\u00f3s a mesma coisa, guiemo-nos pela estrela que brilha no c\u00e9u e que veio para iluminar todos os povos que \u00e9 Jesus de Nazar\u00e9. Ofere\u00e7amos ao Senhor nesta Eucaristia os nossos dons e tudo aquilo que temos, ofertemos a ele em especial a nossa vida e a de nossos parentes. Deixemos com que o Senhor se revele a n\u00f3s a nossos familiares.<\/p>\n<p style=\"text-align: justify;\">Na primeira leitura <em>(Is 60, 1-6), <\/em>o profeta Isa\u00edas est\u00e1 no contexto do povo que voltava do ex\u00edlio da Babil\u00f4nia e diz para esse povo criar \u00e2nimo e coragem, pois Deus est\u00e1 com eles. O povo que andava na escurid\u00e3o agora enxerga a luz do Senhor. A gl\u00f3ria do Senhor era manifestada sobre eles e todos voltar\u00e3o felizes trazendo em suas m\u00e3os o ouro e o incenso.<\/p>\n<p style=\"text-align: justify;\">Trazendo para a realidade da festa que celebramos, a luz do Senhor tamb\u00e9m brilhou em meio as trevas e o povo que andava desanimado e sob o jugo do pecado poder\u00e1 ver a manifesta\u00e7\u00e3o de Deus em Jesus Cristo. E n\u00f3s hoje devemos nos alegrar e nos pautarmos por essa luz que vem do Senhor.<\/p>\n<p style=\"text-align: justify;\">O salmo responsorial &#8211; <em>71 (72) &#8211;<\/em>, nos diz em seu refr\u00e3o: \u201c<em>As na\u00e7\u00f5es de Toda terra h\u00e3o de adorar-vos \u00d3 Senhor\u201d, <\/em>ou seja, Deus se manifestou a todas as na\u00e7\u00f5es, ele n\u00e3o quis revelar o seu filho a apenas uma na\u00e7\u00e3o, mas para a terra inteira. Pois todos os povos encontrar\u00e3o nele a salva\u00e7\u00e3o.<\/p>\n<p style=\"text-align: justify;\">Na segunda leitura <em>(Ef 3, 2-3a.5-6), <\/em>S\u00e3o Paulo diz que Deus quis revelar o mist\u00e9rio do nascimento do seu Filho a todas as gera\u00e7\u00f5es, n\u00e3o somente as gera\u00e7\u00f5es que passaram, mas tamb\u00e9m na atual e nas que vir\u00e3o. Deus \u00e9 o mesmo ontem, hoje e sempre.<\/p>\n<p style=\"text-align: justify;\">O Evangelho (<em>Mt 2, 1-12), <\/em>S\u00e3o Mateus relata como os s\u00e1bios que vieram de longe buscaram informa\u00e7\u00f5es a respeito do nascimento de Jesus a partir do momento em que viram brilhar a estrela no c\u00e9u. Foram at\u00e9 Jerusal\u00e9m ter com Herodes e perguntaram se ali que deveria nascer o Rei dos Judeus. Herodes fica nervoso, pois achava que somente ele deveria ser o Rei de Israel e evidentemente n\u00e3o entende que o reinado de Jesus n\u00e3o era de maneira alguma igual o dele.<\/p>\n<p style=\"text-align: justify;\">Herodes se re\u00fane com os sumos sacerdotes e mestres da Lei e come\u00e7am a pesquisar onde deveria nascer o rei dos Judeus. Eles chegam a conclus\u00e3o que seria em Bel\u00e9m de Jud\u00e1. Herodes procura saber dos Magos quando a estrela apareceu e os envia a Bel\u00e9m para que depois eles lhes trouxessem informa\u00e7\u00f5es a respeito do nascimento do menino. Mas, os s\u00e1bios foram avisados em sonho para n\u00e3o voltarem a Herodes, pois ele tinha a inten\u00e7\u00e3o de matar o menino Jesus.<\/p>\n<p style=\"text-align: justify;\">E depois de adorarem e oferecerem presentes ao menino Jesus, eles voltam por outro caminho guiados pelo anjo. Segundo uma tradi\u00e7\u00e3o, os tr\u00eas reis magos se chamam Baltazar, Melchior e Gaspar e oferecem ao menino Jesus ouro, incenso e mirra.<\/p>\n<p style=\"text-align: justify;\">O ouro por causa da realeza do Menino Jesus, o incenso devido a sua divindade e a mirra, considerada a sua humanidade, seria o mesmo \u00f3leo que Jesus seria ungido ap\u00f3s a sua morte.<\/p>\n<p style=\"text-align: justify;\">Ent\u00e3o podemos nos perguntar hoje, o que eu ofere\u00e7o ao Senhor? Que eu trago para dar a Ele? N\u00e3o \u00e9 mais ouro, incenso ou mirra, mas deve ser em primeiro lugar a nossa vida. Entregar a ele os nossos talentos e aquilo que devemos sempre ser capazes de fazer e aquilo que ele nos deixou de li\u00e7\u00e3o: o amor.\u00a0 O amor a Deus e ao pr\u00f3ximo como complemento desse amor dele por n\u00f3s.<\/p>\n<p style=\"text-align: justify;\">N\u00f3s que participamos neste final de semana da Eucaristia da Epifania do Senhor, dentro ainda das celebra\u00e7\u00f5es natalinas, pe\u00e7amos a Ele que se manifeste a cada um de n\u00f3s, hoje de uma maneira diferente, agora por meio da Eucaristia.<\/p>\n<p style=\"text-align: justify;\">Que a Virgem Maria nos proteja em nossa caminhada e ela nos ajude a conservarmos e guardar tudo em nosso cora\u00e7\u00e3o. Am\u00e9m.<\/p>\n","protected":false},"excerpt":{"rendered":"<p>No \u00faltimo final de semana, primeiro domingo de 2021, celebramos a Solenidade da Epifania do Senhor, festa transferida do dia 6 de janeiro para o domingo. Epifania: manifesta\u00e7\u00e3o de Deus a humanidade. Deus se revela atrav\u00e9s do seu Filho a humanidade inteira. Quando os s\u00e1bios encontram o Menino Jesus deitado na manjedoura e lhe entregam [&hellip;]<\/p>\n","protected":false},"author":5,"featured_media":55819,"comment_status":"open","ping_status":"closed","sticky":false,"template":"","format":"standard","meta":{"footnotes":""},"categories":[9],"tags":[],"class_list":["post-65496","post","type-post","status-publish","format-standard","has-post-thumbnail","hentry","category-artigos"],"_links":{"self":[{"href":"https:\/\/catolicanet.net\/wp-cnet\/wp-json\/wp\/v2\/posts\/65496","targetHints":{"allow":["GET"]}}],"collection":[{"href":"https:\/\/catolicanet.net\/wp-cnet\/wp-json\/wp\/v2\/posts"}],"about":[{"href":"https:\/\/catolicanet.net\/wp-cnet\/wp-json\/wp\/v2\/types\/post"}],"author":[{"embeddable":true,"href":"https:\/\/catolicanet.net\/wp-cnet\/wp-json\/wp\/v2\/users\/5"}],"replies":[{"embeddable":true,"href":"https:\/\/catolicanet.net\/wp-cnet\/wp-json\/wp\/v2\/comments?post=65496"}],"version-history":[{"count":1,"href":"https:\/\/catolicanet.net\/wp-cnet\/wp-json\/wp\/v2\/posts\/65496\/revisions"}],"predecessor-version":[{"id":65497,"href":"https:\/\/catolicanet.net\/wp-cnet\/wp-json\/wp\/v2\/posts\/65496\/revisions\/65497"}],"wp:featuredmedia":[{"embeddable":true,"href":"https:\/\/catolicanet.net\/wp-cnet\/wp-json\/wp\/v2\/media\/55819"}],"wp:attachment":[{"href":"https:\/\/catolicanet.net\/wp-cnet\/wp-json\/wp\/v2\/media?parent=65496"}],"wp:term":[{"taxonomy":"category","embeddable":true,"href":"https:\/\/catolicanet.net\/wp-cnet\/wp-json\/wp\/v2\/categories?post=65496"},{"taxonomy":"post_tag","embeddable":true,"href":"https:\/\/catolicanet.net\/wp-cnet\/wp-json\/wp\/v2\/tags?post=65496"}],"curies":[{"name":"wp","href":"https:\/\/api.w.org\/{rel}","templated":true}]}}