{"id":65478,"date":"2021-01-04T15:27:47","date_gmt":"2021-01-04T18:27:47","guid":{"rendered":"https:\/\/catolicanet.net\/wp-cnet\/?p=65478"},"modified":"2021-01-04T15:27:47","modified_gmt":"2021-01-04T18:27:47","slug":"aproveite-as-ferias-para-se-atualizar-sobre-as-publicacoes-da-igreja-no-brasil-com-e-books-da-edicoes-cnbb","status":"publish","type":"post","link":"https:\/\/catolicanet.net\/wp-cnet\/aproveite-as-ferias-para-se-atualizar-sobre-as-publicacoes-da-igreja-no-brasil-com-e-books-da-edicoes-cnbb\/","title":{"rendered":"APROVEITE AS F\u00c9RIAS PARA SE ATUALIZAR SOBRE AS PUBLICA\u00c7\u00d5ES DA IGREJA NO BRASIL COM E-BOOKS DA EDI\u00c7\u00d5ES CNBB"},"content":{"rendered":"<p style=\"text-align: justify;\">Desde 2019, a Edi\u00e7\u00f5es CNBB, editora da Confer\u00eancia Nacional dos Bispos do Brasil, vem investindo suas a\u00e7\u00f5es para ampliar a sua presen\u00e7a no mundo digital. Neste sentido, de acordo com o consultor de gest\u00e3o de processos da Confer\u00eancia, Jos\u00e9 Bezerra Luna, a atua\u00e7\u00e3o vem se dando em duas frentes: maior presen\u00e7a, intensifica\u00e7\u00e3o da divulga\u00e7\u00e3o e conex\u00e3o de todo o trabalho que desenvolve com as redes sociais e a amplia\u00e7\u00e3o da oferta de publica\u00e7\u00f5es em formato de e-books.<\/p>\n<p style=\"text-align: justify;\">Segundo Luna, a Edi\u00e7\u00f5es CNBB intensificou sua presen\u00e7a no Facebook, no canal do YouTube e no Instagram\u00a0 com divulga\u00e7\u00e3o de cards, obras e campanhas de evangeliza\u00e7\u00e3o e adotou, desde maio de 2020, a pr\u00e1tica de publicar todo novo t\u00edtulo em formato f\u00edsico e tamb\u00e9m digital.<\/p>\n<p style=\"text-align: justify;\">\u201cN\u00e3o podemos esquecer que a miss\u00e3o da Edi\u00e7\u00f5es CNBB \u00e9 evangelizar e ela o faz por meio de suas obras, ent\u00e3o temos feito muita campanha, nos inserindo seja de forma espont\u00e2nea ou patrocinada, nos perfis, de tal maneira que aumentamos bastante o nosso alcance no p\u00fablico cada vez mais digital\u201d, disse.<\/p>\n<p style=\"text-align: justify;\">Segundo ele, a Edi\u00e7\u00f5es CNBB est\u00e1 usando as plataformas digitais para alcan\u00e7ar todas as pessoas, par\u00f3quias, dioceses e o fiel na ponta. O processo de publica\u00e7\u00e3o digital foi iniciado em 2019 e intensificado com a pandemia. At\u00e9 agora, a editora conta com 33 publica\u00e7\u00f5es em formato de e-book.<\/p>\n<h4 style=\"text-align: justify;\">Compra f\u00e1cil e simples<\/h4>\n<p style=\"text-align: justify;\">O consultor de processos da Edi\u00e7\u00f5es da CNBB informa que a compra de algum t\u00edtulo digital obedece a um ritual bem simples: o usu\u00e1rio vai ao site da editora, escolhe sua obra e \u00e9 direcionado para uma das plataformas digitais para ebooks de acordo com o dispositivo que possui: o kindle da Amazon, na Apple Store ou na Play Store do Google e no Rakuten Kobo onde tamb\u00e9m conseguir\u00e1 fazer seu download.<\/p>\n<p style=\"text-align: justify;\">\u201cIsto \u00e9 muito simples porque o pr\u00f3prio site da Edi\u00e7\u00f5es CNBB, onde tem o campo \u2018livros digitais\u2019, j\u00e1 direciona o cliente de acordo com seu gosto e dispositivo para leitura indicado. Com isso, vamos aumentando o alcance da Edi\u00e7\u00f5es CNBB nos meios digitais tornando mais uma op\u00e7\u00e3o que o usu\u00e1rio tem\u201d, afirmou.<\/p>\n<p style=\"text-align: justify;\">O mais importante, segundo Luna, \u00e9 que a evangeliza\u00e7\u00e3o e a palavra, os textos, as publica\u00e7\u00f5es, as diretrizes, os diret\u00f3rios e documentos e o conte\u00fado da Igreja possam ser mais facilmente acessados pelos fieis.<\/p>\n<p style=\"text-align: justify;\"><em><a title=\"\" href=\"https:\/\/eadn-wc02-718006.nxedge.io\/cdn\/wp-content\/uploads\/2020\/07\/Obras-digitais-Edi%C3%A7%C3%B5es-CNBB.jpg\" data-rel=\"lightbox-image-0\" data-rl_title=\"\" data-rl_caption=\"\"><img loading=\"lazy\" decoding=\"async\" class=\"alignnone size-full wp-image-242865 lazyloaded\" src=\"https:\/\/eadn-wc02-718006.nxedge.io\/cdn\/wp-content\/uploads\/2020\/07\/Obras-digitais-Edi%C3%A7%C3%B5es-CNBB.jpg\" sizes=\"auto, (max-width: 975px) 100vw, 975px\" srcset=\"https:\/\/eadn-wc02-718006.nxedge.io\/cdn\/wp-content\/uploads\/2020\/07\/Obras-digitais-Edi\u00e7\u00f5es-CNBB.jpg 975w, https:\/\/eadn-wc02-718006.nxedge.io\/cdn\/wp-content\/uploads\/2020\/07\/Obras-digitais-Edi\u00e7\u00f5es-CNBB-300x137.jpg 300w, https:\/\/eadn-wc02-718006.nxedge.io\/cdn\/wp-content\/uploads\/2020\/07\/Obras-digitais-Edi\u00e7\u00f5es-CNBB-768x351.jpg 768w, https:\/\/eadn-wc02-718006.nxedge.io\/cdn\/wp-content\/uploads\/2020\/07\/Obras-digitais-Edi\u00e7\u00f5es-CNBB-500x228.jpg 500w\" alt=\"\" width=\"975\" height=\"445\" data-ll-status=\"loaded\" \/><\/a>Obras a que o leitor que opta pelo formato digital pode ter acesso.<\/em><\/p>\n<p style=\"text-align: justify;\"><a href=\"https:\/\/www.edicoescnbb.com.br\/produto\/a-oracao-o-respiro-da-vida-nova-digital-71479\"><strong>Ora\u00e7\u00e3o: o respiro da vida nova\u00a0<\/strong><\/a><\/p>\n<p style=\"text-align: justify;\"><img loading=\"lazy\" decoding=\"async\" class=\"alignleft wp-image-256993 size-medium lazyloaded\" src=\"https:\/\/eadn-wc02-718006.nxedge.io\/cdn\/wp-content\/uploads\/2020\/07\/A-ora%C3%A7%C3%A3o-Papa-198x300.png\" sizes=\"auto, (max-width: 198px) 100vw, 198px\" srcset=\"https:\/\/eadn-wc02-718006.nxedge.io\/cdn\/wp-content\/uploads\/2020\/07\/A-ora\u00e7\u00e3o-Papa-198x300.png 198w, https:\/\/eadn-wc02-718006.nxedge.io\/cdn\/wp-content\/uploads\/2020\/07\/A-ora\u00e7\u00e3o-Papa.jpg 201w\" alt=\"\" width=\"198\" height=\"300\" data-ll-status=\"loaded\" \/>A presente obra cont\u00e9m as palavras mais significativas do Papa Francisco sobre ora\u00e7\u00e3o, a fim de ajudar os crist\u00e3os a viverem sua rela\u00e7\u00e3o pessoal com o Senhor. A introdu\u00e7\u00e3o ao texto, redigida pelo patriarca de Moscou, Kirill, mostra a profunda sintonia entre os cat\u00f3licos e ortodoxos na viv\u00eancia da dimens\u00e3o crist\u00e3 do encontro com o Senhor; pois, de fato, pela comunh\u00e3o com o Esp\u00edrito Santo, mesmo quando se reza no segredo do pr\u00f3prio quarto, na realidade se reza com toda a Igreja e o mundo inteiro. A obra termina com um belo texto em que o Papa Francisco apresenta o papel e o \u201clugar\u201d da ora\u00e7\u00e3o na vida crist\u00e3, que \u00e9 a nova vida que o Esp\u00edrito Santo nos deu no Batismo, que em Jesus nos tornou verdadeiros filhos do Pai.<\/p>\n<p style=\"text-align: justify;\">\n<p style=\"text-align: justify;\"><a href=\"https:\/\/www.edicoescnbb.com.br\/produto\/santa-dulce-dos-pobres-um-dom-para-a-igreja-um-dom-para-o-brasil-digital-71481\"><strong>Santa Dulce dos Pobres: um dom para a Igreja, um dom para o Brasil\u00a0<\/strong><\/a><\/p>\n<p style=\"text-align: justify;\">Pode-se dizer que Santa Dulce dos Pobres continua atendendo aos pobres, por meio daqueles que assumiram suas obras sociais. Seu exemplo continua arrastando muitos que se sentem impulsionados a tamb\u00e9m se dedicarem aos mais necessitados. Essa constata\u00e7\u00e3o fica clara \u00e0 medida em que o leitor percorre as p\u00e1ginas de Santa Dulce dos Pobres: um dom para a Igreja, um dom para o Brasil. Dom Murilo S. R. Krieger inspira com sua obra os que acompanham sua reflex\u00e3o que vai desde a beatifica\u00e7\u00e3o at\u00e9 a canoniza\u00e7\u00e3o de Santa Dulce.<\/p>\n<p style=\"text-align: justify;\"><strong><a href=\"https:\/\/www.edicoescnbb.com.br\/produto\/cf-2021-texto-base-digital-71546\">CF 2021 \u2013 Texto base digital\u00a0<\/a><\/strong><\/p>\n<p style=\"text-align: justify;\"><img loading=\"lazy\" decoding=\"async\" class=\"wp-image-256992 size-medium alignright lazyloaded\" src=\"https:\/\/eadn-wc02-718006.nxedge.io\/cdn\/wp-content\/uploads\/2020\/07\/CF-2021-Texto-base-digital-189x300.png\" sizes=\"auto, (max-width: 189px) 100vw, 189px\" srcset=\"https:\/\/eadn-wc02-718006.nxedge.io\/cdn\/wp-content\/uploads\/2020\/07\/CF-2021-Texto-base-digital-189x300.png 189w, https:\/\/eadn-wc02-718006.nxedge.io\/cdn\/wp-content\/uploads\/2020\/07\/CF-2021-Texto-base-digital.jpg 193w\" alt=\"\" width=\"189\" height=\"300\" data-ll-status=\"loaded\" \/>A Campanha da Fraternidade Ecum\u00eanica (CFE) representa uma das experi\u00eancias mais valiosas de miss\u00e3o evangelizadora em nosso pa\u00eds. O Texto-Base da CFE 2021 nos ajuda, por meio do tema escolhido \u2013 \u201cFraternidade e Di\u00e1logo: compromisso de amor\u201d \u2013 e do lema \u2013 \u201cCristo \u00e9 a nossa paz: do que era dividido, fez uma unidade\u201d (Ef 2,14a) \u2013 a sinalizar que o di\u00e1logo \u00e9 o nosso melhor testemunho. A f\u00e9 nos lembra de que Cristo \u00e9 nossa Paz e nos anima a prosseguir pelo caminho da unidade na diversidade. Com ela, afirmamos que a fraternidade e o di\u00e1logo s\u00e3o compromissos de amor, porque Cristo fez uma unidade daquilo que era dividido. A escolha por testemunhar a f\u00e9 vivida em diversidade desafia-nos a realizar a Campanha da Fraternidade Ecum\u00eanica 2021.<\/p>\n<p style=\"text-align: justify;\">Site da Edi\u00e7\u00f5es CNBB:\u00a0<a href=\"https:\/\/www.edicoescnbb.com.br\/\">www.edicoescnbb.com.br<\/a><\/p>\n","protected":false},"excerpt":{"rendered":"<p>Desde 2019, a Edi\u00e7\u00f5es CNBB, editora da Confer\u00eancia Nacional dos Bispos do Brasil, vem investindo suas a\u00e7\u00f5es para ampliar a sua presen\u00e7a no mundo digital. Neste sentido, de acordo com o consultor de gest\u00e3o de processos da Confer\u00eancia, Jos\u00e9 Bezerra Luna, a atua\u00e7\u00e3o vem se dando em duas frentes: maior presen\u00e7a, intensifica\u00e7\u00e3o da divulga\u00e7\u00e3o e [&hellip;]<\/p>\n","protected":false},"author":1,"featured_media":65479,"comment_status":"open","ping_status":"closed","sticky":false,"template":"","format":"standard","meta":{"footnotes":""},"categories":[7],"tags":[],"class_list":["post-65478","post","type-post","status-publish","format-standard","has-post-thumbnail","hentry","category-cnbb"],"_links":{"self":[{"href":"https:\/\/catolicanet.net\/wp-cnet\/wp-json\/wp\/v2\/posts\/65478","targetHints":{"allow":["GET"]}}],"collection":[{"href":"https:\/\/catolicanet.net\/wp-cnet\/wp-json\/wp\/v2\/posts"}],"about":[{"href":"https:\/\/catolicanet.net\/wp-cnet\/wp-json\/wp\/v2\/types\/post"}],"author":[{"embeddable":true,"href":"https:\/\/catolicanet.net\/wp-cnet\/wp-json\/wp\/v2\/users\/1"}],"replies":[{"embeddable":true,"href":"https:\/\/catolicanet.net\/wp-cnet\/wp-json\/wp\/v2\/comments?post=65478"}],"version-history":[{"count":1,"href":"https:\/\/catolicanet.net\/wp-cnet\/wp-json\/wp\/v2\/posts\/65478\/revisions"}],"predecessor-version":[{"id":65480,"href":"https:\/\/catolicanet.net\/wp-cnet\/wp-json\/wp\/v2\/posts\/65478\/revisions\/65480"}],"wp:featuredmedia":[{"embeddable":true,"href":"https:\/\/catolicanet.net\/wp-cnet\/wp-json\/wp\/v2\/media\/65479"}],"wp:attachment":[{"href":"https:\/\/catolicanet.net\/wp-cnet\/wp-json\/wp\/v2\/media?parent=65478"}],"wp:term":[{"taxonomy":"category","embeddable":true,"href":"https:\/\/catolicanet.net\/wp-cnet\/wp-json\/wp\/v2\/categories?post=65478"},{"taxonomy":"post_tag","embeddable":true,"href":"https:\/\/catolicanet.net\/wp-cnet\/wp-json\/wp\/v2\/tags?post=65478"}],"curies":[{"name":"wp","href":"https:\/\/api.w.org\/{rel}","templated":true}]}}