{"id":65431,"date":"2020-12-30T10:20:31","date_gmt":"2020-12-30T13:20:31","guid":{"rendered":"https:\/\/catolicanet.net\/wp-cnet\/?p=65431"},"modified":"2020-12-30T10:20:31","modified_gmt":"2020-12-30T13:20:31","slug":"este-e-o-presepio-mais-antigo-do-mundo","status":"publish","type":"post","link":"https:\/\/catolicanet.net\/wp-cnet\/este-e-o-presepio-mais-antigo-do-mundo\/","title":{"rendered":"Este \u00e9 o pres\u00e9pio mais antigo do mundo"},"content":{"rendered":"<p style=\"text-align: justify;\">O pres\u00e9pio mais antigo do mundo est\u00e1 em um sarc\u00f3fago de 350 d.C. localizado a 100 km de Roma, na cidade de Boville Ernica.<\/p>\n<p style=\"text-align: justify;\">Trata-se de um sarc\u00f3fago crist\u00e3o primitivo do s\u00e9culo IV que est\u00e1 preservado na\u00a0igreja\u00a0de San Pietro Ispano, em Boville Ernica (prov\u00edncia de Frosinone).<\/p>\n<p style=\"text-align: justify;\">Em um dos lados do sarc\u00f3fago de m\u00e1rmore branco, est\u00e1 esculpida a cena do nascimento de Cristo segundo o Evangelho. Da esquerda para a direita podem-se observar os tr\u00eas reis magos que levam presentes seguindo a estrela; um pastor; o boi e a mula; uma figura feminina sentada que \u00e9 a\u00a0Virgem Maria\u00a0e Jesus. N\u00e3o est\u00e1 S\u00e3o Jos\u00e9, que apareceu mais tarde na iconografia crist\u00e3.<\/p>\n<p style=\"text-align: justify;\">Este sarc\u00f3fago foi descoberto em 1941, ap\u00f3s a realiza\u00e7\u00e3o de escava\u00e7\u00f5es no bairro de Sasso, onde foram encontrados restos de uma villa romana e, ap\u00f3s obras de restaura\u00e7\u00e3o, est\u00e1 preservado na igreja de San Pietro Ispano, desde 1947.<\/p>\n<p style=\"text-align: justify;\">Segundo as pesquisas, este sarc\u00f3fago paleocrist\u00e3o foi esculpido em um ateli\u00ea romano e alguns especialistas indicam que o sarc\u00f3fago tamb\u00e9m representaria um mapa astron\u00f4mico mostrando a posi\u00e7\u00e3o das estrelas na noite em que Jesus chegou.<\/p>\n<p style=\"text-align: justify;\">Na cena do\u00a0Natal\u00a0est\u00e3o alguns pontos que s\u00e3o prov\u00e1veis \u200b\u200bindicadores de um mapa estelar do c\u00e9u de Bel\u00e9m de 25 de dezembro. Al\u00e9m disso, h\u00e1 uma estrela de seis pontas, a estrela de Davi, esculpida.<\/p>\n<p style=\"text-align: justify;\">A arque\u00f3loga Elisa Canetri, autora do artigo &#8220;o sarc\u00f3fago crist\u00e3o primitivo de Boville Ernica&#8221; indicou que o sarc\u00f3fago foi feito por volta de 330 a 350 d.C. e que \u00e9 \u201cum\u00a0<em>unicum<\/em>\u00a0no \u00e2mbito hist\u00f3rico, art\u00edstico e religioso\u201d.<\/p>\n<p style=\"text-align: justify;\"><em>Publicado originalmente em\u00a0<a href=\"https:\/\/www.aciprensa.com\/noticias\/este-es-el-pesebre-mas-antiguo-del-mundo-97576\">ACI Prensa.<\/a>\u00a0Traduzido e adaptado por Nath\u00e1lia Queiroz.<\/em><\/p>\n","protected":false},"excerpt":{"rendered":"<p>O pres\u00e9pio mais antigo do mundo est\u00e1 em um sarc\u00f3fago de 350 d.C. localizado a 100 km de Roma, na cidade de Boville Ernica. Trata-se de um sarc\u00f3fago crist\u00e3o primitivo do s\u00e9culo IV que est\u00e1 preservado na\u00a0igreja\u00a0de San Pietro Ispano, em Boville Ernica (prov\u00edncia de Frosinone). Em um dos lados do sarc\u00f3fago de m\u00e1rmore branco, [&hellip;]<\/p>\n","protected":false},"author":1,"featured_media":65432,"comment_status":"open","ping_status":"closed","sticky":false,"template":"","format":"standard","meta":{"footnotes":""},"categories":[4],"tags":[],"class_list":["post-65431","post","type-post","status-publish","format-standard","has-post-thumbnail","hentry","category-cotidiano"],"_links":{"self":[{"href":"https:\/\/catolicanet.net\/wp-cnet\/wp-json\/wp\/v2\/posts\/65431","targetHints":{"allow":["GET"]}}],"collection":[{"href":"https:\/\/catolicanet.net\/wp-cnet\/wp-json\/wp\/v2\/posts"}],"about":[{"href":"https:\/\/catolicanet.net\/wp-cnet\/wp-json\/wp\/v2\/types\/post"}],"author":[{"embeddable":true,"href":"https:\/\/catolicanet.net\/wp-cnet\/wp-json\/wp\/v2\/users\/1"}],"replies":[{"embeddable":true,"href":"https:\/\/catolicanet.net\/wp-cnet\/wp-json\/wp\/v2\/comments?post=65431"}],"version-history":[{"count":1,"href":"https:\/\/catolicanet.net\/wp-cnet\/wp-json\/wp\/v2\/posts\/65431\/revisions"}],"predecessor-version":[{"id":65433,"href":"https:\/\/catolicanet.net\/wp-cnet\/wp-json\/wp\/v2\/posts\/65431\/revisions\/65433"}],"wp:featuredmedia":[{"embeddable":true,"href":"https:\/\/catolicanet.net\/wp-cnet\/wp-json\/wp\/v2\/media\/65432"}],"wp:attachment":[{"href":"https:\/\/catolicanet.net\/wp-cnet\/wp-json\/wp\/v2\/media?parent=65431"}],"wp:term":[{"taxonomy":"category","embeddable":true,"href":"https:\/\/catolicanet.net\/wp-cnet\/wp-json\/wp\/v2\/categories?post=65431"},{"taxonomy":"post_tag","embeddable":true,"href":"https:\/\/catolicanet.net\/wp-cnet\/wp-json\/wp\/v2\/tags?post=65431"}],"curies":[{"name":"wp","href":"https:\/\/api.w.org\/{rel}","templated":true}]}}