{"id":65419,"date":"2020-12-30T10:12:23","date_gmt":"2020-12-30T13:12:23","guid":{"rendered":"https:\/\/catolicanet.net\/wp-cnet\/?p=65419"},"modified":"2020-12-30T10:12:23","modified_gmt":"2020-12-30T13:12:23","slug":"retrospectiva-2020-gestao-pastoral-comunicacao-estrategica-e-a-formacao-integral-formam-o-eixo-prioritario-na-construcao-do-novo-estatuto-da-cnbb","status":"publish","type":"post","link":"https:\/\/catolicanet.net\/wp-cnet\/retrospectiva-2020-gestao-pastoral-comunicacao-estrategica-e-a-formacao-integral-formam-o-eixo-prioritario-na-construcao-do-novo-estatuto-da-cnbb\/","title":{"rendered":"RETROSPECTIVA 2020: GEST\u00c3O PASTORAL, COMUNICA\u00c7\u00c3O ESTRAT\u00c9GICA E A FORMA\u00c7\u00c3O INTEGRAL FORMAM O EIXO PRIORIT\u00c1RIO NA CONSTRU\u00c7\u00c3O DO NOVO ESTATUTO DA CNBB"},"content":{"rendered":"<p style=\"text-align: justify;\">A pandemia da covid-19 desafiou o mundo inteiro com novas rotinas para o enfrentamento ao dessa doen\u00e7a infecciosa que paralisou os pa\u00edses e matou milhares de pessoas em todo o mundo. Para conter o avan\u00e7o do coronav\u00edrus foram necess\u00e1rias diversas medidas de restri\u00e7\u00e3o. Entre elas, restri\u00e7\u00f5es na opera\u00e7\u00e3o de empresas e na circula\u00e7\u00e3o de pessoas.<\/p>\n<p style=\"text-align: justify;\">Tais medidas for\u00e7aram as organiza\u00e7\u00f5es a adotarem novos m\u00e9todos de trabalho como o home office e a implanta\u00e7\u00e3o de sistemas automatizados para dar continuidade ao of\u00edcio em v\u00e1rios setores da economia e social. Com a igreja n\u00e3o foi diferente. Para al\u00e9m do atendimento pastoral, que teve de se adequar a novas possibilidades, tamb\u00e9m a gest\u00e3o dessas entidades precisou ser repensada.<\/p>\n<p style=\"text-align: justify;\">Nesse contexto, a gest\u00e3o pastoral, a comunica\u00e7\u00e3o estrat\u00e9gica e a forma\u00e7\u00e3o integral junto com a sinodalidade e missionariedade formam a base do novo Estatuto da Confer\u00eancia Nacional dos Bispos do Brasil (CNBB), que come\u00e7ou a ser discutido em junho de 2020.<\/p>\n<p style=\"text-align: justify;\">Para colaborar com o processo de constru\u00e7\u00e3o do novo estatuto, a CNBB por meio do Instituto Nacional de Pastoral Alberto Antoniazzi (INAPAZ), vinculado \u00e0 entidade produziu seis lives no canal oficial do Youtube que abordaram pontos importantes que ser\u00e3o contemplados novo estatuto.<\/p>\n<p style=\"text-align: justify;\">Na segunda parte deste especial sobre o novo Estatuto da CNBB a gente destaca as tem\u00e1ticas: gest\u00e3o pastoral, comunica\u00e7\u00e3o estrat\u00e9gica e forma\u00e7\u00e3o integral que foram temas dos \u00faltimos tr\u00eas podcasts e lives produzidos para apresentar o novo Estatuto. A sinodalidade e missionariedade foram temas tratados na primeira parte desta reportagem.<\/p>\n<p style=\"text-align: justify;\">No quarto epis\u00f3dio da s\u00e9rie de podcasts a conversa foi sobre \u201cgest\u00e3o pastoral\u201d com o pr\u00f3-reitor de gest\u00e3o financeira da PUC-Minas, professor Paulo S\u00e9rgio Gontijo do Carmo; o assessor jur\u00eddico civil da CNBB, advogado Hugo Jos\u00e9 Sarubbi Cysneiros Oliveira; e o assessor de gest\u00e3o da confer\u00eancia, Jos\u00e9 Luna.<\/p>\n<p style=\"text-align: justify;\">O professor Paulo Sobre a import\u00e2ncia da gest\u00e3o para o servi\u00e7o da miss\u00e3o da Igreja.\u00a0<em>\u201cPenso sempre que falar sobre gest\u00e3o \u00e9 falar sobre o \u00f3bvio. Porque de maneira geral todos n\u00f3s temos uma boa no\u00e7\u00e3o do que \u00e9 gest\u00e3o ou do que \u00e9 necess\u00e1rio para fazer uma boa gest\u00e3o. Porque todo mundo tem uma no\u00e7\u00e3o muito clara de que a gente n\u00e3o pode gastar mais recursos do que a gente disp\u00f5e ou que a gente vai receber. Que gest\u00e3o \u00e9 preciso fazer algum tipo de planejamento, que na gest\u00e3o a gente tem que fazer avalia\u00e7\u00e3o de riscos. De forma geral, o tema gest\u00e3o \u00e9 um pouco o censo comum porque a final de contas na nossa vida a gente acaba lidando um pouco com a gest\u00e3o. Tanto a gest\u00e3o de uma grande empresa ou de uma institui\u00e7\u00e3o religiosa ou mesmo da nossa vida pessoal ela passa por determinadas bases\u201d<\/em>, destacou.<\/p>\n<p style=\"text-align: justify;\">Neste bate papo o professor aponta ainda oito pontos fundamentais para uma boa gest\u00e3o entre eles: autonomia e controle, planejamento e meta e processos e ressalta que gest\u00e3o n\u00e3o \u00e9 esfor\u00e7o \u00e9 resultado. O advogado Hugo Sarubbi Cysneiros, assessor jur\u00eddico civil da CNBB, fala sobre os aspectos jur\u00eddicos no contexto de uma gest\u00e3o pastoral, direcionada a comunidades religiosas e o assessor de gest\u00e3o da entidade, Jos\u00e9 Luna, fala um pouco do processo de moderniza\u00e7\u00e3o da gest\u00e3o pastoral da CNBB e dos seus 18 regionais.<\/p>\n<p style=\"text-align: justify;\">Outro tema amplamente debatido foi a comunica\u00e7\u00e3o estrat\u00e9gica no quinto epis\u00f3dio da s\u00e9rie que recebeu como convidados os bispos de Nova Igua\u00e7u (RJ), dom Gilson Andrade da Silva e de Tubar\u00e3o (SC), dom Jo\u00e3o Francisco Salm, e presidente da comiss\u00e3o para os minist\u00e9rios ordenados e a vida consagrada da CNBB e a professora Maria In\u00eas de Castro Millen, doutora em teologia e presidente da sociedade brasileira de teologia moral.<\/p>\n<p style=\"text-align: justify;\">O bispo de Nova Igua\u00e7u (RJ), dom Gilson Andrade da Silva, falou sobre os desafios para a forma\u00e7\u00e3o integral na Igreja no Brasil<\/p>\n<p style=\"text-align: justify;\"><em><img loading=\"lazy\" decoding=\"async\" class=\"wp-image-31965 alignright lazyloaded\" src=\"https:\/\/eadn-wc02-718006.nxedge.io\/cdn\/wp-content\/uploads\/2020\/03\/Dom-Gilson-Andrade.jpg\" sizes=\"auto, (max-width: 405px) 100vw, 405px\" srcset=\"https:\/\/eadn-wc02-718006.nxedge.io\/cdn\/wp-content\/uploads\/2020\/03\/Dom-Gilson-Andrade.jpg 1148w, https:\/\/eadn-wc02-718006.nxedge.io\/cdn\/wp-content\/uploads\/2020\/03\/Dom-Gilson-Andrade-300x169-1.jpg 300w, https:\/\/eadn-wc02-718006.nxedge.io\/cdn\/wp-content\/uploads\/2020\/03\/Dom-Gilson-Andrade-1024x578-1.jpg 1024w, https:\/\/eadn-wc02-718006.nxedge.io\/cdn\/wp-content\/uploads\/2020\/03\/Dom-Gilson-Andrade-768x434-1.jpg 768w, https:\/\/eadn-wc02-718006.nxedge.io\/cdn\/wp-content\/uploads\/2020\/03\/Dom-Gilson-Andrade-500x282-1.jpg 500w\" alt=\"\" width=\"405\" height=\"229\" data-ll-status=\"loaded\" \/>\u201cEu ceio que a forma\u00e7\u00e3o integral \u00e9 uma meta importante hoje que toda a educa\u00e7\u00e3o procura a ter. Mas tamb\u00e9m umas realidades mais dif\u00edceis de alcan\u00e7ar. O desafio primeiro que eu destacaria seria o desafio cultural. Talvez seja um dos mais provocantes. N\u00f3s vivemos numa sociedade bastante complexa, vencemos com rela\u00e7\u00e3o a esse tema da forma\u00e7\u00e3o, por exemplo, na problem\u00e1tica da p\u00f3s verdade, nas diversas crises culturais, sociais em que nos encontramos. Depois nessa imensidade de possibilidades que significa o mundo digital, o chamado continente digital, as perspectivas que temos tamb\u00e9m sociopol\u00edticas, religiosas. Um mundo bastante complexo e na hora de se falar de forma\u00e7\u00e3o, se de falar de educa\u00e7\u00e3o \u00e9 preciso ter isso bastante presente, porque a forma\u00e7\u00e3o integral tem a ver com desafio que a educa\u00e7\u00e3o tem que enfrentar diante de um tempo de tantas mudan\u00e7as, mudan\u00e7as continuas, mudan\u00e7as aceleradas. A gente algum tempo tem falado de mudan\u00e7a de \u00e9poca, agora j\u00e1 se fala at\u00e9 de mudan\u00e7a de era e, portanto, \u00e9 preciso estar sempre revisando aquilo que a gente aprendeu, aquilo que a gente aprende e ao mesmo tempo renovando as proporias convic\u00e7\u00f5es\u201d, ressaltou<\/em>.<\/p>\n<p style=\"text-align: justify;\"><img loading=\"lazy\" decoding=\"async\" class=\"wp-image-1293 alignright lazyloaded\" src=\"https:\/\/eadn-wc02-718006.nxedge.io\/cdn\/wp-content\/uploads\/2020\/02\/salm1.jpeg\" sizes=\"auto, (max-width: 277px) 100vw, 277px\" srcset=\"https:\/\/eadn-wc02-718006.nxedge.io\/cdn\/wp-content\/uploads\/2020\/02\/salm1.jpeg 1280w, https:\/\/eadn-wc02-718006.nxedge.io\/cdn\/wp-content\/uploads\/2020\/02\/salm1-300x200.jpeg 300w, https:\/\/eadn-wc02-718006.nxedge.io\/cdn\/wp-content\/uploads\/2020\/02\/salm1-1024x682.jpeg 1024w, https:\/\/eadn-wc02-718006.nxedge.io\/cdn\/wp-content\/uploads\/2020\/02\/salm1-768x511.jpeg 768w, https:\/\/eadn-wc02-718006.nxedge.io\/cdn\/wp-content\/uploads\/2020\/02\/salm1-500x333.jpeg 500w, https:\/\/eadn-wc02-718006.nxedge.io\/cdn\/wp-content\/uploads\/2020\/02\/salm1-750x499.jpeg 750w, https:\/\/eadn-wc02-718006.nxedge.io\/cdn\/wp-content\/uploads\/2020\/02\/salm1-1140x759.jpeg 1140w\" alt=\"\" width=\"277\" height=\"184\" data-ll-status=\"loaded\" \/>J\u00e1 o bispo de Tubar\u00e3o (SC), dom Jo\u00e3o Francisco Salm, destacou as dimens\u00f5es desta forma\u00e7\u00e3o.\u00a0<em>\u201cTodo o trabalho formativo, o itiner\u00e1rio formativo tem como meta a configura\u00e7\u00e3o com a pessoa de Jesus. Isto quer dizer, que n\u00f3s como batizados temos como meta, ideal ser cada vez mais parecidos com jesus. No nosso modo de pensar, de agir, assumindo, assimilando, interiorizando o esp\u00edrito que animava Jesus. Isso que torna a pessoa diferente, isso que torna a pessoa grande que d\u00e1 as condi\u00e7\u00f5es de maturidade para viver o esp\u00edrito de Igreja que Evangelho nos sugere\u201d<\/em>\u00a0ressaltou.<\/p>\n<p style=\"text-align: justify;\">Este pen\u00faltimo epis\u00f3dio ainda contou com a participa\u00e7\u00e3o da professora Maria In\u00eas que falou sobre o papel da comunidade crist\u00e3 na forma\u00e7\u00e3o integral do ministro ordenado e fechando a s\u00e9rie de seis epis\u00f3dios temos a tem\u00e1tica da \u201ccomunica\u00e7\u00e3o e di\u00e1logo estrat\u00e9gicos com a sociedade\u201d que comp\u00f5em o terceiro eixo priorit\u00e1rio na constru\u00e7\u00e3o do novo estatuto da CNBB.<\/p>\n<p style=\"text-align: justify;\">Nesse contexto, a conversa do \u00faltimo epis\u00f3dio da s\u00e9rie foi com o padre Paulo Renato Campos, assessor pol\u00edtico da CNBB; padre Marcial Ma\u00e7aneiro, professor doutor da PUC-Paran\u00e1 e dom Jos\u00e9 Belis\u00e1rio, arcebispo de S\u00e3o Lu\u00eds do Maranh\u00e3o, que refletiu sobre o di\u00e1logo estrat\u00e9gico da CNBB e das organiza\u00e7\u00f5es religiosas da sociedade civil.<\/p>\n<p style=\"text-align: justify;\"><em><img loading=\"lazy\" decoding=\"async\" class=\"wp-image-1893 alignleft lazyloaded\" src=\"https:\/\/eadn-wc02-718006.nxedge.io\/cdn\/wp-content\/uploads\/2020\/02\/dombelis%C3%A1rio.jpg\" sizes=\"auto, (max-width: 325px) 100vw, 325px\" srcset=\"https:\/\/eadn-wc02-718006.nxedge.io\/cdn\/wp-content\/uploads\/2020\/02\/dombelis\u00e1rio.jpg 520w, https:\/\/eadn-wc02-718006.nxedge.io\/cdn\/wp-content\/uploads\/2020\/02\/dombelis\u00e1rio-300x193.jpg 300w, https:\/\/eadn-wc02-718006.nxedge.io\/cdn\/wp-content\/uploads\/2020\/02\/dombelis\u00e1rio-500x321.jpg 500w\" alt=\"\" width=\"325\" height=\"209\" data-ll-status=\"loaded\" \/>\u201cNa evangeliza\u00e7\u00e3o dois grupos de documentos da Igreja de maneira recente v\u00eam nos inspirar a respeito do di\u00e1logo. Todos os documentos do Vaticano II. Esses documentos do Vaticano II introduzem um di\u00e1logo com a modernidade e a p\u00f3s-modernidade. Talvez entres os documentos, a gente possa sublinhar a import\u00e2ncia do documento \u2018a Igreja no mundo de hoje\u2019. Mas, tamb\u00e9m um outro grupo de documentos s\u00e3o os mais recentes do papado de Francisco\u201d<\/em>, apontou.<\/p>\n<p style=\"text-align: justify;\"><strong>Etapas da constru\u00e7\u00e3o do novo estatuto da CNBB<\/strong><\/p>\n<p style=\"text-align: justify;\">O processo foi iniciado em julho com a produ\u00e7\u00e3o de material de reflex\u00e3o que foi encaminhado aos bispos. A segunda etapa do processo foi a reflex\u00e3o, em blocos regionais, dos t\u00f3picos presentes no material enviado aos bispos para que fizessem contribui\u00e7\u00f5es nos blocos estabelecidos.<\/p>\n<p style=\"text-align: justify;\">A terceira etapa contou com a colabora\u00e7\u00e3o dos secret\u00e1rios executivos na sistematiza\u00e7\u00e3o das contribui\u00e7\u00f5es dos bispos e ainda foram realizadas, entre outubro e novembro, lives para debater o instrumento de trabalho preparado pelos bispos.<\/p>\n<p style=\"text-align: justify;\">Os encontros aconteceram no canal do Youtube da CNBB e recebeu a cada semana bispos acompanhados de professores e pesquisadores das Universidades Cat\u00f3licas, lideran\u00e7as e gestores especialistas nos temas e eixos que seriam debatidos.<\/p>\n<p style=\"text-align: justify;\"><strong>Constru\u00e7\u00e3o e aprova\u00e7\u00e3o<\/strong><\/p>\n<p style=\"text-align: justify;\">A partir da quarta etapa do processo, parte-se da reflex\u00e3o para a formula\u00e7\u00e3o. Primeiro, a jur\u00eddico-can\u00f4nica, entre dezembro deste ano e janeiro de 2021. Em seguida, em fevereiro, a apresenta\u00e7\u00e3o da proposta estatut\u00e1ria e regimental aos bispos, com nova participa\u00e7\u00e3o dos blocos regionais. Em mar\u00e7o, haver\u00e1 o aprimoramento redacional jur\u00eddico-can\u00f4nico e submiss\u00e3o \u00e0 pr\u00e9via aprova\u00e7\u00e3o do Conselho Permanente.<\/p>\n<p style=\"text-align: justify;\">A sexta etapa \u00e9 a discuss\u00e3o final e aprova\u00e7\u00e3o do novo estatuto vai ocorrer na 58\u00aa Assembleia Geral da CNBB prevista para ser realizada em abril de 2021, em Aparecida S\u00e3o Paulo (SP). Para o mesmo entrar em vigor, \u00e9 necess\u00e1ria a s\u00e9tima etapa do processo, que \u00e9 a aprova\u00e7\u00e3o pela Santa S\u00e9.<\/p>\n<p style=\"text-align: justify;\">Ou\u00e7a a \u00edntegra dos \u00faltimos tr\u00eas epis\u00f3dios da s\u00e9rie de podcasts<\/p>\n<p style=\"text-align: justify;\"><em><a href=\"https:\/\/soundcloud.com\/cnbbnacional\/cnbb-podcast-serie-novo-estatuto-da-cnbb-episodio-4\"><strong>CNBB Podcast \u2013 S\u00e9rie Novo Estatuto da CNBB \u2013 Epis\u00f3dio 4<\/strong><\/a><\/em><\/p>\n<p style=\"text-align: justify;\"><a href=\"https:\/\/soundcloud.com\/cnbbnacional\/cnbb-podcast-serie-novo-estatuto-da-cnbb-episodio-5\"><em><strong>CNBB Podcast \u2013 S\u00e9rie Novo Estatuto da CNBB \u2013 Epis\u00f3dio 5<\/strong><\/em><\/a><\/p>\n<p style=\"text-align: justify;\"><a href=\"https:\/\/soundcloud.com\/cnbbnacional\/cnbb-podcast-serie-novo-estatuto-da-cnbb-episodio-6\"><em><strong>CNBB Podcast \u2013 S\u00e9rie Novo Estatuto da CNBB \u2013 Epis\u00f3dio 6<\/strong><\/em><\/a><\/p>\n","protected":false},"excerpt":{"rendered":"<p>A pandemia da covid-19 desafiou o mundo inteiro com novas rotinas para o enfrentamento ao dessa doen\u00e7a infecciosa que paralisou os pa\u00edses e matou milhares de pessoas em todo o mundo. Para conter o avan\u00e7o do coronav\u00edrus foram necess\u00e1rias diversas medidas de restri\u00e7\u00e3o. Entre elas, restri\u00e7\u00f5es na opera\u00e7\u00e3o de empresas e na circula\u00e7\u00e3o de pessoas. [&hellip;]<\/p>\n","protected":false},"author":1,"featured_media":65420,"comment_status":"open","ping_status":"closed","sticky":false,"template":"","format":"standard","meta":{"footnotes":""},"categories":[7,13],"tags":[],"class_list":["post-65419","post","type-post","status-publish","format-standard","has-post-thumbnail","hentry","category-cnbb","category-featured"],"_links":{"self":[{"href":"https:\/\/catolicanet.net\/wp-cnet\/wp-json\/wp\/v2\/posts\/65419","targetHints":{"allow":["GET"]}}],"collection":[{"href":"https:\/\/catolicanet.net\/wp-cnet\/wp-json\/wp\/v2\/posts"}],"about":[{"href":"https:\/\/catolicanet.net\/wp-cnet\/wp-json\/wp\/v2\/types\/post"}],"author":[{"embeddable":true,"href":"https:\/\/catolicanet.net\/wp-cnet\/wp-json\/wp\/v2\/users\/1"}],"replies":[{"embeddable":true,"href":"https:\/\/catolicanet.net\/wp-cnet\/wp-json\/wp\/v2\/comments?post=65419"}],"version-history":[{"count":1,"href":"https:\/\/catolicanet.net\/wp-cnet\/wp-json\/wp\/v2\/posts\/65419\/revisions"}],"predecessor-version":[{"id":65421,"href":"https:\/\/catolicanet.net\/wp-cnet\/wp-json\/wp\/v2\/posts\/65419\/revisions\/65421"}],"wp:featuredmedia":[{"embeddable":true,"href":"https:\/\/catolicanet.net\/wp-cnet\/wp-json\/wp\/v2\/media\/65420"}],"wp:attachment":[{"href":"https:\/\/catolicanet.net\/wp-cnet\/wp-json\/wp\/v2\/media?parent=65419"}],"wp:term":[{"taxonomy":"category","embeddable":true,"href":"https:\/\/catolicanet.net\/wp-cnet\/wp-json\/wp\/v2\/categories?post=65419"},{"taxonomy":"post_tag","embeddable":true,"href":"https:\/\/catolicanet.net\/wp-cnet\/wp-json\/wp\/v2\/tags?post=65419"}],"curies":[{"name":"wp","href":"https:\/\/api.w.org\/{rel}","templated":true}]}}