{"id":6541,"date":"2015-08-25T17:21:45","date_gmt":"2015-08-25T20:21:45","guid":{"rendered":"http:\/\/catolicanet.net\/wp-cnet\/qas-regras-da-casaq-por-que-elas-sao-otimas-para-as-criancas-e-tambem-para-os-pais\/"},"modified":"2017-04-11T14:09:29","modified_gmt":"2017-04-11T17:09:29","slug":"qas-regras-da-casaq-por-que-elas-sao-otimas-para-as-criancas-e-tambem-para-os-pais","status":"publish","type":"post","link":"https:\/\/catolicanet.net\/wp-cnet\/qas-regras-da-casaq-por-que-elas-sao-otimas-para-as-criancas-e-tambem-para-os-pais\/","title":{"rendered":"&#8220;As regras da casa&#8221;: por que elas s\u00e3o \u00f3timas para as crian\u00e7as (e tamb\u00e9m para os pais)"},"content":{"rendered":"<p style=\"text-align: justify;\"><img decoding=\"async\" src=\"http:\/\/catolicanet.com.br\/images\/stories\/geral\/as regras.jpg\" border=\"0\" align=\"left\" \/>A ideia \u00e9 chamar cada comportamento pelo nome e esclarecer o que se espera da fam\u00edlia<\/p>\n<p>Toda vez que uma pizza chegava \u00e0 nossa mesa de jantar, come\u00e7ava o combate: oito m\u00e3ozinhas lutavam pelos maiores peda\u00e7os e enchiam os seus pratos antes mesmo que eu me sentasse. Era claro que precis\u00e1vamos definir algumas \u201cregras da casa\u201d. Foi ent\u00e3o que eu resolvi escrever \u201cOs 10 Mandamentos da Fam\u00edlia Berchelmann\u201d:<\/p>\n<p>1. A atitude \u00e9 uma escolha.<\/p>\n<p>2. Obede\u00e7a \u00e0 mam\u00e3e e ao papai j\u00e1 na primeira vez.<\/p>\n<p>3. Coloque suas coisas no lugar certo.<\/p>\n<p>4. Seja carinhoso ao falar. N\u00f3s amamos voc\u00ea demais para discutir.<\/p>\n<p>5. N\u00e3o interrompa.<\/p>\n<p>6. Seja agradecido, n\u00e3o invejoso.<\/p>\n<p>7. Viol\u00eancia f\u00edsica jamais.<\/p>\n<p>8. Sirva, em vez de se servir.<\/p>\n<p>9. Pe\u00e7a desculpas se voc\u00ea magoar algu\u00e9m.<\/p>\n<p>10. Respeite as coisas dos outros.<\/p>\n<p>Estas regras da casa est\u00e3o em vigor h\u00e1 cerca de dois anos e n\u00f3s falamos delas todas as manh\u00e3s. \u00c0s vezes, pedimos que as crian\u00e7as citem as dez, mas, no geral, s\u00f3 pedimos que elas destaquem uma na qual v\u00e3o trabalhar ao longo do dia \u2013 e aproveitamos para falar tamb\u00e9m da ora\u00e7\u00e3o da manh\u00e3 e da ora\u00e7\u00e3o da noite, lembrando que elas podem pedir a Deus a gra\u00e7a de continuar se esfor\u00e7ando.<\/p>\n<p>As regras claras me ajudam muito quando vejo alguma das crian\u00e7as quebrando uma delas: eu apenas recordo calmamente a regra que est\u00e1 sendo quebrada, em vez de dar uma bronca irritada, como fazia antes. Isto funciona e educa muito mais do que os gritos.<\/p>\n<p>Essas regras claras fazem parte do nosso objetivo de ser pais em sintonia: sem gritos, sem palmadas, reconhecendo as necessidades de cada filho sem ignorar as nossas pr\u00f3prias necessidades como pais.<\/p>\n<p>Nossos filhos ainda tendem a agarrar os peda\u00e7os de pizza, mas agora s\u00f3 precisamos recordar: \u201cSirva, em vez de servir\u201d, ou \u201cSeja agradecido, n\u00e3o invejoso\u201d. Eles entendem e assimilam cada vez mais.<\/p>\n<p>E voc\u00ea, quais s\u00e3o as suas regras da casa? Voc\u00ea sugere algo para n\u00f3s?<\/p>\n<p style=\"text-align: justify;\">Fonte: Aleteia<\/p>\n","protected":false},"excerpt":{"rendered":"<p>A ideia \u00e9 chamar cada comportamento pelo nome e esclarecer o que se espera da fam\u00edlia Toda vez que uma pizza chegava \u00e0 nossa mesa de jantar, come\u00e7ava o combate: oito m\u00e3ozinhas lutavam pelos maiores peda\u00e7os e enchiam os seus pratos antes mesmo que eu me sentasse. Era claro que precis\u00e1vamos definir algumas \u201cregras da [&hellip;]<\/p>\n","protected":false},"author":1,"featured_media":0,"comment_status":"closed","ping_status":"closed","sticky":false,"template":"","format":"standard","meta":{"footnotes":""},"categories":[3],"tags":[],"class_list":["post-6541","post","type-post","status-publish","format-standard","hentry","category-vaticano"],"_links":{"self":[{"href":"https:\/\/catolicanet.net\/wp-cnet\/wp-json\/wp\/v2\/posts\/6541","targetHints":{"allow":["GET"]}}],"collection":[{"href":"https:\/\/catolicanet.net\/wp-cnet\/wp-json\/wp\/v2\/posts"}],"about":[{"href":"https:\/\/catolicanet.net\/wp-cnet\/wp-json\/wp\/v2\/types\/post"}],"author":[{"embeddable":true,"href":"https:\/\/catolicanet.net\/wp-cnet\/wp-json\/wp\/v2\/users\/1"}],"replies":[{"embeddable":true,"href":"https:\/\/catolicanet.net\/wp-cnet\/wp-json\/wp\/v2\/comments?post=6541"}],"version-history":[{"count":1,"href":"https:\/\/catolicanet.net\/wp-cnet\/wp-json\/wp\/v2\/posts\/6541\/revisions"}],"predecessor-version":[{"id":11357,"href":"https:\/\/catolicanet.net\/wp-cnet\/wp-json\/wp\/v2\/posts\/6541\/revisions\/11357"}],"wp:attachment":[{"href":"https:\/\/catolicanet.net\/wp-cnet\/wp-json\/wp\/v2\/media?parent=6541"}],"wp:term":[{"taxonomy":"category","embeddable":true,"href":"https:\/\/catolicanet.net\/wp-cnet\/wp-json\/wp\/v2\/categories?post=6541"},{"taxonomy":"post_tag","embeddable":true,"href":"https:\/\/catolicanet.net\/wp-cnet\/wp-json\/wp\/v2\/tags?post=6541"}],"curies":[{"name":"wp","href":"https:\/\/api.w.org\/{rel}","templated":true}]}}