{"id":65398,"date":"2020-12-30T09:55:54","date_gmt":"2020-12-30T12:55:54","guid":{"rendered":"https:\/\/catolicanet.net\/wp-cnet\/?p=65398"},"modified":"2020-12-30T09:55:54","modified_gmt":"2020-12-30T12:55:54","slug":"francisco-com-a-gratidao-transmitimos-esperanca-ao-mundo","status":"publish","type":"post","link":"https:\/\/catolicanet.net\/wp-cnet\/francisco-com-a-gratidao-transmitimos-esperanca-ao-mundo\/","title":{"rendered":"Francisco: com a gratid\u00e3o, transmitimos esperan\u00e7a ao mundo"},"content":{"rendered":"<div class=\"article__subTitle\" style=\"text-align: justify;\">Segundo o Papa, \u201cpara n\u00f3s, crist\u00e3os, a a\u00e7\u00e3o de gra\u00e7as deu o nome ao Sacramento mais essencial que existe: a Eucaristia. Com efeito, a palavra grega significa exatamente isto: agradecimento\u201d.<\/div>\n<div class=\"title__separator\" style=\"text-align: justify;\"><\/div>\n<div class=\"article__text \">\n<p style=\"text-align: justify;\"><b>Vatican News<\/b><\/p>\n<p style=\"text-align: justify;\">\u201cA ora\u00e7\u00e3o de a\u00e7\u00e3o de gra\u00e7as\u201d foi o tema da catequese do Papa Francisco, realizada na Biblioteca do Pal\u00e1cio Apost\u00f3lico, nesta quarta-feira (30\/12), na \u00faltima Audi\u00eancia Geral deste ano.<\/p>\n<p style=\"text-align: justify;\">Para falar sobre o tema, o Pont\u00edfice inspirou-se na passagem do Evangelho de Lucas em que dez leprosos v\u00e3o ao encontro de Jesus e o imploram a ter compaix\u00e3o deles.<\/p>\n<div style=\"text-align: justify;\">\n<div class=\"article__embed article__embed--unwrap article__embed--dark\">\n<div class=\"article__innerTitle\">Ou\u00e7a e compartilhe<\/div>\n<div>\n<!--[if lt IE 9]><script>document.createElement('audio');<\/script><![endif]-->\n<audio class=\"wp-audio-shortcode\" id=\"audio-65398-1\" preload=\"none\" style=\"width: 100%;\" controls=\"controls\"><source type=\"audio\/mpeg\" src=\"https:\/\/media.vaticannews.va\/media\/audio\/s1\/2020\/12\/30\/12\/135838657_F135838657.mp3?_=1\" \/><a href=\"https:\/\/media.vaticannews.va\/media\/audio\/s1\/2020\/12\/30\/12\/135838657_F135838657.mp3\">https:\/\/media.vaticannews.va\/media\/audio\/s1\/2020\/12\/30\/12\/135838657_F135838657.mp3<\/a><\/audio>\n<\/div>\n<\/div>\n<\/div>\n<p style=\"text-align: justify;\">\u201cSabemos que para quantos sofrem de lepra, o sofrimento f\u00edsico era acompanhado de marginaliza\u00e7\u00e3o social e religiosa. Eram marginalizados. Jesus n\u00e3o evita um encontro com eles\u201d, mas \u201couve o seu pedido, o seu grito de piedade, e os envia imediatamente aos sacerdotes\u201d.<\/p>\n<p style=\"text-align: justify;\">&#8220;Aqueles dez confiam n&#8217;Ele, partem imediatamente, e enquanto caminham, os dez s\u00e3o curados. Ent\u00e3o, os sacerdotes poderiam ter verificado a sua cura e readmiti-los na vida normal. Mas aqui est\u00e1 o ponto mais importante: daquele grupo, apenas um, antes de ir ter com os sacerdotes, volta para agradecer a Jesus e louvar a Deus pela gra\u00e7a recebida. Somente um. Os outros nove continuam a sua estrada. Jesus observa que aquele homem era samaritano, uma esp\u00e9cie de \u201cherege\u201d para os judeus daquela \u00e9poca. Jesus comenta: \u00abN\u00e3o houve quem voltasse para dar gl\u00f3ria a Deus, a n\u00e3o ser este estrangeiro?\u00bb \u00c9 comovente esta passagem&#8221;, disse o Papa, acrescentando:<\/p>\n<h2 style=\"text-align: justify;\">Agradecimento, motivo-guia dos nossos dias<\/h2>\n<p style=\"text-align: justify;\"><i>Esta narra\u00e7\u00e3o, por assim dizer, divide o mundo em dois: os que n\u00e3o agradecem e os que o fazem; os que tomam tudo como se lhes fosse devido, e os que aceitam tudo como dom, como gra\u00e7a. A ora\u00e7\u00e3o de a\u00e7\u00e3o de gra\u00e7as come\u00e7a sempre a partir do reconhecer-se precedido pela gra\u00e7a. Fomos pensados antes que aprend\u00eassemos a pensar; fomos amados antes que aprend\u00eassemos a amar; fomos desejados antes que brotasse um desejo no nosso cora\u00e7\u00e3o. Se olharmos para a vida desta forma, ent\u00e3o o \u201cagradecimento\u201d torna-se o motivo-guia dos nossos dias. Obrigado! Muitas vez nos esquecemos de dizer: obrigado!<\/i><\/p>\n<p style=\"text-align: justify;\">Segundo Francisco, \u201cpara n\u00f3s, crist\u00e3os, a a\u00e7\u00e3o de gra\u00e7as deu o nome ao Sacramento mais essencial que existe: a<i>\u00a0Eucaristia<\/i>. Com efeito, a palavra grega significa exatamente isto:\u00a0<i>agradecimento\u201d<\/i>.<\/p>\n<p style=\"text-align: justify;\"><i>Como todos os fi\u00e9is os crist\u00e3os bendizem a Deus pelo dom da vida. Viver \u00e9, sobretudo, ter recebido. Receber a vida. Todos n\u00f3s nascemos porque algu\u00e9m desejou a vida para n\u00f3s. Esta \u00e9 apenas a primeira de uma longa s\u00e9rie de d\u00edvidas que contra\u00edmos vivendo. D\u00edvidas de gratid\u00e3o.<\/i><\/p>\n<div style=\"text-align: justify;\">\n<div class=\"article__embed article__embed--border embed_style\">\n<blockquote><p>\u201cNa nossa exist\u00eancia, mais de uma pessoa fitou-nos com um olhar puro, gratuitamente. Muitas vezes s\u00e3o educadores, catequistas, pessoas que desempenharam o seu papel al\u00e9m da medida exigida pelo dever. E eles fizeram surgir em n\u00f3s a gratid\u00e3o. A amizade \u00e9 tamb\u00e9m um dom pelo qual devemos estar sempre gratos.\u201d<\/p><\/blockquote>\n<\/div>\n<\/div>\n<h2 style=\"text-align: justify;\">Ser portadores de gratid\u00e3o<\/h2>\n<p style=\"text-align: justify;\">O Papa ressaltou que \u201ceste &#8216;obrigado&#8217;, que devemos dizer continuamente, este obrigado que o crist\u00e3o partilha com todos, dilata-se\u00a0<i>no encontro com Jesus<\/i>. Os Evangelhos atestam que a passagem de Jesus suscitava frequentemente alegria e louvor a Deus naqueles que o encontravam\u201d.<\/p>\n<p style=\"text-align: justify;\"><i>As hist\u00f3rias de Natal s\u00e3o povoadas de pessoas orantes, cujos cora\u00e7\u00f5es foram alargados pela vinda do Salvador. E tamb\u00e9m n\u00f3s fomos chamados a participar neste imenso j\u00fabilo. Isto tamb\u00e9m \u00e9 sugerido pelo epis\u00f3dio dos dez leprosos que foram curados. Naturalmente, todos eles ficaram felizes por ter recuperado a sa\u00fade, podendo assim sair daquela intermin\u00e1vel quarentena for\u00e7ada que os exclu\u00eda da comunidade. Mas entre eles havia um que acrescentou alegria \u00e0 alegria: al\u00e9m da cura, regozijou-se por ter encontrado Jesus. N\u00e3o s\u00f3 est\u00e1 livre do mal, mas agora tamb\u00e9m tem a certeza de ser amado. Este \u00e9 o centro: quando a pessoa agradece, d\u00e1 gra\u00e7as, expressa a certeza de ser amado. Este \u00e9 um grande passo. Ter a certeza de ser amado. \u00c9 a descoberta do amor como a for\u00e7a que governa o mundo. Somos filhos do amor, somos irm\u00e3o do amor, somos homens e mulheres de gra\u00e7a.<\/i><\/p>\n<p style=\"text-align: justify;\">Francisco concluiu a sua\u00a0 catequese, convidando-nos \u201ca estar na alegria do encontro com Jesus\u201d, a cultivar a alegria e n\u00e3o deixar de agradecer. \u201cSe formos portadores de gratid\u00e3o, o mundo tamb\u00e9m se tornar\u00e1 melhor, talvez s\u00f3 um pouco, mas \u00e9 suficiente para lhe transmitir um pouco de esperan\u00e7a.\u00a0<b>O mundo precisa de esperan\u00e7a e com a gratid\u00e3o, com o comportamento de a\u00e7\u00e3o de gra\u00e7as, n\u00f3s transmitimos um pouco de esperan\u00e7a.\u00a0<\/b>Tudo est\u00e1 unido e interligado, e cada um pode desempenhar a sua parte onde quer que esteja\u201d. N\u00e3o devemos \u201cextinguir o Esp\u00edrito que temos dentro e que nos leva \u00e0 gratid\u00e3o\u201d.<\/p>\n<\/div>\n","protected":false},"excerpt":{"rendered":"<p>Segundo o Papa, \u201cpara n\u00f3s, crist\u00e3os, a a\u00e7\u00e3o de gra\u00e7as deu o nome ao Sacramento mais essencial que existe: a Eucaristia. Com efeito, a palavra grega significa exatamente isto: agradecimento\u201d. Vatican News \u201cA ora\u00e7\u00e3o de a\u00e7\u00e3o de gra\u00e7as\u201d foi o tema da catequese do Papa Francisco, realizada na Biblioteca do Pal\u00e1cio Apost\u00f3lico, nesta quarta-feira (30\/12), [&hellip;]<\/p>\n","protected":false},"author":1,"featured_media":65399,"comment_status":"open","ping_status":"closed","sticky":false,"template":"","format":"standard","meta":{"footnotes":""},"categories":[3],"tags":[],"class_list":["post-65398","post","type-post","status-publish","format-standard","has-post-thumbnail","hentry","category-vaticano"],"_links":{"self":[{"href":"https:\/\/catolicanet.net\/wp-cnet\/wp-json\/wp\/v2\/posts\/65398","targetHints":{"allow":["GET"]}}],"collection":[{"href":"https:\/\/catolicanet.net\/wp-cnet\/wp-json\/wp\/v2\/posts"}],"about":[{"href":"https:\/\/catolicanet.net\/wp-cnet\/wp-json\/wp\/v2\/types\/post"}],"author":[{"embeddable":true,"href":"https:\/\/catolicanet.net\/wp-cnet\/wp-json\/wp\/v2\/users\/1"}],"replies":[{"embeddable":true,"href":"https:\/\/catolicanet.net\/wp-cnet\/wp-json\/wp\/v2\/comments?post=65398"}],"version-history":[{"count":1,"href":"https:\/\/catolicanet.net\/wp-cnet\/wp-json\/wp\/v2\/posts\/65398\/revisions"}],"predecessor-version":[{"id":65400,"href":"https:\/\/catolicanet.net\/wp-cnet\/wp-json\/wp\/v2\/posts\/65398\/revisions\/65400"}],"wp:featuredmedia":[{"embeddable":true,"href":"https:\/\/catolicanet.net\/wp-cnet\/wp-json\/wp\/v2\/media\/65399"}],"wp:attachment":[{"href":"https:\/\/catolicanet.net\/wp-cnet\/wp-json\/wp\/v2\/media?parent=65398"}],"wp:term":[{"taxonomy":"category","embeddable":true,"href":"https:\/\/catolicanet.net\/wp-cnet\/wp-json\/wp\/v2\/categories?post=65398"},{"taxonomy":"post_tag","embeddable":true,"href":"https:\/\/catolicanet.net\/wp-cnet\/wp-json\/wp\/v2\/tags?post=65398"}],"curies":[{"name":"wp","href":"https:\/\/api.w.org\/{rel}","templated":true}]}}