{"id":65391,"date":"2021-01-01T11:46:22","date_gmt":"2021-01-01T14:46:22","guid":{"rendered":"https:\/\/catolicanet.net\/wp-cnet\/?p=65391"},"modified":"2020-12-29T11:48:23","modified_gmt":"2020-12-29T14:48:23","slug":"a-relevancia-de-uma-verdadeira-cultura-da-paz","status":"publish","type":"post","link":"https:\/\/catolicanet.net\/wp-cnet\/a-relevancia-de-uma-verdadeira-cultura-da-paz\/","title":{"rendered":"A relev\u00e2ncia de uma verdadeira cultura da paz"},"content":{"rendered":"<p style=\"text-align: justify;\"><span style=\"font-size: 14.0pt;\">Em minha caminhada, iniciada h\u00e1 58 anos na vida sacerdotal, pude conhecer e conviver com diversas pessoas em diferentes locais. N\u00e3o \u00e9 por acaso que o Papa Francisco escolheu o lema <i>\u201cA cultura do cuidado como percurso de paz\u201d<\/i> para a tradicional mensagem pelo Dia Mundial da Paz do ano da gra\u00e7a de 2021.<\/span><\/p>\n<p><span style=\"font-size: 14.0pt;\">Este n\u00e3o foi um ano como qualquer outro: enfrentamos desafios globais que colocaram nossa f\u00e9 \u00e0 prova, exigindo de religiosos e leigos do mundo todo um compromisso ainda maior na dissemina\u00e7\u00e3o do Evangelho de Nosso Senhor Jesus Cristo.<\/span><\/p>\n<p><span style=\"font-size: 14.0pt;\">O acolhimento aos doentes sempre esteve presente na g\u00eanese da Igreja. Em 2020, uma pandemia assolou o mundo, ceifando vidas, enlutando fam\u00edlias e exaurindo nossos irm\u00e3os e irm\u00e3s profissionais da sa\u00fade. <\/span><\/p>\n<p><span style=\"font-size: 14.0pt;\">O Santo Papa Francisco nos lembra que n\u00e3o h\u00e1 paz sem cuidado. <i>\u201cA\u00a0cultura do cuidado, enquanto compromisso comum, solid\u00e1rio e participativo para proteger e promover a dignidade e o bem de todos, enquanto disposi\u00e7\u00e3o a interessar-se, a prestar aten\u00e7\u00e3o, disposi\u00e7\u00e3o \u00e0 compaix\u00e3o, \u00e0 reconcilia\u00e7\u00e3o e \u00e0 cura, ao respeito m\u00fatuo e ao acolhimento rec\u00edproco, constitui uma via privilegiada para a constru\u00e7\u00e3o da paz\u201d. <\/i><\/span><\/p>\n<p><span style=\"font-size: 14.0pt;\">\u00c9 uma aceno \u00e0 Carta Enc\u00edclica\u00a0<i>Fratelli tutti<\/i>, lan\u00e7ada em outubro de 2020, que nos recorda que <i>\u201cem muitas partes do mundo, fazem falta percursos de paz que levem a cicatrizar as feridas, h\u00e1 necessidade de artes\u00e3os de paz prontos a gerar, com criatividade e ousadia, processos de cura e de um novo encontro\u201d.<\/i><\/span><\/p>\n<p><span style=\"font-size: 14.0pt;\">Se por um lado a pandemia escancarou a mis\u00e9ria humana, a falta de compaix\u00e3o de governantes, desigualdades e a import\u00e2ncia de colocarmos a vida no centro de toda discuss\u00e3o, Francisco nos convida a ser b\u00fassola para nossos irm\u00e3os em 2021. <i>\u201cNa verdade, este permitiria estimar o valor e a dignidade de cada pessoa, agir conjunta e solidariamente em prol do bem comum, aliviando quantos padecem por causa da pobreza, da doen\u00e7a, da escravid\u00e3o, da discrimina\u00e7\u00e3o e dos conflitos. Atrav\u00e9s desta b\u00fassola, encorajo todos a tornarem-se profetas e testemunhas da cultura do cuidado, a fim de preencher tantas desigualdades sociais. E isto s\u00f3 ser\u00e1 poss\u00edvel com um forte e generalizado protagonismo das mulheres na fam\u00edlia e em todas as esferas sociais, pol\u00edticas e institucionais\u201d.<\/i><\/span><\/p>\n<p><span style=\"font-size: 14.0pt;\">A paz se alcan\u00e7a pelo cora\u00e7\u00e3o. Em quase seis d\u00e9cadas de vida consagrada, sempre busquei animar a comunidade para vivenciar as bem-aventuran\u00e7as no dia a dia, com foco na constru\u00e7\u00e3o de uma sociedade melhor, por justi\u00e7a social e promo\u00e7\u00e3o da paz. <\/span><\/p>\n<p><span style=\"font-size: 14.0pt;\">Na mensagem do Papa, um ep\u00edtome merece aten\u00e7\u00e3o: <i>\u201c<span style=\"color: black;\">A educa\u00e7\u00e3o para o cuidado nasce na\u00a0fam\u00edlia, n\u00facleo natural e fundamental da sociedade, onde se aprende a viver em rela\u00e7\u00e3o e no respeito m\u00fatuo. Mas a fam\u00edlia precisa de ser colocada em condi\u00e7\u00f5es de poder cumprir esta tarefa vital e indispens\u00e1vel\u201d. <\/span><\/i><span style=\"color: black;\">Ora, sabemos que s\u00f3 alcan\u00e7aremos a miseric\u00f3rdia de Cristo em face da paz, se n\u00e3o abandonamos nossos valores familiares e comunit\u00e1rios. N\u00e3o se alcan\u00e7a o cora\u00e7\u00e3o de nosso bom Pai de maneira ego\u00edsta ou autorit\u00e1ria.<\/span><\/span><\/p>\n<p><span style=\"font-size: 14.0pt;\">Que possamos nos fortificar em vivenciar as Bem-aventuran\u00e7as em nosso dia-a-dia; na viv\u00eancia e na busca de uma sociedade melhor a todos; pela busca e sede de justi\u00e7a; nos atos misericordiosos; na promo\u00e7\u00e3o da paz (&#8230;), <i>\u201cporque ser\u00e1 grande a vossa recompensa nos c\u00e9us\u201d (cf. Mt 5,12a).<\/i><\/span><\/p>\n<p><span style=\"font-size: 14.0pt;\">Como costume, o Papa n\u00e3o se esquece dos pastores que devem ser o exemplo de cuidado para seu rebanho. <i>\u201cAs religi\u00f5es em geral, e os l\u00edderes religiosos em particular, podem desempenhar um papel insubstitu\u00edvel na transmiss\u00e3o aos fi\u00e9is e \u00e0 sociedade dos valores da solidariedade, do respeito pelas diferen\u00e7as, do acolhimento e do cuidado dos irm\u00e3os mais fr\u00e1geis. Recordo, a prop\u00f3sito, as palavras que o Papa Paulo VI proferiu no Parlamento do Uganda em 1969: \u00abN\u00e3o temais a Igreja; esta honra-vos, educa-vos cidad\u00e3os honestos e leais, n\u00e3o fomenta rivalidades nem divis\u00f5es, procura promover a liberdade sadia, a justi\u00e7a social, a paz; se tem alguma prefer\u00eancia \u00e9 pelos pobres, a educa\u00e7\u00e3o dos pequeninos e do povo, o cuidado dos atribulados e desvalidos\u00bb\u201d.<\/i><\/span><\/p>\n<p><span style=\"font-size: 14.0pt;\">Em 2021, que possamos ouvir os apelos do Papa Francisco, para que unidos em torno do mesmo prop\u00f3sito, possamos remar juntos no mesmo barco. <i>\u201cComo crist\u00e3os, mantemos o olhar fixo na Virgem Maria, Estrela do Mar e M\u00e3e da Esperan\u00e7a. Colaboremos, todos juntos, a fim de avan\u00e7ar para um novo horizonte de amor e paz, de fraternidade e solidariedade, de apoio m\u00fatuo e acolhimento rec\u00edproco. N\u00e3o cedamos \u00e0 tenta\u00e7\u00e3o de nos desinteressarmos dos outros, especialmente dos mais fr\u00e1geis, n\u00e3o nos habituemos a desviar o olhar, mas empenhemo-nos cada dia concretamente por \u00abformar uma comunidade feita de irm\u00e3os que se acolhem mutuamente e cuidam uns dos outros\u00bb\u201d.<\/i><\/span><\/p>\n<p><span style=\"font-size: 14.0pt;\">S\u00f3 h\u00e1 paz verdadeira onde o cuidado esteja centrado na promo\u00e7\u00e3o da dignidade humana e da sa\u00fade. Rezo a Deus Pai misericordioso por nossos irm\u00e3os e irm\u00e3s, para que Ele nos livre desta triste pandemia, cuide de todos os profissionais da sa\u00fade que se dedicam diuturnamente e aben\u00e7oe o nosso Pa\u00eds e os povos de todo o mundo.<\/span><\/p>\n<p><span style=\"font-size: 14.0pt;\">Neste ano, em retiro pro causa da COVID-19, eu tenho acompanhado com a minha ora\u00e7\u00e3o mais incessante do que nunca, por todos os que como trabalhadores da sa\u00fade e os cientistas possam dar uma solu\u00e7\u00e3o com a vacina\u00e7\u00e3o para que a COVID-19 seja vencida e, com esta gra\u00e7a, vivamos em paz, levando o Evangelho da vida para todos os recantos do mundo!<\/span><\/p>\n<p><span style=\"font-size: 14.0pt;\">Que em 2021 possamos continuar reunidos espiritualmente e, tamb\u00e9m, pr\u00f3ximos fisicamente para vivenciar o mist\u00e9rio da f\u00e9 e da comunh\u00e3o.<\/span><\/p>\n<p><span style=\"font-size: 14.0pt;\">Sejamos construtores da paz e promotores da sa\u00fade universal para todos, com o cuidado com o outro, em nome de Cristo!<\/span><\/p>\n","protected":false},"excerpt":{"rendered":"<p>Em minha caminhada, iniciada h\u00e1 58 anos na vida sacerdotal, pude conhecer e conviver com diversas pessoas em diferentes locais. N\u00e3o \u00e9 por acaso que o Papa Francisco escolheu o lema \u201cA cultura do cuidado como percurso de paz\u201d para a tradicional mensagem pelo Dia Mundial da Paz do ano da gra\u00e7a de 2021. Este [&hellip;]<\/p>\n","protected":false},"author":10,"featured_media":55817,"comment_status":"open","ping_status":"closed","sticky":false,"template":"","format":"standard","meta":{"footnotes":""},"categories":[9],"tags":[],"class_list":["post-65391","post","type-post","status-publish","format-standard","has-post-thumbnail","hentry","category-artigos"],"_links":{"self":[{"href":"https:\/\/catolicanet.net\/wp-cnet\/wp-json\/wp\/v2\/posts\/65391","targetHints":{"allow":["GET"]}}],"collection":[{"href":"https:\/\/catolicanet.net\/wp-cnet\/wp-json\/wp\/v2\/posts"}],"about":[{"href":"https:\/\/catolicanet.net\/wp-cnet\/wp-json\/wp\/v2\/types\/post"}],"author":[{"embeddable":true,"href":"https:\/\/catolicanet.net\/wp-cnet\/wp-json\/wp\/v2\/users\/10"}],"replies":[{"embeddable":true,"href":"https:\/\/catolicanet.net\/wp-cnet\/wp-json\/wp\/v2\/comments?post=65391"}],"version-history":[{"count":1,"href":"https:\/\/catolicanet.net\/wp-cnet\/wp-json\/wp\/v2\/posts\/65391\/revisions"}],"predecessor-version":[{"id":65392,"href":"https:\/\/catolicanet.net\/wp-cnet\/wp-json\/wp\/v2\/posts\/65391\/revisions\/65392"}],"wp:featuredmedia":[{"embeddable":true,"href":"https:\/\/catolicanet.net\/wp-cnet\/wp-json\/wp\/v2\/media\/55817"}],"wp:attachment":[{"href":"https:\/\/catolicanet.net\/wp-cnet\/wp-json\/wp\/v2\/media?parent=65391"}],"wp:term":[{"taxonomy":"category","embeddable":true,"href":"https:\/\/catolicanet.net\/wp-cnet\/wp-json\/wp\/v2\/categories?post=65391"},{"taxonomy":"post_tag","embeddable":true,"href":"https:\/\/catolicanet.net\/wp-cnet\/wp-json\/wp\/v2\/tags?post=65391"}],"curies":[{"name":"wp","href":"https:\/\/api.w.org\/{rel}","templated":true}]}}