{"id":65380,"date":"2020-12-28T11:35:56","date_gmt":"2020-12-28T14:35:56","guid":{"rendered":"https:\/\/catolicanet.net\/wp-cnet\/?p=65380"},"modified":"2020-12-29T11:37:24","modified_gmt":"2020-12-29T14:37:24","slug":"maria-guardava-todas-estas-coisas-e-sobre-elas-refletia-em-seu-coracao-lc-217","status":"publish","type":"post","link":"https:\/\/catolicanet.net\/wp-cnet\/maria-guardava-todas-estas-coisas-e-sobre-elas-refletia-em-seu-coracao-lc-217\/","title":{"rendered":"\u201cMARIA GUARDAVA TODAS ESTAS COISAS E SOBRE ELAS REFLETIA EM SEU CORA\u00c7\u00c3O\u201d (Lc 2,17)"},"content":{"rendered":"<p style=\"text-align: justify;\">Na primeira sexta-feira do ano de 2021 unidos \u00e0 Santa M\u00e3e de Deus, Maria, muitos fazem mais uma comunh\u00e3o reparadora ao Cora\u00e7\u00e3o de Jesus, e todos come\u00e7amos a caminhada atrav\u00e9s de um Ano Novo. A narrativa do Evangelho sobre a ida dos pastores ao Pres\u00e9pio ressalta a import\u00e2ncia da Virgem Maria, M\u00e3e de Jesus, a qual refletia no seu cora\u00e7\u00e3o sobre os fatos maravilhosos que se davam em derredor de seu divino filho rec\u00e9m-nascido (Lc l2, 16,21). Contempla-se ent\u00e3o uma f\u00e9 confiante. \u00c9 justamente ap\u00f3s a comunica\u00e7\u00e3o do anjo de que um Salvador lhes nascera, o Cristo Senhor, \u00e9 que os pastores se puseram apressadamente a caminho at\u00e9 o pres\u00e9pio. Contemplaram no anjo o mensageiro de Deus e nele\u00a0creram. Isto se deu\u00a0\u00a0 porque havia neles uma abertura sobrenatural que\u00a0lhes permitia acolher aquilo que jamais eles teriam imaginado, ou seja, um Redentor viera a este mundo. Isto na verdade tinha ocorrido na cidade de Davi bem pr\u00f3ximo deles. Sabiam perfeitamente que para Deus nada \u00e9 imposs\u00edvel, mesmo o inimagin\u00e1vel. Deste modo no raiar de um Ano Novo estes pastores nos ajudam a perseverar em uma absoluta confian\u00e7a em Deus, bem como Maria, cujo sim dado ao anjo da Anuncia\u00e7\u00e3o trouxera ao mundo o eterno amor, o filho de Deus, e cujo manto sagrado cobriria de luz os que dessem id\u00eantica ades\u00e3o \u00e0s mensagens divinas.\u00a0Maria, como como ressaltou S\u00e3o Lucas, guardava todas estas coisas e sobre elas refletia em seu cora\u00e7\u00e3o. Durante todo o amo de 2021 cumpre fazer a experi\u00eancia do Salvador em nossas vidas. Os pastores se puseram em marcha at\u00e9 onde se achava Menino. N\u00e3o basta confiar, \u00e9 preciso agir de acordo com esta confian\u00e7a e esta f\u00e9. Como bem lembra c\u00e9lebre ditado: \u201cAjuda-te que o c\u00e9u te ajudar\u00e1\u201d. \u00c9 preciso fazer a experi\u00eancia deste Salvador na pr\u00f3pria exist\u00eancia. Os pastores foram ao encontro de Menino Deus e encorajam os fi\u00e9is a irem sempre \u00e0 procura de Jesus, Maria e Jos\u00e9, deles nunca se afastando e junto deles encontrando as gra\u00e7as divinas.\u00a0 Por que vivia imersa nestas realidades celestiais, analisando-as em seu cora\u00e7\u00e3o, Maria irradiava por toda parte os esplendores divinos. Eis porque ent\u00e3o depois de encontrarem Jesus, os pastores voltaram, glorificando e louvando a Deus por tudo que tinham visto e ouvido. Isto a nos convidar a passar este novo Ano numa f\u00e9 confiante e ardente, fazendo de cada dia uma realidade marcada pelo louvor divino, Uma vida bela, santa e luminosa. A cada hora deparando motivos de uma sincera e vibrante glorifica\u00e7\u00e3o \u00e0 divindade, cora\u00e7\u00f5es imersos na luminosidade do Menino Deus salvador, vivendo em plenitude aa experi\u00eancia da salva\u00e7\u00e3o na qual estava mergulhada Maria.\u00a0Total disponibilidade interior numa disposi\u00e7\u00e3o cont\u00ednua, recolhida, humilde e atenta. Ent\u00e3o estaremos aptos a implorar a paz e miseric\u00f3rdia de Deus para o mundo t\u00e3o conturbado no qual se vive no presente contexto hist\u00f3rico, e haveremos de tornar isto uma faustosa realidade. \u00c9 de se notar que os pastores n\u00e3o se deixaram envolver por grandes quest\u00f5es filos\u00f3ficas ou teol\u00f3gicas, mas simplesmente acolheram as mensagens celestiais, aproximando-se daquela que era a cheia de gra\u00e7as junto da qual depararam o divino Redentor. \u00c0quele menino, como registrou ainda S\u00e3o Lucas, completados os oito dias para sua circuncis\u00e3o, lhe foi posto o nome de Jesus como lhe tinha sido dado pelo anjo antes que nascesse. A exemplo de Maria, Jos\u00e9 e os pastores saibamos acolher plenamente a palavra de Deus, vivendo-a profundamente em todo o decorrer de 2021 sempre male\u00e1veis \u00e0 a\u00e7\u00e3o do influxo divino. Lembremo-nos sempre que a f\u00e9, a\u00a0 esperan\u00e7a e a caridade s\u00e3o os anjos que indicam o crep\u00fasculo\u00a0\u00a0 seguido duma aurora sempre r\u00f3sea e ridente.\u00a0Estas virtudes n\u00e3o s\u00e3o negada a dor alguma, n\u00e3o recusam pousar no leito de qualquer que seja o doente, de acariciar com sua asa ben\u00e9fica a fronte de todo aquele que se sentir infeliz com as prova\u00e7\u00f5es que por certo vir\u00e3o durante 2021. Com a gra\u00e7a divina todas as tribula\u00e7\u00f5es poder\u00e3o ser vencidas.\u00a0 Grande feitos poder\u00e3o marcar este Ano Novo.\u00a0Lembremo-nos de que a vida do aut\u00eantico crist\u00e3o n\u00e3o deve ser um campo imenso, mas deserto; uma \u00e1rvore grande, mas infrut\u00edfera; um dia longo de inverno, mas sem sol. A exemplo de Maria, guardemos todas estas verdades e sobre elas reflitamos em nossos cora\u00e7\u00f5es. * Professor no Semin\u00e1rio de Mariana durante 40 anos.<\/p>\n","protected":false},"excerpt":{"rendered":"<p>Na primeira sexta-feira do ano de 2021 unidos \u00e0 Santa M\u00e3e de Deus, Maria, muitos fazem mais uma comunh\u00e3o reparadora ao Cora\u00e7\u00e3o de Jesus, e todos come\u00e7amos a caminhada atrav\u00e9s de um Ano Novo. A narrativa do Evangelho sobre a ida dos pastores ao Pres\u00e9pio ressalta a import\u00e2ncia da Virgem Maria, M\u00e3e de Jesus, a [&hellip;]<\/p>\n","protected":false},"author":7,"featured_media":55813,"comment_status":"open","ping_status":"closed","sticky":false,"template":"","format":"standard","meta":{"footnotes":""},"categories":[9],"tags":[],"class_list":["post-65380","post","type-post","status-publish","format-standard","has-post-thumbnail","hentry","category-artigos"],"_links":{"self":[{"href":"https:\/\/catolicanet.net\/wp-cnet\/wp-json\/wp\/v2\/posts\/65380","targetHints":{"allow":["GET"]}}],"collection":[{"href":"https:\/\/catolicanet.net\/wp-cnet\/wp-json\/wp\/v2\/posts"}],"about":[{"href":"https:\/\/catolicanet.net\/wp-cnet\/wp-json\/wp\/v2\/types\/post"}],"author":[{"embeddable":true,"href":"https:\/\/catolicanet.net\/wp-cnet\/wp-json\/wp\/v2\/users\/7"}],"replies":[{"embeddable":true,"href":"https:\/\/catolicanet.net\/wp-cnet\/wp-json\/wp\/v2\/comments?post=65380"}],"version-history":[{"count":1,"href":"https:\/\/catolicanet.net\/wp-cnet\/wp-json\/wp\/v2\/posts\/65380\/revisions"}],"predecessor-version":[{"id":65381,"href":"https:\/\/catolicanet.net\/wp-cnet\/wp-json\/wp\/v2\/posts\/65380\/revisions\/65381"}],"wp:featuredmedia":[{"embeddable":true,"href":"https:\/\/catolicanet.net\/wp-cnet\/wp-json\/wp\/v2\/media\/55813"}],"wp:attachment":[{"href":"https:\/\/catolicanet.net\/wp-cnet\/wp-json\/wp\/v2\/media?parent=65380"}],"wp:term":[{"taxonomy":"category","embeddable":true,"href":"https:\/\/catolicanet.net\/wp-cnet\/wp-json\/wp\/v2\/categories?post=65380"},{"taxonomy":"post_tag","embeddable":true,"href":"https:\/\/catolicanet.net\/wp-cnet\/wp-json\/wp\/v2\/tags?post=65380"}],"curies":[{"name":"wp","href":"https:\/\/api.w.org\/{rel}","templated":true}]}}