{"id":65370,"date":"2020-12-27T09:27:27","date_gmt":"2020-12-27T12:27:27","guid":{"rendered":"https:\/\/catolicanet.net\/wp-cnet\/?p=65370"},"modified":"2020-12-29T11:28:28","modified_gmt":"2020-12-29T14:28:28","slug":"sagrada-familia-de-jesus-maria-e-jose","status":"publish","type":"post","link":"https:\/\/catolicanet.net\/wp-cnet\/sagrada-familia-de-jesus-maria-e-jose\/","title":{"rendered":"SAGRADA FAM\u00cdLIA DE JESUS, MARIA E JOS\u00c9"},"content":{"rendered":"<p style=\"text-align: justify;\"><em>\u201cSime\u00e3o os aben\u00e7oou e disse a Maria, a m\u00e3e de Jesus: &#8216;Este menino vai ser causa tanto de queda como de reerguimento para muitos em Israel. Ele ser\u00e1 um sinal de contradi\u00e7\u00e3o. 35Assim ser\u00e3o revelados os pensamentos de muitos cora\u00e7\u00f5es. Quanto a ti, uma espada te traspassar\u00e1 a alma.&#8217;\u201d (cf. Lc 2,34-35).<\/em><em>\u00a0\u00a0\u00a0\u00a0\u00a0\u00a0\u00a0\u00a0 <\/em><\/p>\n<p style=\"text-align: justify;\"><em>\u00a0\u00a0\u00a0\u00a0\u00a0\u00a0\u00a0\u00a0 <\/em>Ap\u00f3s a Solenidade do Natal do Senhor, avan\u00e7amos pela Oitava de Natal a qual vive-se a exulta\u00e7\u00e3o da Festa do Nascimento de Jesus. Em que, o domingo logo ap\u00f3s a tamanha festividade, celebra-se a Festa da Sagrada Fam\u00edlia de Jesus, Maria e Jos\u00e9, exemplo e modelo de fam\u00edlia as nossas comunidades familiares.<\/p>\n<p style=\"text-align: justify;\">A Primeira Leitura, retirada do Livro do Eclesi\u00e1stico 3,3-7.14-17a (gr.2-6.12-14), o autor sagrado desdobra sobre a\u00a0 import\u00e2ncia do mandamento <em>Honrar teu pai e tua m\u00e3e, <\/em>dando a suma import\u00e2ncia em vivenciar este mandamento e a promessa, como consequ\u00eancia, daqueles que cumprem este mandamento. Afinal, <em>\u201cquem honra o seu pai, alcan\u00e7a o perd\u00e3o dos pecados; evita comet\u00ea-los e ser\u00e1 ouvido na ora\u00e7\u00e3o quotidiana. Quem respeita a sua m\u00e3e \u00e9 como algu\u00e9m que ajunta tesouros. Quem honra o seu pai, ter\u00e1 alegria com seus pr\u00f3prios filhos; e, no dia em que orar, ser\u00e1 atendido. Quem respeita o seu pai, ter\u00e1 vida longa, e quem obedece ao pai \u00e9 o consolo da sua m\u00e3e\u201d (cf. Eclo 3,4-7). <\/em>Assim, <em>\u201ca observ\u00e2ncia do mandamento de Deus n\u00e3o \u00e9 s\u00f3 d\u00e1 longa vida, mas \u00e9 tamb\u00e9m expia\u00e7\u00e3o dos pecados e garantia de ser atendido na ora\u00e7\u00e3o, de ter alegria nos pr\u00f3prios filhos, de n\u00e3o ser esquecido por Deus\u201d (cf. Missal Dominical \u2013 Missal da Assembleia Crist\u00e3).<\/em><\/p>\n<p style=\"text-align: justify;\">\u00a0\u00a0\u00a0\u00a0\u00a0\u00a0\u00a0\u00a0 No Evangelho de Lucas (Lc 2, 22-40), \u00e9 nos demonstrado a Sagrada Fam\u00edlia de Nazar\u00e9, onde o Menino Jesus \u00e9 apresentado no Templo de Jerusal\u00e9m, conforme a Lei do Senhor devido a purifica\u00e7\u00e3o da M\u00e3e e do Filho. Atrav\u00e9s deste gesto, a Sagrada Fam\u00edlia concretiza a fam\u00edlia ideal que escuta a Palavra de Deus, que busca edificar em suas vidas e consagrando a vida de todos os seus membros. Ora, neste mesmo epis\u00f3dio, o Sime\u00e3o profetiza sobre a vida do Menino Jesus e louva a Deus: <em>\u201cAgora, Senhor, conforme a tua promessa, podes deixar teu servo partir em paz; porque meus olhos viram a tua salva\u00e7\u00e3o, que preparaste diante de todos os povos: luz para iluminar as na\u00e7\u00f5es e gl\u00f3ria do teu povo Israel\u201d (cf. Lc 2,29-32).<\/em> E ainda, completa voltando o seu olhar a M\u00e3e de Deus: \u201c<em>Este menino vai ser causa tanto de queda como de reerguimento para muitos em Israel. Ele ser\u00e1 um sinal de contradi\u00e7\u00e3o. Assim ser\u00e3o revelados os pensamentos de muitos cora\u00e7\u00f5es. Quanto a ti, uma espada te traspassar\u00e1 a alma\u201d (cf. Lc 2,34-35).<\/em> Assim, Jesus \u00e9 descrito como o Messias do Senhor, ao qual cumprir\u00e1 a figura do Servo sofredor, ao mesmo tempo sendo luz para os povos.<\/p>\n<p style=\"text-align: justify;\"><em>\u00a0\u00a0\u00a0\u00a0\u00a0\u00a0\u00a0\u00a0 <\/em>A Segunda Leitura extra\u00edda da Carta de S\u00e3o Paulo aos Colossenses (Cl 3,12-21), o ap\u00f3stolo exorta sobre a dimens\u00e3o do amor daqueles que vivem em Cristo, principalmente atrav\u00e9s dos gestos daqueles que partilham o espa\u00e7o familiar, em que a paz de Cristo reine nos cora\u00e7\u00f5es de todos, usando da sabedoria que \u00e9 dada a cada um pela Palavra. \u201c<em>Por isso, revesti-vos de sincera miseric\u00f3rdia, bondade, humildade, mansid\u00e3o e paci\u00eancia, suportando-vos uns aos outros e perdoando-vos mutuamente, se um tiver queixa contra o outro. Como o Senhor vos perdoou, assim perdoai v\u00f3s tamb\u00e9m\u201d (cf. Cl 3,12-13).<\/em><\/p>\n<p style=\"text-align: justify;\"><em>\u00a0\u00a0\u00a0\u00a0\u00a0\u00a0\u00a0\u00a0 <\/em>E, atrav\u00e9s desta Festa da Sagrada Fam\u00edlia, possamos buscar o exemplo da excel\u00eancia de vida familiar, assim como a Fam\u00edlia de Nazar\u00e9. Confiando piamente na promessa de Deus, a fim de que a alegria possa habitar em nossos lares e na viv\u00eancia do nosso dia-a-dia.<\/p>\n<p style=\"text-align: justify;\">\n<p style=\"text-align: justify;\"><strong><em>Feliz Natal! <\/em><\/strong><strong><em>Sauda\u00e7\u00f5es em Cristo!<\/em><\/strong><\/p>\n","protected":false},"excerpt":{"rendered":"<p>\u201cSime\u00e3o os aben\u00e7oou e disse a Maria, a m\u00e3e de Jesus: &#8216;Este menino vai ser causa tanto de queda como de reerguimento para muitos em Israel. Ele ser\u00e1 um sinal de contradi\u00e7\u00e3o. 35Assim ser\u00e3o revelados os pensamentos de muitos cora\u00e7\u00f5es. Quanto a ti, uma espada te traspassar\u00e1 a alma.&#8217;\u201d (cf. Lc 2,34-35).\u00a0\u00a0\u00a0\u00a0\u00a0\u00a0\u00a0\u00a0 \u00a0\u00a0\u00a0\u00a0\u00a0\u00a0\u00a0\u00a0 Ap\u00f3s a [&hellip;]<\/p>\n","protected":false},"author":10,"featured_media":55817,"comment_status":"open","ping_status":"closed","sticky":false,"template":"","format":"standard","meta":{"footnotes":""},"categories":[9],"tags":[],"class_list":["post-65370","post","type-post","status-publish","format-standard","has-post-thumbnail","hentry","category-artigos"],"_links":{"self":[{"href":"https:\/\/catolicanet.net\/wp-cnet\/wp-json\/wp\/v2\/posts\/65370","targetHints":{"allow":["GET"]}}],"collection":[{"href":"https:\/\/catolicanet.net\/wp-cnet\/wp-json\/wp\/v2\/posts"}],"about":[{"href":"https:\/\/catolicanet.net\/wp-cnet\/wp-json\/wp\/v2\/types\/post"}],"author":[{"embeddable":true,"href":"https:\/\/catolicanet.net\/wp-cnet\/wp-json\/wp\/v2\/users\/10"}],"replies":[{"embeddable":true,"href":"https:\/\/catolicanet.net\/wp-cnet\/wp-json\/wp\/v2\/comments?post=65370"}],"version-history":[{"count":1,"href":"https:\/\/catolicanet.net\/wp-cnet\/wp-json\/wp\/v2\/posts\/65370\/revisions"}],"predecessor-version":[{"id":65371,"href":"https:\/\/catolicanet.net\/wp-cnet\/wp-json\/wp\/v2\/posts\/65370\/revisions\/65371"}],"wp:featuredmedia":[{"embeddable":true,"href":"https:\/\/catolicanet.net\/wp-cnet\/wp-json\/wp\/v2\/media\/55817"}],"wp:attachment":[{"href":"https:\/\/catolicanet.net\/wp-cnet\/wp-json\/wp\/v2\/media?parent=65370"}],"wp:term":[{"taxonomy":"category","embeddable":true,"href":"https:\/\/catolicanet.net\/wp-cnet\/wp-json\/wp\/v2\/categories?post=65370"},{"taxonomy":"post_tag","embeddable":true,"href":"https:\/\/catolicanet.net\/wp-cnet\/wp-json\/wp\/v2\/tags?post=65370"}],"curies":[{"name":"wp","href":"https:\/\/api.w.org\/{rel}","templated":true}]}}