{"id":6537,"date":"2015-08-25T14:44:13","date_gmt":"2015-08-25T17:44:13","guid":{"rendered":"http:\/\/catolicanet.net\/wp-cnet\/arquidiocese-de-florianopolis-promove-premio-de-iniciativa-solidaria\/"},"modified":"2017-04-11T14:15:20","modified_gmt":"2017-04-11T17:15:20","slug":"arquidiocese-de-florianopolis-promove-premio-de-iniciativa-solidaria","status":"publish","type":"post","link":"https:\/\/catolicanet.net\/wp-cnet\/arquidiocese-de-florianopolis-promove-premio-de-iniciativa-solidaria\/","title":{"rendered":"Arquidiocese de Florian\u00f3polis promove Pr\u00eamio de Iniciativa Solid\u00e1ria"},"content":{"rendered":"<p style=\"text-align: justify;\"><img decoding=\"async\" src=\"http:\/\/catolicanet.com.br\/images\/stories\/geral\/a sul4 projeto.jpg\" border=\"0\" align=\"left\" \/>Com proposta de valorizar trabalhos sociais desenvolvidos na regi\u00e3o, a arquidiocese de Florian\u00f3polis abre inscri\u00e7\u00e3o para a 2\u00aa edi\u00e7\u00e3o do Pr\u00eamio de Iniciativa Solid\u00e1ria Dom Afonso Niehues. As inscri\u00e7\u00f5es encerrar\u00e3o\u00a0 no dia 23 de outubro. O edital est\u00e1 dispon\u00edvel no site: www.asafloripa.org.br<\/p>\n<p>A premia\u00e7\u00e3o recorda a vida e miss\u00e3o de dom Afonso Niehues, que teve intensa atua\u00e7\u00e3o em atividades voltadas para a promo\u00e7\u00e3o da paz, esperan\u00e7a e solidariedade. Neste ano, al\u00e9m de premiar entidades sociais, ser\u00e3o homenageadas pessoas engajadas nas causas sociais, em sintonia com o Ano da Paz proclamado pela Confer\u00eancia Nacional dos Bispos do Brasil (CNBB). <\/p>\n<p>As iniciativas solid\u00e1rias e o trabalho desenvolvido devem ressaltar a inclus\u00e3o social de pessoas em situa\u00e7\u00e3o de vulnerabilidade social; a\u00e7\u00f5es de supera\u00e7\u00e3o da pobreza e de gera\u00e7\u00e3o de trabalho e renda por meio da Economia Popular Solid\u00e1ria; articula\u00e7\u00e3o e promo\u00e7\u00e3o do protagonismo de grupos socialmente vulner\u00e1veis nas mobiliza\u00e7\u00f5es e lutas sociais e promo\u00e7\u00e3o de grupos para a participa\u00e7\u00e3o em espa\u00e7os de constru\u00e7\u00e3o da cidadania, pol\u00edticas p\u00fablicas e\/ou no exerc\u00edcio do controle social destas pol\u00edticas.<\/p>\n<p>Em 2014, participaram do Pr\u00eamio doze entidades, sendo classificadas a Funda\u00e7\u00e3o F\u00e9 e Alegria do Brasil e a Associa\u00e7\u00e3o Beneficente S\u00e3o Dimas.<\/p>\n<p><img decoding=\"async\" src=\"http:\/\/catolicanet.com.br\/images\/stories\/geral\/a sul4 projeto2.jpg\" border=\"0\" align=\"right\" \/>Hist\u00f3ria<\/p>\n<p>Dom Afonso Niehues nasceu no 23 de agosto de 1914, em S\u00e3o Ludgero. Faleceu em Brusque, em 30 de setembro de 1993. Foi arcebispo da arquidiocese de Florian\u00f3polis de 1965 a 1991. A forma\u00e7\u00e3o do secretariado arquidiocesano de pastoral, especificamente, a A\u00e7\u00e3o Social teve in\u00edcio em 1966. Dom Afonso incentivou as par\u00f3quias para instalarem A\u00e7\u00f5es Sociais Paroquiais com atividades voltadas \u00e0s comunidades mais carentes.<\/p>\n<p style=\"text-align: justify;\">Fonte: CNBB<\/p>\n","protected":false},"excerpt":{"rendered":"<p>Com proposta de valorizar trabalhos sociais desenvolvidos na regi\u00e3o, a arquidiocese de Florian\u00f3polis abre inscri\u00e7\u00e3o para a 2\u00aa edi\u00e7\u00e3o do Pr\u00eamio de Iniciativa Solid\u00e1ria Dom Afonso Niehues. As inscri\u00e7\u00f5es encerrar\u00e3o\u00a0 no dia 23 de outubro. O edital est\u00e1 dispon\u00edvel no site: www.asafloripa.org.br A premia\u00e7\u00e3o recorda a vida e miss\u00e3o de dom Afonso Niehues, que teve [&hellip;]<\/p>\n","protected":false},"author":1,"featured_media":0,"comment_status":"closed","ping_status":"closed","sticky":false,"template":"","format":"standard","meta":{"footnotes":""},"categories":[7],"tags":[],"class_list":["post-6537","post","type-post","status-publish","format-standard","hentry","category-cnbb"],"_links":{"self":[{"href":"https:\/\/catolicanet.net\/wp-cnet\/wp-json\/wp\/v2\/posts\/6537","targetHints":{"allow":["GET"]}}],"collection":[{"href":"https:\/\/catolicanet.net\/wp-cnet\/wp-json\/wp\/v2\/posts"}],"about":[{"href":"https:\/\/catolicanet.net\/wp-cnet\/wp-json\/wp\/v2\/types\/post"}],"author":[{"embeddable":true,"href":"https:\/\/catolicanet.net\/wp-cnet\/wp-json\/wp\/v2\/users\/1"}],"replies":[{"embeddable":true,"href":"https:\/\/catolicanet.net\/wp-cnet\/wp-json\/wp\/v2\/comments?post=6537"}],"version-history":[{"count":1,"href":"https:\/\/catolicanet.net\/wp-cnet\/wp-json\/wp\/v2\/posts\/6537\/revisions"}],"predecessor-version":[{"id":11361,"href":"https:\/\/catolicanet.net\/wp-cnet\/wp-json\/wp\/v2\/posts\/6537\/revisions\/11361"}],"wp:attachment":[{"href":"https:\/\/catolicanet.net\/wp-cnet\/wp-json\/wp\/v2\/media?parent=6537"}],"wp:term":[{"taxonomy":"category","embeddable":true,"href":"https:\/\/catolicanet.net\/wp-cnet\/wp-json\/wp\/v2\/categories?post=6537"},{"taxonomy":"post_tag","embeddable":true,"href":"https:\/\/catolicanet.net\/wp-cnet\/wp-json\/wp\/v2\/tags?post=6537"}],"curies":[{"name":"wp","href":"https:\/\/api.w.org\/{rel}","templated":true}]}}