{"id":65339,"date":"2020-12-24T13:50:23","date_gmt":"2020-12-24T16:50:23","guid":{"rendered":"https:\/\/catolicanet.net\/wp-cnet\/?p=65339"},"modified":"2020-12-24T13:50:23","modified_gmt":"2020-12-24T16:50:23","slug":"nesta-noite-igreja-canta-a-alegria-do-nascimento-de-jesus","status":"publish","type":"post","link":"https:\/\/catolicanet.net\/wp-cnet\/nesta-noite-igreja-canta-a-alegria-do-nascimento-de-jesus\/","title":{"rendered":"Nesta noite, Igreja canta a alegria do nascimento de Jesus"},"content":{"rendered":"<p style=\"text-align: justify;\">\u201c\u00d3 Noite Santa, t\u00e3o esperada, que uniste para sempre Deus e o homem! Tu nos renovas a esperan\u00e7a. Tu nos enches de assombro extasiante. Tu nos garantes o triunfo do amor sobre o \u00f3dio, da vida\u00a0sobre a morte\u201d. Essas foram palavras ditas pelo Papa Jo\u00e3o Paulo II, na celebra\u00e7\u00e3o da\u00a0Missa\u00a0da Noite de\u00a0Natal, em 24 de dezembro de 2003.<\/p>\n<p style=\"text-align: justify;\">\u00c9 esta noite, descrita em poucas palavras pelo agora santo, que a\u00a0Igreja\u00a0vive hoje. Os crist\u00e3os se preparam para, \u00e0 meia-noite, cantar a alegria do nascimento de Jesus, Deus que se faz homem e vem ao mundo trazer a salva\u00e7\u00e3o a todos.<\/p>\n<p style=\"text-align: justify;\">\u201cO Verbo se fez carne\u201d, diz o Evangelho de Jo\u00e3o (Jo 1,14). E, conforme assinalou S\u00e3o Jo\u00e3o Paulo II em 2003, \u201cnesta noite extraordin\u00e1ria o Verbo eterno, o \u2018Pr\u00edncipe da paz\u2019, nasce na fria e miser\u00e1vel gruta de Bel\u00e9m\u201d. O Menino Deus se fez \u201cpobre entre os pobres\u201d.<\/p>\n<p style=\"text-align: justify;\">Ap\u00f3s o Seu nascimento, relata o evangelho desta noite (Lc 2,1-14), Ele foi colocado em uma manjedoura. Pastores que tomavam conta de seu rebanho receberam o an\u00fancio do anjo de que havia nascido o Salvador. A Boa-Nova foi seguida pelo louvor do coro celeste: \u201cGl\u00f3ria a Deus no mais alto dos c\u00e9us, e paz na terra aos homens por ele amados\u201d.<\/p>\n<p style=\"text-align: justify;\">Ao comentar este trecho do Evangelho, na noite de Natal de 2012, o\u00a0Papa Bento XVI, ressaltou que \u201conde n\u00e3o se d\u00e1 gl\u00f3ria a Deus, onde Ele \u00e9 esquecido ou at\u00e9 mesmo negado, tamb\u00e9m n\u00e3o h\u00e1 paz\u201d.<\/p>\n<p style=\"text-align: justify;\">Nesse sentido,\u00a0Bento XVI\u00a0expressou um pedido ao Menino Jesus, que se faz atual nos dias de hoje, onde s\u00e3o crescentes os casos de viol\u00eancia.<\/p>\n<p style=\"text-align: justify;\">\u201cSim, Senhor, anunciai a paz tamb\u00e9m hoje a n\u00f3s, tanto aos que est\u00e3o longe como aos que est\u00e3o perto. Fazei que tamb\u00e9m hoje das espadas se forjem foices, que, em vez dos armamentos para a guerra, apare\u00e7am ajudas para os enfermos. Iluminai a quantos acreditam que devem praticar viol\u00eancia em vosso nome, para que aprendam a compreender o absurdo da viol\u00eancia e a reconhecer o vosso verdadeiro rosto. Ajudai a tornarmo-nos homens \u2018do vosso agrado\u2019: homens segundo a vossa imagem e, por conseguinte, homens de paz\u201d.<\/p>\n","protected":false},"excerpt":{"rendered":"<p>\u201c\u00d3 Noite Santa, t\u00e3o esperada, que uniste para sempre Deus e o homem! Tu nos renovas a esperan\u00e7a. Tu nos enches de assombro extasiante. Tu nos garantes o triunfo do amor sobre o \u00f3dio, da vida\u00a0sobre a morte\u201d. Essas foram palavras ditas pelo Papa Jo\u00e3o Paulo II, na celebra\u00e7\u00e3o da\u00a0Missa\u00a0da Noite de\u00a0Natal, em 24 de [&hellip;]<\/p>\n","protected":false},"author":1,"featured_media":65340,"comment_status":"open","ping_status":"closed","sticky":false,"template":"","format":"standard","meta":{"footnotes":""},"categories":[4,13],"tags":[],"class_list":["post-65339","post","type-post","status-publish","format-standard","has-post-thumbnail","hentry","category-cotidiano","category-featured"],"_links":{"self":[{"href":"https:\/\/catolicanet.net\/wp-cnet\/wp-json\/wp\/v2\/posts\/65339","targetHints":{"allow":["GET"]}}],"collection":[{"href":"https:\/\/catolicanet.net\/wp-cnet\/wp-json\/wp\/v2\/posts"}],"about":[{"href":"https:\/\/catolicanet.net\/wp-cnet\/wp-json\/wp\/v2\/types\/post"}],"author":[{"embeddable":true,"href":"https:\/\/catolicanet.net\/wp-cnet\/wp-json\/wp\/v2\/users\/1"}],"replies":[{"embeddable":true,"href":"https:\/\/catolicanet.net\/wp-cnet\/wp-json\/wp\/v2\/comments?post=65339"}],"version-history":[{"count":1,"href":"https:\/\/catolicanet.net\/wp-cnet\/wp-json\/wp\/v2\/posts\/65339\/revisions"}],"predecessor-version":[{"id":65341,"href":"https:\/\/catolicanet.net\/wp-cnet\/wp-json\/wp\/v2\/posts\/65339\/revisions\/65341"}],"wp:featuredmedia":[{"embeddable":true,"href":"https:\/\/catolicanet.net\/wp-cnet\/wp-json\/wp\/v2\/media\/65340"}],"wp:attachment":[{"href":"https:\/\/catolicanet.net\/wp-cnet\/wp-json\/wp\/v2\/media?parent=65339"}],"wp:term":[{"taxonomy":"category","embeddable":true,"href":"https:\/\/catolicanet.net\/wp-cnet\/wp-json\/wp\/v2\/categories?post=65339"},{"taxonomy":"post_tag","embeddable":true,"href":"https:\/\/catolicanet.net\/wp-cnet\/wp-json\/wp\/v2\/tags?post=65339"}],"curies":[{"name":"wp","href":"https:\/\/api.w.org\/{rel}","templated":true}]}}