{"id":65333,"date":"2020-12-24T13:44:15","date_gmt":"2020-12-24T16:44:15","guid":{"rendered":"https:\/\/catolicanet.net\/wp-cnet\/?p=65333"},"modified":"2020-12-24T13:44:15","modified_gmt":"2020-12-24T16:44:15","slug":"presidente-da-cnbb-afirma-que-o-natal-por-ser-um-tempo-de-esperanca-devolve-forca-aos-coracoes-abatidos","status":"publish","type":"post","link":"https:\/\/catolicanet.net\/wp-cnet\/presidente-da-cnbb-afirma-que-o-natal-por-ser-um-tempo-de-esperanca-devolve-forca-aos-coracoes-abatidos\/","title":{"rendered":"PRESIDENTE DA CNBB AFIRMA QUE O NATAL, POR SER UM TEMPO DE ESPERAN\u00c7A, DEVOLVE FOR\u00c7A AOS CORA\u00c7\u00d5ES ABATIDOS"},"content":{"rendered":"<p style=\"text-align: justify;\">Por ocasi\u00e3o da celebra\u00e7\u00e3o do Natal, o presidente da Confer\u00eancia Nacional dos Bispos do Brasil (CNBB), dom Walmor Oliveira de Azevedo, gravou um v\u00eddeo no qual exorta a todos, com coragem, a atravessar esse momento desafiador da hist\u00f3ria, fortalecidos pela celebra\u00e7\u00e3o do nascimento de Jesus.<\/p>\n<p style=\"text-align: justify;\">No v\u00eddeo, dom Walmor afirmou que todos, em sua fragilidade humana, podem vencer a morte mesmo neste tempo desafiador, sendo mais correspons\u00e1veis uns pelos outros, dispostos a amar e a fazer o bem. \u201cAmar e fazer o bem tem for\u00e7a terap\u00eautica, pois confere sentido \u00e0 vida, revigorando entusiasmo para seguir adiante\u201d, salientou.<\/p>\n<p style=\"text-align: justify;\">Dom Walmor fez um pedido a todos \u00e0queles que est\u00e3o desesperan\u00e7ados para que n\u00e3o desanimem. \u201cVivam cada dia como um dom de Deus, meditem sobre o gesto de Jesus que \u00e9 rei, mas escolheu assumir as nossas dores humilhando-se para nos indicar o caminho. Essa pandemia vai passar. N\u00f3s vamos venc\u00ea-la. A luz brilhou e as trevas n\u00e3o mais conseguir\u00e3o domin\u00e1-la, conforme nos lembra a palavra do Profeta S\u00e3o Jo\u00e3o no seu Evangelho\u201d, afirmou.<\/p>\n<blockquote><p>Vamos juntos, com coragem, atravessar esse momento desafiador da nossa hist\u00f3ria, fortalecidos pela celebra\u00e7\u00e3o do nascimento de Jesus.<\/p>\n<p>Um aben\u00e7oado e santo Natal para voc\u00ea e sua fam\u00edlia.<\/p>\n<p>Com Deus fraterno,<\/p><\/blockquote>\n<p style=\"text-align: justify;\">Confira o v\u00eddeo de dom Walmor na \u00edntegra:<\/p>\n<div class=\"ast-oembed-container\">\n<div class=\"rll-youtube-player\" data-src=\"https:\/\/www.youtube.com\/embed\/iJhNLx-LYLg\" data-id=\"iJhNLx-LYLg\" data-query=\"rel=0\">\n<div data-id=\"iJhNLx-LYLg\" data-query=\"rel=0\" data-src=\"https:\/\/www.youtube.com\/embed\/iJhNLx-LYLg\">\n<p><iframe loading=\"lazy\" title=\"Mensagem de Natal Dom Walmor\" width=\"696\" height=\"392\" src=\"https:\/\/www.youtube.com\/embed\/iJhNLx-LYLg?feature=oembed\" frameborder=\"0\" allow=\"accelerometer; autoplay; clipboard-write; encrypted-media; gyroscope; picture-in-picture\" allowfullscreen><\/iframe><\/p>\n<div class=\"play\"><\/div>\n<\/div>\n<\/div>\n<\/div>\n<h5><\/h5>\n<h5><strong>Transcri\u00e7\u00e3o<\/strong><\/h5>\n<p style=\"text-align: justify;\">A voc\u00ea e a sua fam\u00edlia desejo muita sa\u00fade e muita paz. O povo que andava na escurid\u00e3o viu uma grande luz. Essa profecia da Palavra de Deus deve ser acolhida no cora\u00e7\u00e3o de todos e, especialmente, neste tempo quando uma pandemia fere a humanidade e a coloco de joelhos, deixa fam\u00edlias enlutadas, agrava situa\u00e7\u00f5es de pobreza e mis\u00e9ria. Jesus \u00e9 a luz anunciada na profecia. Ele nasce entre n\u00f3s para dissipar as trevas e ensinar que a vida prevalece sob a morte e o amanh\u00e3 sempre ser\u00e1 melhor do que o hoje.<\/p>\n<p style=\"text-align: justify;\">Natal \u00e9, pois, tempo de esperan\u00e7a que devolve for\u00e7a aos cora\u00e7\u00f5es abatidos inspirando um otimismo que n\u00e3o \u00e9 ing\u00eanuo. O otimismo que o natal inspira se alicer\u00e7a em f\u00e9 aut\u00eantica, enraizada nas li\u00e7\u00f5es daquele que nasceu e viveu entre n\u00f3s, morreu e ressuscitou vencendo a morte: Jesus Cristo, salvador.<\/p>\n<p style=\"text-align: justify;\">N\u00f3s tamb\u00e9m, na nossa fragilidade humana, podemos vencer a morte, mesmo neste tempo desafiador, sendo mais correspons\u00e1veis uns pelos outros, dispostos a amar e a fazer o bem. Amar e fazer o bem tem for\u00e7a terap\u00eautica, pois confere sentido \u00e0 vida, revigorando entusiasmo para seguir adiante.<\/p>\n<p style=\"text-align: justify;\">Fa\u00e7o um pedido a voc\u00ea que est\u00e1 desesperan\u00e7ado: n\u00e3o desanime, viva cada dia como um dom de Deus, medite sobre o gesto de Jesus que \u00e9 rei, mas escolheu assumir as nossas dores humilhando-se para nos indicar o caminho. Essa pandemia vai passar. N\u00f3s vamos venc\u00ea-la. A luz brilhou e as trevas n\u00e3o mais conseguir\u00e3o domin\u00e1-la, conforme nos lembra a palavra do Profeta S\u00e3o Jo\u00e3o no seu Evangelho.<\/p>\n<p style=\"text-align: justify;\">Vamos juntos, com coragem, atravessar esse momento desafiador da nossa hist\u00f3ria, fortalecidos pela celebra\u00e7\u00e3o do nascimento de Jesus.<\/p>\n<p style=\"text-align: justify;\">Um aben\u00e7oado e santo Natal para voc\u00ea e sua fam\u00edlia.<\/p>\n<p style=\"text-align: justify;\">Com Deus fraterno,<\/p>\n","protected":false},"excerpt":{"rendered":"<p>Por ocasi\u00e3o da celebra\u00e7\u00e3o do Natal, o presidente da Confer\u00eancia Nacional dos Bispos do Brasil (CNBB), dom Walmor Oliveira de Azevedo, gravou um v\u00eddeo no qual exorta a todos, com coragem, a atravessar esse momento desafiador da hist\u00f3ria, fortalecidos pela celebra\u00e7\u00e3o do nascimento de Jesus. No v\u00eddeo, dom Walmor afirmou que todos, em sua fragilidade [&hellip;]<\/p>\n","protected":false},"author":1,"featured_media":65334,"comment_status":"open","ping_status":"closed","sticky":false,"template":"","format":"standard","meta":{"footnotes":""},"categories":[7,13],"tags":[],"class_list":["post-65333","post","type-post","status-publish","format-standard","has-post-thumbnail","hentry","category-cnbb","category-featured"],"_links":{"self":[{"href":"https:\/\/catolicanet.net\/wp-cnet\/wp-json\/wp\/v2\/posts\/65333","targetHints":{"allow":["GET"]}}],"collection":[{"href":"https:\/\/catolicanet.net\/wp-cnet\/wp-json\/wp\/v2\/posts"}],"about":[{"href":"https:\/\/catolicanet.net\/wp-cnet\/wp-json\/wp\/v2\/types\/post"}],"author":[{"embeddable":true,"href":"https:\/\/catolicanet.net\/wp-cnet\/wp-json\/wp\/v2\/users\/1"}],"replies":[{"embeddable":true,"href":"https:\/\/catolicanet.net\/wp-cnet\/wp-json\/wp\/v2\/comments?post=65333"}],"version-history":[{"count":1,"href":"https:\/\/catolicanet.net\/wp-cnet\/wp-json\/wp\/v2\/posts\/65333\/revisions"}],"predecessor-version":[{"id":65335,"href":"https:\/\/catolicanet.net\/wp-cnet\/wp-json\/wp\/v2\/posts\/65333\/revisions\/65335"}],"wp:featuredmedia":[{"embeddable":true,"href":"https:\/\/catolicanet.net\/wp-cnet\/wp-json\/wp\/v2\/media\/65334"}],"wp:attachment":[{"href":"https:\/\/catolicanet.net\/wp-cnet\/wp-json\/wp\/v2\/media?parent=65333"}],"wp:term":[{"taxonomy":"category","embeddable":true,"href":"https:\/\/catolicanet.net\/wp-cnet\/wp-json\/wp\/v2\/categories?post=65333"},{"taxonomy":"post_tag","embeddable":true,"href":"https:\/\/catolicanet.net\/wp-cnet\/wp-json\/wp\/v2\/tags?post=65333"}],"curies":[{"name":"wp","href":"https:\/\/api.w.org\/{rel}","templated":true}]}}