{"id":65315,"date":"2020-12-23T11:44:30","date_gmt":"2020-12-23T14:44:30","guid":{"rendered":"https:\/\/catolicanet.net\/wp-cnet\/?p=65315"},"modified":"2020-12-23T11:44:42","modified_gmt":"2020-12-23T14:44:42","slug":"destaques-do-ano-do-papa-francisco-oracao-e-esperanca-diante-da-pandemia","status":"publish","type":"post","link":"https:\/\/catolicanet.net\/wp-cnet\/destaques-do-ano-do-papa-francisco-oracao-e-esperanca-diante-da-pandemia\/","title":{"rendered":"DESTAQUES DO ANO DO PAPA FRANCISCO: ORA\u00c7\u00c3O E ESPERAN\u00c7A DIANTE DA PANDEMIA"},"content":{"rendered":"<p style=\"text-align: justify;\">O ano do Papa Francisco foi bastante intenso, mesmo sem nenhuma viagem apost\u00f3lica. A imagem dele sozinho na Pra\u00e7a S\u00e3o Pedro, no dia 27 de mar\u00e7o, resume e marca o que foi 2020 a partir de Roma. Num contexto t\u00e3o desafiador, Francisco mostrou ao mundo inteiro, por meio da leitura da Palavra e da ora\u00e7\u00e3o, a import\u00e2ncia de despertar e ativar a solidariedade e a esperan\u00e7a.<\/p>\n<p style=\"text-align: justify;\">Mas o Papa Francisco tamb\u00e9m continuou deixando as marcas de seu pontificado por meio de documentos, cartas, discursos, catequeses e homilias. Al\u00e9m da ora\u00e7\u00e3o Urbi et Orbi extraordin\u00e1ria,tamb\u00e9m foram marcantes em 2020 a publica\u00e7\u00e3o da carta enc\u00edclica Fratelli Tutti, as catequeses, as ora\u00e7\u00f5es e os eventos \u201cA Economia de Francisco\u201d e o \u201cPacto Educativo Global\u201d.<\/p>\n<p style=\"text-align: justify;\">Confira alguns destaques no ano do Papa Francisco:<\/p>\n<h3 style=\"text-align: justify;\">Visitas Ad Limina<\/h3>\n<p style=\"text-align: justify;\">Em 2020, os bispos do Brasil fariam suas primeiras visitas Ad Limina Apostolorum ao Papa Francisco. Por conta da pandemia, somente o Regional Sul 2 p\u00f4de estar com o Papa.<\/p>\n<div class=\"iframely-embed\" style=\"text-align: justify;\">\n<div class=\"iframely-responsive\"><iframe src=\"https:\/\/cdn.iframe.ly\/i3MEhWp?maxheight=1000&amp;v=1&amp;app=1\" allowfullscreen=\"allowfullscreen\" data-mce-fragment=\"1\"><\/iframe><\/div>\n<div>\n<div class=\"th _f2p _fsn _fwb\"><a class=\"thl\" href=\"https:\/\/www.cnbb.org.br\/episcopado-no-vaticano-a-visita-ad-limina-dos-bispos-do-regional-sul-2-da-cnbb\/\" target=\"_blank\" rel=\"noopener\">Episcopado no Vaticano: a visita Ad Limina dos bispos do Regional Sul 2 da CNBB | CNBB<\/a><\/div>\n<div class=\"td\">Bispos do Paran\u00e1 cumprem cronograma com visitas aos dicast\u00e9rios, secretarias, congrega\u00e7\u00f5es, tribunais e conselhos. Audi\u00eancia com o Papa ser\u00e1 na pr\u00f3xima segunda, 24<\/div>\n<div class=\"tf _f1m\">\n<div class=\"tc\"><a class=\"tw _f1m\" href=\"https:\/\/www.cnbb.org.br\/\" target=\"_blank\" rel=\"noopener\"><span class=\"twt\">cnbb.org.br<\/span>\u00a0<\/a><span class=\"tx\">\/<\/span>\u00a0<span class=\"tm\"><span class=\"tmt\">Imprensa\u00a0CNBB\u00a0<\/span><span class=\"tx tx2\">\/<\/span>\u00a0<span class=\"tmd\">21\u00a0de\u00a0fev.<\/span><\/span><\/div>\n<\/div>\n<\/div>\n<\/div>\n<h3 style=\"text-align: justify;\">Cartas<\/h3>\n<p style=\"text-align: justify;\">Por meio de cartas, o Papa Francisco fez ajustes na estrutura administrativa da C\u00faria Roma e da Cidade Estado do Vaticano. Tamb\u00e9m foi com este instrumento que Francisco solidarizou-se com o Papa em\u00e9rito Bento XVI pela morte do seu irm\u00e3o monsenhor Georg Ratzinger, no dia 2 de julho.<\/p>\n<p style=\"text-align: justify;\">Em abril, o Papa publicou carta a todos os fi\u00e9is para o M\u00eas de Maio, na qual prop\u00f4s a redescoberta da beleza de rezar o Ter\u00e7o em casa.<\/p>\n<h3 style=\"text-align: justify;\">Cartas Apost\u00f3licas<\/h3>\n<p style=\"text-align: justify;\">Entre as principais cartas apost\u00f3licas do Papa Francisco em 2020, uma dedicada a celebrar o XVI centen\u00e1rio da morte de S\u00e3o Jer\u00f4nimo, no dia 30 de setembro. \u201cO afeto \u00e0 Sagrada Escritura, um terno e vivo amor \u00e0 Palavra de Deus escrita \u00e9 a heran\u00e7a que S\u00e3o Jer\u00f4nimo, com a sua vida e as suas obras, deixou \u00e0 Igreja\u201d, destacou Francisco.<\/p>\n<p style=\"text-align: justify;\">O Papa tamb\u00e9m modicou o C\u00f3digo de Direito Can\u00f4nico com a Carta Apost\u00f3lica sob forma de Motu proprio \u201cAuthenticum charismatis\u201d, que trata da sobre institui\u00e7\u00e3o de institutos de vida consagrada.<\/p>\n<p style=\"text-align: justify;\">Agora em dezembro, Francisco convocou o ano de S\u00e3o Jos\u00e9 por meio da Carta Apost\u00f3lica\u00a0<em>Patris corde,<\/em>\u00a0publicada por ocasi\u00e3o do 150\u00ba anivers\u00e1rio da declara\u00e7\u00e3o de S\u00e3o Jos\u00e9 como Padroeiro da Igreja Universal.<\/p>\n<h3 style=\"text-align: justify;\">Enc\u00edclica Fratelli Tutti<\/h3>\n<p style=\"text-align: justify;\">Neste ano, Francisco somou ao seu magist\u00e9rio a enc\u00edclica Fratelli Tutti \u2013 sobre a fraternidade e a amizade social. O documento foi assinado em Assis, no dia 3 de outubro, e traz o desejo do Papa que \u201cneste tempo que nos cabe viver, reconhecendo a dignidade de cada pessoa humana, possamos fazer renascer, entre todos, um anseio mundial de fraternidade\u201d. \u00a0\u00a0<a href=\"https:\/\/www.vatican.va\/content\/francesco\/pt\/encyclicals\/documents\/papa-francesco_20201003_enciclica-fratelli-tutti.html\"><strong>Fratelli tutti (3 de outubro de 2020)<\/strong><\/a><\/p>\n<h3 style=\"text-align: justify;\">Exorta\u00e7\u00e3o Apost\u00f3lica Querida Amaz\u00f4nia<\/h3>\n<p style=\"text-align: justify;\">Fruto do S\u00ednodo Extraordin\u00e1rio sobre a Amaz\u00f4nia, a exorta\u00e7\u00e3o apost\u00f3lica Querida Amaz\u00f4nia foi publicada em 2 de fevereiro. No documento, o Papa apresenta os seus quatro sonhos para a regi\u00e3o.<\/p>\n<p style=\"text-align: justify;\">\u201cSonho com uma Amaz\u00f4nia que lute pelos direitos dos mais pobres, dos povos nativos, dos \u00faltimos, de modo que a sua voz seja ouvida e sua dignidade promovida.<br \/>\nSonho com uma Amaz\u00f3nia que preserve a riqueza cultural que a caracteriza e na qual brilha de maneira t\u00e3o variada a beleza humana.<br \/>\nSonho com uma Amaz\u00f4nia que guarde zelosamente a sedutora beleza natural que a adorna, a vida transbordante que enche os seus rios e as suas florestas.<br \/>\nSonho com comunidades crist\u00e3s capazes de se devotar e encarnar de tal modo na Amaz\u00f4nia, que deem \u00e0 Igreja rostos novos com tra\u00e7os amaz\u00f4nicos\u201d.<\/p>\n<p style=\"text-align: justify;\">\u00a0\u00a0<strong>\u00a0<a href=\"https:\/\/www.vatican.va\/content\/francesco\/pt\/apost_exhortations\/documents\/papa-francesco_esortazione-ap_20200202_querida-amazonia.html\">\u201cQuerida Amazonia\u201d: Exorta\u00e7\u00e3o Apost\u00f3lica p\u00f3s-sinodal ao povo de Deus e a todas as pessoas de boa vontade (2 de fevereiro de 2020)<\/a><\/strong><\/p>\n<h3 style=\"text-align: justify;\">Mensagens<\/h3>\n<p style=\"text-align: justify;\">Anualmente, o Papa divulga uma s\u00e9rie de mensagens por ocasi\u00e3o de datas celebradas mundialmente pela Igreja, como os dias voltados para a Alimenta\u00e7\u00e3o, as Comunica\u00e7\u00f5es Sociais, o Doente, a Juventude, os Pobres e a Vida Consagrada, por exemplo. Cada uma dessas mensagens \u00e9 objeto de in\u00fameras iniciativas e reflex\u00f5es por parte dos cl\u00e9rigos, religiosos e agentes de pastoral relacionados \u00e0 tem\u00e1tica.<\/p>\n<p style=\"text-align: justify;\">De modo especial, destacam-se duas mensagens pontif\u00edcias enviadas ao Brasil. Em 25 de janeiro, em v\u00eddeo, Francisco solidarizou-se com as fam\u00edlias das v\u00edtimas da trag\u00e9dia de Brumadinho ap\u00f3s um ano do crime socioambiental.<\/p>\n<p style=\"text-align: justify;\">No m\u00eas seguinte, Francisco manifestou comunh\u00e3o com todo o Brasil por ocasi\u00e3o da Campanha da Fraternidade, refor\u00e7ando \u201ca supera\u00e7\u00e3o da globaliza\u00e7\u00e3o da indiferen\u00e7a s\u00f3 ser\u00e1 poss\u00edvel se nos dispusermos a imitar o Bom Samaritano\u201d. Francisco rezou para que a Quaresma e a Campanha da Fraternidade, inseparavelmente vividas, fossem \u201cpara todo o Brasil um tempo em que se fortale\u00e7a o valor da vida, como dom e compromisso\u201d.<\/p>\n<p style=\"text-align: justify;\"><a href=\"https:\/\/www.vatican.va\/content\/francesco\/pt\/messages\/pont-messages\/2020\/documents\/papa-francesco_20200226_messaggio-fraternita-brasile.html\">https:\/\/www.vatican.va\/content\/francesco\/pt\/messages\/pont-messages\/2020\/documents\/papa-francesco_20200226_messaggio-fraternita-brasile.html<\/a><\/p>\n<p style=\"text-align: justify;\">Anivers\u00e1rio Brumadinho \u2013\u00a0<a href=\"https:\/\/www.vatican.va\/content\/francesco\/pt\/messages\/pont-messages\/2020\/documents\/papa-francesco_20200125_videomessaggio-brumadinho.html\">https:\/\/www.vatican.va\/content\/francesco\/pt\/messages\/pont-messages\/2020\/documents\/papa-francesco_20200125_videomessaggio-brumadinho.html<\/a><\/p>\n<p style=\"text-align: justify;\">Neste ano, a Igreja contou com duas mensagens Urbi et Orbi. No m\u00eas de mar\u00e7o, Francisco convocou o momento extraordin\u00e1rio de ora\u00e7\u00e3o no momento em que a pandemia atingia de forma mais latente a Europa. Na P\u00e1scoa, a j\u00e1 tradicional mensagem \u00e0 cidade e ao mundo. Nas duas ocasi\u00f5es, Francisco motivou e apontou Cristo como esperan\u00e7a do seu povo.<\/p>\n<p style=\"text-align: justify;\">\u201cO Senhor interpela-nos e, no meio da nossa tempestade, convida-nos a despertar e ativar a solidariedade e a esperan\u00e7a, capazes de dar solidez, apoio e significado a estas horas em que tudo parece naufragar. O Senhor desperta, para acordar e reanimar a nossa f\u00e9 pascal. Temos uma \u00e2ncora: na sua cruz, fomos salvos. Temos um leme: na sua cruz, fomos resgatados. Temos uma esperan\u00e7a: na sua cruz, fomos curados e abra\u00e7ados, para que nada e ningu\u00e9m nos separe do seu amor redentor\u201d, disse Francisco.<\/p>\n<ul style=\"text-align: justify;\">\n<li><strong><a href=\"https:\/\/www.vatican.va\/content\/francesco\/pt\/messages\/urbi\/documents\/papa-francesco_20200412_urbi-et-orbi-pasqua.html\">\u201cUrbi et Orbi\u201d \u2013 P\u00e1scoa 2020<\/a><\/strong><\/li>\n<li><strong><a href=\"https:\/\/www.vatican.va\/content\/francesco\/pt\/messages\/urbi\/documents\/papa-francesco_20200327_urbi-et-orbi-epidemia.html\">\u201cUrbi et Orbi\u201d \u2013 Momento extraordin\u00e1rio de ora\u00e7\u00e3o presidido pelo Papa Francisco (27 de mar\u00e7o de 2020)<\/a><\/strong><\/li>\n<\/ul>\n<h3 style=\"text-align: justify;\">Ora\u00e7\u00f5es<\/h3>\n<p style=\"text-align: justify;\">O Papa Francisco dedicou outros momentos especiais para ora\u00e7\u00e3o. Ainda em mar\u00e7o, um dia de ora\u00e7\u00e3o e jejum. Em abril, ofereceu uma prece a Maria para o m\u00eas dedicado a Nossa Senhora. No centen\u00e1rio de nascimento de S\u00e3o Jo\u00e3o Paulo II, Francisco fez mem\u00f3ria da data com uma ora\u00e7\u00e3o espec\u00edfica, no dia 18 de maio. No mesmo m\u00eas, o Papa participou de uma ora\u00e7\u00e3o conjunta pelo 5\u00ba anivers\u00e1rio da enc\u00edclica Laudato si\u2019.<\/p>\n<h3 style=\"text-align: justify;\">S\u00e9ries de Catequeses<\/h3>\n<p style=\"text-align: justify;\">Francisco frisou de forma particular a necessidade de uma vida de ora\u00e7\u00e3o para os cat\u00f3licos. Durante suas catequeses nas audi\u00eancias de quarta-feira, Francisco ofereceu um ciclo de 19 reflex\u00f5es sobre o tema. \u201cA ora\u00e7\u00e3o \u00e9 o respiro da f\u00e9, \u00e9 a sua express\u00e3o mais adequada. Como um grito que sai do cora\u00e7\u00e3o de quem cr\u00ea e se confia a Deus\u201d.<\/p>\n<p style=\"text-align: justify;\">Em janeiro, o Papa Francisco concluiu as catequeses sobre os Atos dos Ap\u00f3stolos e motivou \u00e0 leitura do livro: \u201cLede o Livro dos Atos dos Ap\u00f3stolos e vereis como o Evangelho, com a for\u00e7a do Esp\u00edrito Santo, chega a todos os povos, se torna universal\u201d. Na \u00faltima semana, deu in\u00edcio \u00e0s catequeses sobre as Bem-aventuran\u00e7as, consideradas o \u201c\u2019bilhete de identidade\u2019 do crist\u00e3o\u201d, isso porque \u201cdelineiam o rosto do pr\u00f3prio Jesus, o seu estilo de vida\u201d.<\/p>\n<p style=\"text-align: justify;\">No contexto da pandemia do novo coronav\u00edrus, Francisco ofereceu a s\u00e9rie de catequeses \u201cCurar o mundo\u201d, com nove reflex\u00f5es.<\/p>\n<blockquote><p>\u201cRefletimos juntos, \u00e0 luz do Evangelho, sobre como curar o mundo que sofre de um mal-estar que a pandemia\u00a0 real\u00e7ou e acentuou. J\u00e1 havia o mal-estar: a pandemia real\u00e7ou-o mais, acentuou-o. Percorremos os caminhos da dignidade, da solidariedade e da subsidiariedade, caminhos indispens\u00e1veis para promover a dignidade humana e o bem comum. E, como disc\u00edpulos de Jesus, come\u00e7amos a seguir os seus passos, optando pelos pobres, reconsiderando o uso dos bens e cuidando da casa comum. No meio da pandemia que nos aflige, ancor\u00e1mo-nos nos princ\u00edpios da doutrina social da Igreja, deixando-nos guiar pela f\u00e9, pela esperan\u00e7a e pela caridade. Aqui encontramos uma ajuda s\u00f3lida para sermos agentes de transforma\u00e7\u00e3o que fazem sonhos\u00a0 grandiosos, que n\u00e3o se det\u00eam nas mesquinharias que dividem e magoam, mas encorajam a gerar um mundo novo e melhor\u201d.<\/p><\/blockquote>\n<h3 style=\"text-align: justify;\">Pacto Educativo e Economia de Francisco<\/h3>\n<p style=\"text-align: justify;\">Com grande expectativa, mas impactados pela pandemia, os eventos sobre o Pacto Educativo Global e a Economia de Francisco ocorreram de forma virtual.<\/p>\n<p style=\"text-align: justify;\">Francisco enviou mensagem em v\u00eddeo para os participantes do Pacto Educativo Global, no dia 15 de outubro, ressaltando que \u201ceducar \u00e9 sempre um ato de esperan\u00e7a que convida \u00e0 comparticipa\u00e7\u00e3o transformando a l\u00f3gica est\u00e9ril e paralisadora da indiferen\u00e7a numa l\u00f3gica diferente, capaz de acolher a nossa perten\u00e7a comum\u201d.<\/p>\n<p style=\"text-align: justify;\">Para o Papa, \u00e9 necess\u00e1ria hoje \u201cuma renovada esta\u00e7\u00e3o de empenhamento educativo, que envolva todos os componentes da sociedade\u201d. Ao convidar a escutar o grito das novas gera\u00e7\u00f5es, Francisco sugeriu \u00e0s fam\u00edlias, comunidades, escolas e universidades, \u00e0s institui\u00e7\u00f5es, religi\u00f5es, governantes, \u00e0 humanidade inteira um compromisso em sete pontos.<\/p>\n<p style=\"text-align: justify;\"><a href=\"https:\/\/www.vatican.va\/content\/francesco\/pt\/messages\/pont-messages\/2020\/documents\/papa-francesco_20201015_videomessaggio-global-compact.html\">Mensagem em v\u00eddeo do Santo Padre por ocasi\u00e3o do Encontro organizado pela Congrega\u00e7\u00e3o para a Educa\u00e7\u00e3o Cat\u00f3lica: \u201cGlobal Compact on Education. Together to look beyond\u201d (15 de outubro de 2020) | Francisco<\/a><\/p>\n<p style=\"text-align: justify;\">Numa tarefa inadi\u00e1vel, o chamado a um \u201ccompromisso generoso na esfera cultural, na forma\u00e7\u00e3o acad\u00eamica e na investiga\u00e7\u00e3o cient\u00edfica\u201d, uma nova economia.<\/p>\n<p style=\"text-align: justify;\">No dia 21 de novembro, ocorreu o evento em Assis sobre a Economia de Francisco. O Papa incentivou jovens economistas, empres\u00e1rios, trabalhadores e dirigentes empresariais a serem ousados para \u201cfomentar e estimular modelos de desenvolvimento, progresso e sustentabilidade em que as pessoas, e especialmente os exclu\u00eddos (e entre eles, tamb\u00e9m a irm\u00e3 terra), deixem de ser \u2014 no melhor dos casos \u2014 uma presen\u00e7a meramente nominal, t\u00e9cnica ou funcional para se tornar protagonistas das suas vidas, assim como de todo o tecido social\u201d.<\/p>\n<p style=\"text-align: justify;\"><a href=\"https:\/\/www.vatican.va\/content\/francesco\/pt\/messages\/pont-messages\/2020\/documents\/papa-francesco_20201121_videomessaggio-economy-of-francesco.html\">Mensagem em v\u00eddeo do Santo Padre por ocasi\u00e3o do evento internacional &#8220;The Economy of Francesco&#8221; [Bas\u00edlica de S\u00e3o Francisco de Assis, 19-21 de novembro de 2020] (21 de novembro de 2020) | Francisco<\/a><\/p>\n","protected":false},"excerpt":{"rendered":"<p>O ano do Papa Francisco foi bastante intenso, mesmo sem nenhuma viagem apost\u00f3lica. A imagem dele sozinho na Pra\u00e7a S\u00e3o Pedro, no dia 27 de mar\u00e7o, resume e marca o que foi 2020 a partir de Roma. Num contexto t\u00e3o desafiador, Francisco mostrou ao mundo inteiro, por meio da leitura da Palavra e da ora\u00e7\u00e3o, [&hellip;]<\/p>\n","protected":false},"author":1,"featured_media":65316,"comment_status":"open","ping_status":"closed","sticky":false,"template":"","format":"standard","meta":{"footnotes":""},"categories":[7,4],"tags":[],"class_list":["post-65315","post","type-post","status-publish","format-standard","has-post-thumbnail","hentry","category-cnbb","category-cotidiano"],"_links":{"self":[{"href":"https:\/\/catolicanet.net\/wp-cnet\/wp-json\/wp\/v2\/posts\/65315","targetHints":{"allow":["GET"]}}],"collection":[{"href":"https:\/\/catolicanet.net\/wp-cnet\/wp-json\/wp\/v2\/posts"}],"about":[{"href":"https:\/\/catolicanet.net\/wp-cnet\/wp-json\/wp\/v2\/types\/post"}],"author":[{"embeddable":true,"href":"https:\/\/catolicanet.net\/wp-cnet\/wp-json\/wp\/v2\/users\/1"}],"replies":[{"embeddable":true,"href":"https:\/\/catolicanet.net\/wp-cnet\/wp-json\/wp\/v2\/comments?post=65315"}],"version-history":[{"count":2,"href":"https:\/\/catolicanet.net\/wp-cnet\/wp-json\/wp\/v2\/posts\/65315\/revisions"}],"predecessor-version":[{"id":65318,"href":"https:\/\/catolicanet.net\/wp-cnet\/wp-json\/wp\/v2\/posts\/65315\/revisions\/65318"}],"wp:featuredmedia":[{"embeddable":true,"href":"https:\/\/catolicanet.net\/wp-cnet\/wp-json\/wp\/v2\/media\/65316"}],"wp:attachment":[{"href":"https:\/\/catolicanet.net\/wp-cnet\/wp-json\/wp\/v2\/media?parent=65315"}],"wp:term":[{"taxonomy":"category","embeddable":true,"href":"https:\/\/catolicanet.net\/wp-cnet\/wp-json\/wp\/v2\/categories?post=65315"},{"taxonomy":"post_tag","embeddable":true,"href":"https:\/\/catolicanet.net\/wp-cnet\/wp-json\/wp\/v2\/tags?post=65315"}],"curies":[{"name":"wp","href":"https:\/\/api.w.org\/{rel}","templated":true}]}}