{"id":65306,"date":"2020-12-23T11:38:27","date_gmt":"2020-12-23T14:38:27","guid":{"rendered":"https:\/\/catolicanet.net\/wp-cnet\/?p=65306"},"modified":"2020-12-23T11:38:27","modified_gmt":"2020-12-23T14:38:27","slug":"papa-francisco-nomeia-julio-cesar-gomes-moreira-como-bispo-auxiliar-para-a-arquidiocese-de-belo-horizonte","status":"publish","type":"post","link":"https:\/\/catolicanet.net\/wp-cnet\/papa-francisco-nomeia-julio-cesar-gomes-moreira-como-bispo-auxiliar-para-a-arquidiocese-de-belo-horizonte\/","title":{"rendered":"PAPA FRANCISCO NOMEIA J\u00daLIO C\u00c9SAR GOMES MOREIRA COMO BISPO AUXILIAR PARA A ARQUIDIOCESE DE BELO HORIZONTE"},"content":{"rendered":"<p style=\"text-align: justify;\">O Papa Francisco nomeou nesta quarta-feira, 23 de dezembro, o padre J\u00falio C\u00e9sar Gomes Moreira como bispo titular de Tisiduo e auxiliar na arquidiocese de Belo Horizonte (MG). At\u00e9 ent\u00e3o o padre atuava como presb\u00edtero na par\u00f3quia Nossa Senhora do Ros\u00e1rio, em Sobradinho (DF). Tamb\u00e9m exercia a fun\u00e7\u00e3o de coordenador da Comiss\u00e3o do Clero e membro do Col\u00e9gio dos Consultores da arquidiocese de Bras\u00edlia (DF).<\/p>\n<p style=\"text-align: justify;\"><strong>Biografia e trajet\u00f3ria religiosa<\/strong><\/p>\n<p style=\"text-align: justify;\">Filho de Lu\u00eds Gonzaga Moreira e Maria Janete Gomes Moreira, padre J\u00falio nasceu em Fortaleza (CE), em 18 de mar\u00e7o de 1972. Bacharelou-se em Psicologia pela Universidade de Bras\u00edlia em 1997 e em Filosofia e Teologia no Semin\u00e1rio Maior Arquidiocesano de Bras\u00edlia Nossa Senhora de F\u00e1tima, em 2003. Especializou-se em An\u00e1lise Existencial e Logoterapia de Viktor Frankl (2011-2012).<\/p>\n<p style=\"text-align: justify;\">Foi ordenado padre da arquidiocese de Bras\u00edlia em 6 de dezembro de 2003.\u00a0 Atuou como p\u00e1roco da par\u00f3quia S\u00e3o Jos\u00e9, em Brazl\u00e2ndia (DF) de 2004 a 2005. Tamb\u00e9m foi formador no semin\u00e1rio maior Nossa Senhora de F\u00e1tima da arquidiocese de Bras\u00edlia de 2006 a 2007 e no semin\u00e1rio proped\u00eautico S\u00e3o Jos\u00e9, de Bras\u00edlia, de 2008 a 2010. De 2011 a 2015, foi reitor do semin\u00e1rio maior Interdiocesano S\u00e3o Jo\u00e3o Maria Vianney e do Semin\u00e1rio Proped\u00eautico Santa Cruz, em Goi\u00e2nia.<\/p>\n<p style=\"text-align: justify;\">Tamb\u00e9m colaborou no Santu\u00e1rio do Sant\u00edssimo Sacramento, em Bras\u00edlia, em 2016, e foi vig\u00e1rio episcopal do vicariato Centro de Bras\u00edlia, no mesmo ano. At\u00e9 ent\u00e3o, vem exercendo as fun\u00e7\u00f5es de coordenador da Comiss\u00e3o do Clero de Bras\u00edlia (2019-2020), membro do Col\u00e9gio dos Consultores e p\u00e1roco da par\u00f3quia Nossa Senhora do Ros\u00e1rio de F\u00e1tima, Sobradinho-DF (2017-2020).<\/p>\n<h3 style=\"text-align: justify;\">Sauda\u00e7\u00e3o a Dom J\u00falio C\u00e9sar Gomes Moreira<\/h3>\n<p style=\"text-align: justify;\">Bras\u00edlia-DF, 23 de dezembro de 2020<\/p>\n<p style=\"text-align: justify;\">Estimado Monsenhor J\u00falio C\u00e9sar Gomes Moreira,<\/p>\n<p style=\"text-align: justify;\">A Confer\u00eancia Nacional dos Bispos Brasil (CNBB) recebe com alegria a sua nomea\u00e7\u00e3o como novo bispo titular de Tisiduo e auxiliar na arquidiocese de Belo Horizonte (MG). Agradecemos ao Papa Francisco por mais esta nomea\u00e7\u00e3o que fortalecer\u00e1 a presen\u00e7a da Igreja no regional Leste 2 da CNBB.<\/p>\n<p style=\"text-align: justify;\">Transmitimos nossos votos de boas-vindas ao episcopado recordando trechos das Diretrizes Gerais da A\u00e7\u00e3o Evangelizadora da Igreja no Brasil (2019-2023) sobre a realidade do \u201cmundo urbano atual, cuja mentalidade est\u00e1 presente no campo e na cidade\u201d (Cfr. n. 10).<\/p>\n<p style=\"text-align: justify;\">A realidade urbana, fragmentada, carregada de luz e de sombras, mas tamb\u00e9m cheia de potencialidades, \u00e9 muito mais do que um lugar social geogr\u00e1fico. Trata-se de uma mentalidade e cultura. Nesta realidade, seu minist\u00e9rio como membro do episcopado, \u00e9 chamado a ser presen\u00e7a e a buscar uma Igreja como casa e comunidade eclesial mission\u00e1ria sempre em sa\u00edda.<\/p>\n<p style=\"text-align: justify;\">Desejamos que como bispo auxiliar possa contribuir, assim como vem contribuindo na Igreja em Bras\u00edlia e no regional Centro-Oeste da CNBB, com o arcebispo dom Walmor\u00a0 Oliveira de Azevedo no governo pastoral da arquidiocese de Belo Horizonte.<\/p>\n<p style=\"text-align: justify;\">Em Cristo,<\/p>\n<p style=\"text-align: justify;\">\n<p style=\"text-align: justify;\"><strong>Dom Walmor Oliveira de Azevedo<\/strong><br \/>\nArcebispo de Belo Horizonte (MG)<br \/>\nPresidente da CNBB<\/p>\n<p style=\"text-align: justify;\"><strong>Dom Jaime Spengler<\/strong><br \/>\nArcebispo de Porto Alegre (RS)<br \/>\nPrimeiro Vice-Presidente da CNBB<\/p>\n<p style=\"text-align: justify;\"><strong>Dom M\u00e1rio Ant\u00f4nio da Silva<\/strong><br \/>\nBispo de Roraima (RR)<br \/>\nSegundo Vice-Presidente da CNBB<\/p>\n<p style=\"text-align: justify;\"><strong>Dom Joel Portella Amado<\/strong><br \/>\nBispo auxiliar da arquidiocese de S\u00e3o Sebasti\u00e3o do Rio de Janeiro (RJ)<br \/>\nSecret\u00e1rio-geral da CNBB<\/p>\n","protected":false},"excerpt":{"rendered":"<p>O Papa Francisco nomeou nesta quarta-feira, 23 de dezembro, o padre J\u00falio C\u00e9sar Gomes Moreira como bispo titular de Tisiduo e auxiliar na arquidiocese de Belo Horizonte (MG). At\u00e9 ent\u00e3o o padre atuava como presb\u00edtero na par\u00f3quia Nossa Senhora do Ros\u00e1rio, em Sobradinho (DF). Tamb\u00e9m exercia a fun\u00e7\u00e3o de coordenador da Comiss\u00e3o do Clero e [&hellip;]<\/p>\n","protected":false},"author":1,"featured_media":65307,"comment_status":"open","ping_status":"closed","sticky":false,"template":"","format":"standard","meta":{"footnotes":""},"categories":[7],"tags":[],"class_list":["post-65306","post","type-post","status-publish","format-standard","has-post-thumbnail","hentry","category-cnbb"],"_links":{"self":[{"href":"https:\/\/catolicanet.net\/wp-cnet\/wp-json\/wp\/v2\/posts\/65306","targetHints":{"allow":["GET"]}}],"collection":[{"href":"https:\/\/catolicanet.net\/wp-cnet\/wp-json\/wp\/v2\/posts"}],"about":[{"href":"https:\/\/catolicanet.net\/wp-cnet\/wp-json\/wp\/v2\/types\/post"}],"author":[{"embeddable":true,"href":"https:\/\/catolicanet.net\/wp-cnet\/wp-json\/wp\/v2\/users\/1"}],"replies":[{"embeddable":true,"href":"https:\/\/catolicanet.net\/wp-cnet\/wp-json\/wp\/v2\/comments?post=65306"}],"version-history":[{"count":1,"href":"https:\/\/catolicanet.net\/wp-cnet\/wp-json\/wp\/v2\/posts\/65306\/revisions"}],"predecessor-version":[{"id":65308,"href":"https:\/\/catolicanet.net\/wp-cnet\/wp-json\/wp\/v2\/posts\/65306\/revisions\/65308"}],"wp:featuredmedia":[{"embeddable":true,"href":"https:\/\/catolicanet.net\/wp-cnet\/wp-json\/wp\/v2\/media\/65307"}],"wp:attachment":[{"href":"https:\/\/catolicanet.net\/wp-cnet\/wp-json\/wp\/v2\/media?parent=65306"}],"wp:term":[{"taxonomy":"category","embeddable":true,"href":"https:\/\/catolicanet.net\/wp-cnet\/wp-json\/wp\/v2\/categories?post=65306"},{"taxonomy":"post_tag","embeddable":true,"href":"https:\/\/catolicanet.net\/wp-cnet\/wp-json\/wp\/v2\/tags?post=65306"}],"curies":[{"name":"wp","href":"https:\/\/api.w.org\/{rel}","templated":true}]}}