{"id":6530,"date":"2015-08-24T17:33:13","date_gmt":"2015-08-24T20:33:13","guid":{"rendered":"http:\/\/catolicanet.net\/wp-cnet\/dia-das-nacoes-unidas-contra-o-trafico-o-mercado-dos-novos-escravos\/"},"modified":"2017-04-11T14:23:31","modified_gmt":"2017-04-11T17:23:31","slug":"dia-das-nacoes-unidas-contra-o-trafico-o-mercado-dos-novos-escravos","status":"publish","type":"post","link":"https:\/\/catolicanet.net\/wp-cnet\/dia-das-nacoes-unidas-contra-o-trafico-o-mercado-dos-novos-escravos\/","title":{"rendered":"Dia das Na\u00e7\u00f5es Unidas contra o tr\u00e1fico, o mercado dos novos escravos"},"content":{"rendered":"<p style=\"text-align: justify;\"><img decoding=\"async\" src=\"http:\/\/catolicanet.com.br\/images\/stories\/geral\/adiadas nacoes.jpg\" border=\"0\" align=\"left\" \/>Neste domingo, 23, foi comemorado o Dia Internacional da Lembran\u00e7a do Tr\u00e1fico de Escravos e sua Aboli\u00e7\u00e3o, estabelecido pela ONU, para recordar o levante que ocorreu na ilha de Santo Domingo, na noite entre 22 e 23 de agosto de 1791, e que levou \u00e0 aboli\u00e7\u00e3o do tr\u00e1fico de escravos transatl\u00e2ntico. Mas hoje esse fen\u00f4meno ainda est\u00e1 presente e envolve milh\u00f5es de pessoas ao redor do mundo, e n\u00e3o poupa nem mesmo as crian\u00e7as.<\/p>\n<p>No mundo inteiro, mais de 20 milh\u00f5es de pessoas s\u00e3o v\u00edtimas de trabalho for\u00e7ado, dos quais 55% s\u00e3o mulheres. Os setores mais envolvidos s\u00e3o a agricultura, servi\u00e7os dom\u00e9sticos, as empresas de transporte e a mendic\u00e2ncia. Altas tamb\u00e9m as cifras da explora\u00e7\u00e3o sexual. S\u00e3o cerca de 500 mil ao ano as mulheres que chegam \u00e0 Europa e s\u00e3o for\u00e7adas a entrar nas redes de prostitui\u00e7\u00e3o. Mas entre as v\u00edtimas do tr\u00e1fico est\u00e3o tamb\u00e9m as crian\u00e7as. De acordo com o relat\u00f3rio de \u201cSave the Children\u201d, na It\u00e1lia desde o in\u00edcio deste ano chegaram via mar, mais de 7.300 menores n\u00e3o acompanhados. Mas quais s\u00e3o os riscos que enfrentam? A R\u00e1dio Vaticano ouviu o coment\u00e1rio de Carlotta Bellini, respons\u00e1vel de \u201cSave the Children\u201d para quest\u00e3o humanit\u00e1ria:<\/p>\n<p>R. &#8211; No relat\u00f3rio deste ano de \u201cSave the Children\u201d sobre o tr\u00e1fico e explora\u00e7\u00e3o de pessoas centralizamos a nossa aten\u00e7\u00e3o, em particular, sobre os menores n\u00e3o acompanhados, a maioria dos quais chegou \u00e0 It\u00e1lia por mar atravessando o Mediterr\u00e2neo. Trata-se de adolescentes que enfrentam muitos perigos e que, infelizmente, se tornam v\u00edtimas de viol\u00eancia, de abusos e explora\u00e7\u00e3o tamb\u00e9m j\u00e1 durante a viagem. H\u00e1 tamb\u00e9m as jovens da Europa do Leste que entram na It\u00e1lia atrav\u00e9s da fronteira no norte. Trata-se neste \u00faltimo caso &#8211; e tamb\u00e9m no caso de jovens nigerianas que atravessam o Mediterr\u00e2neo para entrar na Europa &#8211; de jovens e adolescentes que s\u00e3o v\u00edtimas de tr\u00e1fico para explora\u00e7\u00e3o sexual. Um grupo particularmente que corre o risco de explora\u00e7\u00e3o do trabalho \u00e9 o de menores eg\u00edpcios.<\/p>\n<p>P. &#8211; Como s\u00e3o atra\u00eddos?<\/p>\n<p>R. &#8211; Os jovens chegam \u00e0 It\u00e1lia pagando os contrabandistas, mas a explora\u00e7\u00e3o come\u00e7a na It\u00e1lia. Neste caso, s\u00e3o os jovens mesmos que procuram &#8220;trabalho&#8221;, porque devem pagar a d\u00edvida que as fam\u00edlias contra\u00edram para permitir-lhes viajar para a It\u00e1lia. Para obter o dinheiro os jovens est\u00e3o dispostos a tudo: trabalham principalmente seja em Roma ou Mil\u00e3o, em frutarias, no locais que fazem kebabs e nos lava-carros. No que diz respeito \u00e0s menores nigerianas, infelizmente a explora\u00e7\u00e3o j\u00e1 ocorre durante a viagem: s\u00e3o for\u00e7adas a prostitu\u00edrem-se tamb\u00e9m em lugares fechados, como hot\u00e9is, casa de h\u00f3spedes, e ent\u00e3o, naturalmente esta explora\u00e7\u00e3o continua na It\u00e1lia, onde s\u00e3o exploradas nas ruas, subjugadas tamb\u00e9m com rituais de vodu. Desta forma, os exploradores exercem controle sobre elas. Este, infelizmente, \u00e9 o triste destino de jovens adolescentes; sua idade \u00e9 entre 15 e 17 anos &#8230; (SP)<\/p>\n<p style=\"text-align: justify;\">Fonte: R\u00e1dio Vaticano<\/p>\n","protected":false},"excerpt":{"rendered":"<p>Neste domingo, 23, foi comemorado o Dia Internacional da Lembran\u00e7a do Tr\u00e1fico de Escravos e sua Aboli\u00e7\u00e3o, estabelecido pela ONU, para recordar o levante que ocorreu na ilha de Santo Domingo, na noite entre 22 e 23 de agosto de 1791, e que levou \u00e0 aboli\u00e7\u00e3o do tr\u00e1fico de escravos transatl\u00e2ntico. Mas hoje esse fen\u00f4meno [&hellip;]<\/p>\n","protected":false},"author":1,"featured_media":0,"comment_status":"closed","ping_status":"closed","sticky":false,"template":"","format":"standard","meta":{"footnotes":""},"categories":[3],"tags":[],"class_list":["post-6530","post","type-post","status-publish","format-standard","hentry","category-vaticano"],"_links":{"self":[{"href":"https:\/\/catolicanet.net\/wp-cnet\/wp-json\/wp\/v2\/posts\/6530","targetHints":{"allow":["GET"]}}],"collection":[{"href":"https:\/\/catolicanet.net\/wp-cnet\/wp-json\/wp\/v2\/posts"}],"about":[{"href":"https:\/\/catolicanet.net\/wp-cnet\/wp-json\/wp\/v2\/types\/post"}],"author":[{"embeddable":true,"href":"https:\/\/catolicanet.net\/wp-cnet\/wp-json\/wp\/v2\/users\/1"}],"replies":[{"embeddable":true,"href":"https:\/\/catolicanet.net\/wp-cnet\/wp-json\/wp\/v2\/comments?post=6530"}],"version-history":[{"count":1,"href":"https:\/\/catolicanet.net\/wp-cnet\/wp-json\/wp\/v2\/posts\/6530\/revisions"}],"predecessor-version":[{"id":11368,"href":"https:\/\/catolicanet.net\/wp-cnet\/wp-json\/wp\/v2\/posts\/6530\/revisions\/11368"}],"wp:attachment":[{"href":"https:\/\/catolicanet.net\/wp-cnet\/wp-json\/wp\/v2\/media?parent=6530"}],"wp:term":[{"taxonomy":"category","embeddable":true,"href":"https:\/\/catolicanet.net\/wp-cnet\/wp-json\/wp\/v2\/categories?post=6530"},{"taxonomy":"post_tag","embeddable":true,"href":"https:\/\/catolicanet.net\/wp-cnet\/wp-json\/wp\/v2\/tags?post=6530"}],"curies":[{"name":"wp","href":"https:\/\/api.w.org\/{rel}","templated":true}]}}