{"id":65258,"date":"2020-12-18T09:48:24","date_gmt":"2020-12-18T12:48:24","guid":{"rendered":"https:\/\/catolicanet.net\/wp-cnet\/?p=65258"},"modified":"2020-12-18T09:48:24","modified_gmt":"2020-12-18T12:48:24","slug":"arcebispo-de-miami-recebe-vacina-contra-coronavirus","status":"publish","type":"post","link":"https:\/\/catolicanet.net\/wp-cnet\/arcebispo-de-miami-recebe-vacina-contra-coronavirus\/","title":{"rendered":"Arcebispo de Miami recebe vacina contra coronav\u00edrus"},"content":{"rendered":"<p style=\"text-align: justify;\">O Arcebispo de Miami (Estados Unidos), Dom Thomas Wenski, foi uma das primeiras pessoas no sul do Estado da Fl\u00f3rida a receber a vacina da Pfizer-BioNTech contra o coronav\u00edrus COVID-19, em 16 de dezembro, no Centro de Enfermagem St. John&#8217;s, perto de Fort Lauderdale, no complexo de Servi\u00e7os de Sa\u00fade Cat\u00f3licos da Arquidiocese.<\/p>\n<p style=\"text-align: justify;\">Em declara\u00e7\u00f5es recolhidas por\u00a0Florida Catholic,\u00a0meio de comunica\u00e7\u00e3o oficial da Arquidiocese de Miami, Dom Wenski afirmou que \u201cqueria mostrar hoje, antes de mais nada, que temos confian\u00e7a na vacina e que n\u00e3o temos qualquer preocupa\u00e7\u00e3o \u00e9tica sobre a vacina\u201d.<\/p>\n<p style=\"text-align: justify;\">&#8220;Espero que o meu passo adiante incentive outras pessoas a serem vacinadas assim que esteja dispon\u00edvel para elas&#8221;, assinalou.<\/p>\n<p style=\"text-align: justify;\">O Prelado confessou que &#8220;sempre tenho medo de agulhas, como um homem normal, n\u00e3o fui feito para a dor&#8221;.<\/p>\n<p style=\"text-align: justify;\">De acordo com a universidade norte-americana especializada em medicina Johns Hopkins, at\u00e9 a manh\u00e3 de 18 de dezembro nos Estados Unidos, foram confirmados mais de 17 milh\u00f5es de casos de COVID-19, com mais de 310 mil mortes.<\/p>\n<p style=\"text-align: justify;\">De acordo com a Secretaria de Sa\u00fade da Fl\u00f3rida, mais de um milh\u00e3o de casos e mais de 20 mil mortes foram confirmados naquele estado.<\/p>\n<p style=\"text-align: justify;\">Dom Wenski recordou que \u201cos\u00a0bispos\u00a0dos Estados Unidos emitiram uma explica\u00e7\u00e3o muito detalhada de por que n\u00e3o temos preocupa\u00e7\u00f5es \u00e9ticas sobre essas vacinas em particular e vamos encorajar todas as pessoas a terem acesso a elas, porque mesmo as pessoas que poderiam n\u00e3o ter muito o que temer de uma infec\u00e7\u00e3o \u2013 se n\u00e3o s\u00e3o do grupo de risco e se est\u00e3o saud\u00e1veis ou se sua idade demogr\u00e1fica \u00e9 tal que poderiam se recuperar facilmente \u2013 o fato de estarem vacinados \u00e9 um benef\u00edcio para os outros a sua volta para que n\u00e3o sejam respons\u00e1veis de que outros recebam o v\u00edrus\u201d.<\/p>\n<p style=\"text-align: justify;\">O Arcebispo de Miami tamb\u00e9m destacou que \u201ccomo j\u00e1 aprendemos, outros tipos de vacinas t\u00eam feito grandes coisas para nos proteger ao longo dos anos\u201d.<\/p>\n<p style=\"text-align: justify;\"><em>Publicado originalmente em\u00a0<a href=\"https:\/\/www.aciprensa.com\/noticias\/arzobispo-de-miami-recibe-vacuna-contra-coronavirus-19294\">ACI Prensa.<\/a>\u00a0Traduzido e adaptado por Nath\u00e1lia Queiroz.<\/em><\/p>\n<p style=\"text-align: justify;\"><strong>Confira tamb\u00e9m:<\/strong><\/p>\n<p style=\"text-align: justify;\">Que Deus ilumine os cientistas para encontrar a vacina contra o coronav\u00edrus, pede Arcebispo<\/p>\n","protected":false},"excerpt":{"rendered":"<p>O Arcebispo de Miami (Estados Unidos), Dom Thomas Wenski, foi uma das primeiras pessoas no sul do Estado da Fl\u00f3rida a receber a vacina da Pfizer-BioNTech contra o coronav\u00edrus COVID-19, em 16 de dezembro, no Centro de Enfermagem St. John&#8217;s, perto de Fort Lauderdale, no complexo de Servi\u00e7os de Sa\u00fade Cat\u00f3licos da Arquidiocese. Em declara\u00e7\u00f5es [&hellip;]<\/p>\n","protected":false},"author":1,"featured_media":65259,"comment_status":"open","ping_status":"closed","sticky":false,"template":"","format":"standard","meta":{"footnotes":""},"categories":[4],"tags":[],"class_list":["post-65258","post","type-post","status-publish","format-standard","has-post-thumbnail","hentry","category-cotidiano"],"_links":{"self":[{"href":"https:\/\/catolicanet.net\/wp-cnet\/wp-json\/wp\/v2\/posts\/65258","targetHints":{"allow":["GET"]}}],"collection":[{"href":"https:\/\/catolicanet.net\/wp-cnet\/wp-json\/wp\/v2\/posts"}],"about":[{"href":"https:\/\/catolicanet.net\/wp-cnet\/wp-json\/wp\/v2\/types\/post"}],"author":[{"embeddable":true,"href":"https:\/\/catolicanet.net\/wp-cnet\/wp-json\/wp\/v2\/users\/1"}],"replies":[{"embeddable":true,"href":"https:\/\/catolicanet.net\/wp-cnet\/wp-json\/wp\/v2\/comments?post=65258"}],"version-history":[{"count":1,"href":"https:\/\/catolicanet.net\/wp-cnet\/wp-json\/wp\/v2\/posts\/65258\/revisions"}],"predecessor-version":[{"id":65260,"href":"https:\/\/catolicanet.net\/wp-cnet\/wp-json\/wp\/v2\/posts\/65258\/revisions\/65260"}],"wp:featuredmedia":[{"embeddable":true,"href":"https:\/\/catolicanet.net\/wp-cnet\/wp-json\/wp\/v2\/media\/65259"}],"wp:attachment":[{"href":"https:\/\/catolicanet.net\/wp-cnet\/wp-json\/wp\/v2\/media?parent=65258"}],"wp:term":[{"taxonomy":"category","embeddable":true,"href":"https:\/\/catolicanet.net\/wp-cnet\/wp-json\/wp\/v2\/categories?post=65258"},{"taxonomy":"post_tag","embeddable":true,"href":"https:\/\/catolicanet.net\/wp-cnet\/wp-json\/wp\/v2\/tags?post=65258"}],"curies":[{"name":"wp","href":"https:\/\/api.w.org\/{rel}","templated":true}]}}