{"id":65227,"date":"2020-12-17T09:15:21","date_gmt":"2020-12-17T12:15:21","guid":{"rendered":"https:\/\/catolicanet.net\/wp-cnet\/?p=65227"},"modified":"2020-12-17T09:15:21","modified_gmt":"2020-12-17T12:15:21","slug":"a-conferencia-episcopal-francesa-e-a-depressao-dos-padres","status":"publish","type":"post","link":"https:\/\/catolicanet.net\/wp-cnet\/a-conferencia-episcopal-francesa-e-a-depressao-dos-padres\/","title":{"rendered":"A Confer\u00eancia Episcopal Francesa e a depress\u00e3o dos padres"},"content":{"rendered":"<p style=\"text-align: justify;\"><strong>A<\/strong> <strong>Confer\u00eancia Episcopal Francesa<\/strong> publicou, a 25 de novembro, um estudo in\u00e9dito sobre a sa\u00fade dos padres diocesanos em atividade, que obteve 42% de respostas, num total de 6400 inquiridos. Entre os v\u00e1rios resultados apurados, conclui-se que, em 2020, 7,4% dos sacerdotes sofreram de depress\u00e3o.<\/p>\n<p style=\"text-align: justify;\">Durante o per\u00edodo do estudo realizado pela Union Saint Martin, encomendado pelos bispos cat\u00f3licos, dois padres suicidaram-se, a 21 e 23 de agosto, o que alarmou profundamente o episcopado.<\/p>\n<p style=\"text-align: justify;\">Al\u00e9m do esgotamento (\u201cs\u00edndrome de burnout\u201d) severo que atinge 2% dos sacerdotes respondentes (todos com menos de 75 anos), a investiga\u00e7\u00e3o revela que <strong>45% declaram doen\u00e7a cr\u00f3nica, nomeadamente dores nas costas e cervicais.<\/strong><\/p>\n<p style=\"text-align: justify;\">A maioria dos padres realiza atividade f\u00edsica regular, mas cerca de 63% t\u00eam excesso de peso, e em 20% foi diagnosticada obesidade. <strong>Mais de 8% dos inquiridos t\u00eam risco cr\u00f3nico ou de depend\u00eancia do \u00e1lcool.<\/strong><\/p>\n<p style=\"text-align: justify;\">Metade dos sacerdotes vive s\u00f3, o que, muitas vezes, aumenta a neglig\u00eancia em rela\u00e7\u00e3o \u00e0 sua sa\u00fade f\u00edsica e mental. E 40% consideram que o seu minist\u00e9rio n\u00e3o \u00e9 acompanhado pessoalmente como deveria.<\/p>\n<p style=\"text-align: justify;\">De acordo com o Episcopado, entre os \u201cprincipais ensinamentos\u201d do estudo est\u00e1 um estado de sa\u00fade bastante satisfat\u00f3rio, \u201cmas uma mais forte preval\u00eancia de doen\u00e7a cr\u00f3nica, acentuada nos mais idosos\u201d.<\/p>\n<p style=\"text-align: justify;\"><strong>Nota-se uma \u201cforte preval\u00eancia dos estados depressivos qualquer que seja a idade,<\/strong> acentuada pelo isolamento no seu lugar de vida e a aus\u00eancia de apoio (pastoral e material)\u201d, a par da fraca \u201crealiza\u00e7\u00e3o pessoal\u201d para 40% dos respondentes.<\/p>\n<p style=\"text-align: justify;\">Regista-se, tamb\u00e9m, \u201cforte preval\u00eancia do excesso de peso e da obesidade\u201d, problemas ligados ao abuso de \u00e1lcool para dois padres em cada cinco s\u00e3o tamb\u00e9m destacados pelos bispos, que se congratulam com as \u201cpr\u00e1ticas preventivas\u201d, que, apesar de poderem ser melhoradas, \u201cs\u00e3o de bom n\u00edvel\u201d.<\/p>\n<p style=\"text-align: justify;\">Para o Pe. Patrice Gourrier, psic\u00f3logo cl\u00ednico que recebe, regularmente, sacerdotes em dificuldade, \u201cos n\u00fameros [da depress\u00e3o] s\u00e3o gigantescos\u201d. A doen\u00e7a, acrescenta, \u201c\u00e9 a consequ\u00eancia da perda de sentido do minist\u00e9rio do padre. O padre n\u00e3o \u00e9 acompanhado. Ser padre, hoje, \u00e9 extremamente dif\u00edcil\u201d.<\/p>\n<p style=\"text-align: justify;\"><strong>O sacerdote de 60 anos tamb\u00e9m aponta \u201cuma falta de refer\u00eancias, para os padres, uma cacofonia eclesial. A Igreja cat\u00f3lica est\u00e1 profundamente dividida, hoje\u201d.<\/strong><\/p>\n<p style=\"text-align: justify;\">\u201cH\u00e1 uma indig\u00eancia na forma\u00e7\u00e3o do padre ao n\u00edvel espiritual, nomeadamente no Ocidente. Falar de Deus n\u00e3o \u00e9 acad\u00e9mico. Quando o padre est\u00e1 s\u00f3, a sua vida espiritual est\u00e1 em perigo. O la\u00e7o entre o padre e os paroquianos distendeu-se, atualmente\u201d. O padre tornou-se \u201cprestador de servi\u00e7os\u201d, considera o sacerdote de 60 anos ouvido pelo jornal \u201cLe Figaro\u201d.<\/p>\n<p style=\"text-align: justify;\"><strong>Refletindo abissalmente<\/strong><\/p>\n<p style=\"text-align: justify;\"><strong>Chamo a sua aten\u00e7\u00e3o para entender a Psicastenia!<\/strong><\/p>\n<p style=\"text-align: justify;\">Psicastenia \u00e9 uma neurose caracterizada por queda do n\u00edvel de tens\u00e3o psicol\u00f3gica, fazendo o paciente ter depress\u00f5es, obsess\u00f5es, compuls\u00f5es, perda do sentido da realidade e perda gradual da personalidade. Caracteriza-se tamb\u00e9m por esgotamento nervoso, com tra\u00e7os de fadiga mental, impot\u00eancia diante do esfor\u00e7o, cefaleias, dist\u00farbio gastrointestinais, inquietude e tristeza.<\/p>\n<p style=\"text-align: justify;\">Por detr\u00e1s de muitos desconfortos mentais, surtos, perda pelo sentido da vida, relacionamentos arruinados, perdas de empregos, v\u00edcios, lux\u00faria, agressividade e \u00f3bitos, est\u00e1 a psicastenia.<\/p>\n<p style=\"text-align: justify;\">Pierre Janet (1859-1947), foi um psic\u00f3logo, psiquiatra e neurologista franc\u00eas que fez importantes contribui\u00e7\u00f5es para o estudo moderno das desordens mentais e emocionais envolvendo ansiedade, fobias e outros comportamentos anormais.<\/p>\n<p style=\"text-align: justify;\">A psicastenia, a partir dos trabalhos do Dr. Janet, \u00e9 caracterizada pelo esgotamento nervoso com estigmas, org\u00e2nicos (astenia muscular, perturba\u00e7\u00f5es gastrointestinais, cefaleias) uma astenia mental (fatigabilidade, impot\u00eancia diante do esfor\u00e7o, desespero em face do obst\u00e1culo; inser\u00e7\u00e3o dif\u00edcil no real e no presente: o que Janet chamava &#8216;a perda da fun\u00e7\u00e3o do real&#8217;) enfim perturba\u00e7\u00f5es da emotividade (tristeza, inquietude, ansiedade <strong>parox\u00edstica<\/strong>).<\/p>\n<p style=\"text-align: justify;\"><strong>Ataques parox\u00edsticos ou paroxismos<\/strong> s\u00e3o uma intensifica\u00e7\u00e3o ou recorr\u00eancia s\u00fabitas de sintomas, como um espasmo, surtos ou convuls\u00e3o. Estes sintomas curtos, frequentes e estereotipados podem ser observados em v\u00e1rias condi\u00e7\u00f5es cl\u00ednicas.<\/p>\n<p style=\"text-align: justify;\"><strong>Para uma boa sa\u00fade f\u00edsica, emocional e mental, s\u00e3o fundamentais: excelente alimenta\u00e7\u00e3o, atividades f\u00edsicas, fazer coisas novas, arte, desfrutar da natureza, terapia e espiritualidade.<\/strong><\/p>\n<p style=\"text-align: justify;\"><img loading=\"lazy\" decoding=\"async\" class=\"alignnone wp-image-65228 size-full\" src=\"https:\/\/catolicanet.net\/wp-cnet\/wp-content\/uploads\/download-2.jpg\" alt=\"\" width=\"684\" height=\"464\" srcset=\"https:\/\/catolicanet.net\/wp-cnet\/wp-content\/uploads\/download-2.jpg 684w, https:\/\/catolicanet.net\/wp-cnet\/wp-content\/uploads\/download-2-300x204.jpg 300w, https:\/\/catolicanet.net\/wp-cnet\/wp-content\/uploads\/download-2-600x407.jpg 600w, https:\/\/catolicanet.net\/wp-cnet\/wp-content\/uploads\/download-2-619x420.jpg 619w\" sizes=\"auto, (max-width: 684px) 100vw, 684px\" \/><\/p>\n<p style=\"text-align: justify;\">Dr. In\u00e1cio Jos\u00e9 do Vale<\/p>\n<p style=\"text-align: justify;\">Psicanalista Cl\u00ednico, PhD.<\/p>\n<p style=\"text-align: justify;\">Qualificado em Psicologia Cl\u00ednica e Educacional<\/p>\n<p style=\"text-align: justify;\">Membro da Sociedade Brasileira de Psican\u00e1lise Contempor\u00e2nea<\/p>\n<p style=\"text-align: justify;\"><strong>Autor do livro Terapia Psicanal\u00edtica: Demolindo a Ansiedade, a Depress\u00e3o e a Posse da Sa\u00fade F\u00edsica e Psicol\u00f3gica <\/strong><\/p>\n<p style=\"text-align: justify;\">\n<p style=\"text-align: justify;\">Fontes:<\/p>\n<p style=\"text-align: justify;\"><a href=\"https:\/\/www.snpcultura.org\/quando_a_depressao_chega_aos_padres.html\">https:\/\/www.snpcultura.org\/quando_a_depressao_chega_aos_padres.html<\/a><\/p>\n<p style=\"text-align: justify;\">https:\/\/pt.wikipedia.org\/wiki\/Pierre_Janet<\/p>\n","protected":false},"excerpt":{"rendered":"<p>A Confer\u00eancia Episcopal Francesa publicou, a 25 de novembro, um estudo in\u00e9dito sobre a sa\u00fade dos padres diocesanos em atividade, que obteve 42% de respostas, num total de 6400 inquiridos. Entre os v\u00e1rios resultados apurados, conclui-se que, em 2020, 7,4% dos sacerdotes sofreram de depress\u00e3o. Durante o per\u00edodo do estudo realizado pela Union Saint Martin, [&hellip;]<\/p>\n","protected":false},"author":1,"featured_media":55822,"comment_status":"open","ping_status":"closed","sticky":false,"template":"","format":"standard","meta":{"footnotes":""},"categories":[4],"tags":[],"class_list":["post-65227","post","type-post","status-publish","format-standard","has-post-thumbnail","hentry","category-cotidiano"],"_links":{"self":[{"href":"https:\/\/catolicanet.net\/wp-cnet\/wp-json\/wp\/v2\/posts\/65227","targetHints":{"allow":["GET"]}}],"collection":[{"href":"https:\/\/catolicanet.net\/wp-cnet\/wp-json\/wp\/v2\/posts"}],"about":[{"href":"https:\/\/catolicanet.net\/wp-cnet\/wp-json\/wp\/v2\/types\/post"}],"author":[{"embeddable":true,"href":"https:\/\/catolicanet.net\/wp-cnet\/wp-json\/wp\/v2\/users\/1"}],"replies":[{"embeddable":true,"href":"https:\/\/catolicanet.net\/wp-cnet\/wp-json\/wp\/v2\/comments?post=65227"}],"version-history":[{"count":1,"href":"https:\/\/catolicanet.net\/wp-cnet\/wp-json\/wp\/v2\/posts\/65227\/revisions"}],"predecessor-version":[{"id":65229,"href":"https:\/\/catolicanet.net\/wp-cnet\/wp-json\/wp\/v2\/posts\/65227\/revisions\/65229"}],"wp:featuredmedia":[{"embeddable":true,"href":"https:\/\/catolicanet.net\/wp-cnet\/wp-json\/wp\/v2\/media\/55822"}],"wp:attachment":[{"href":"https:\/\/catolicanet.net\/wp-cnet\/wp-json\/wp\/v2\/media?parent=65227"}],"wp:term":[{"taxonomy":"category","embeddable":true,"href":"https:\/\/catolicanet.net\/wp-cnet\/wp-json\/wp\/v2\/categories?post=65227"},{"taxonomy":"post_tag","embeddable":true,"href":"https:\/\/catolicanet.net\/wp-cnet\/wp-json\/wp\/v2\/tags?post=65227"}],"curies":[{"name":"wp","href":"https:\/\/api.w.org\/{rel}","templated":true}]}}