{"id":65212,"date":"2020-12-17T08:21:07","date_gmt":"2020-12-17T11:21:07","guid":{"rendered":"https:\/\/catolicanet.net\/wp-cnet\/?p=65212"},"modified":"2020-12-17T09:02:39","modified_gmt":"2020-12-17T12:02:39","slug":"o-natal-se-torna-festa-nacional-no-iraque","status":"publish","type":"post","link":"https:\/\/catolicanet.net\/wp-cnet\/o-natal-se-torna-festa-nacional-no-iraque\/","title":{"rendered":"O Natal se torna festa nacional no Iraque"},"content":{"rendered":"<div class=\"article__subTitle\" style=\"text-align: justify;\">O Parlamento iraquiano decidiu por unanimidade que o Natal ser\u00e1 uma festividade para todo o pa\u00eds a partir deste ano. A decis\u00e3o adquire um significado ainda mais profundo tendo em vista a Viagem Apost\u00f3lica do Papa Francisco, programada para mar\u00e7o de 2021<\/div>\n<div class=\"title__separator\" style=\"text-align: justify;\"><\/div>\n<div class=\"article__text \">\n<p style=\"text-align: justify;\"><b>Andrea De Angelis &#8211; Vatican News<\/b><\/p>\n<p style=\"text-align: justify;\">A festa de Natal chega ao Iraque, oficialmente e para sempre, ap\u00f3s a vota\u00e7\u00e3o un\u00e2nime do Parlamento que implementou uma proposta j\u00e1 formulada nos \u00faltimos meses, divulgada durante um encontro entre o presidente iraquiano Barham Salih e o patriarca caldeu, cardeal Louis Raphael I Sako, que expressou sua alegria e gratid\u00e3o por uma decis\u00e3o t\u00e3o esperada.<\/p>\n<h2 style=\"text-align: justify;\">Os anos passados<\/h2>\n<p style=\"text-align: justify;\">As autoridades pol\u00edticas iraquianas j\u00e1 haviam assinalado para o reconhecimento da festa de Natal em 2008, mas n\u00e3o em todo o territ\u00f3rio nacional. Em 2013, por exemplo, o governo de Bagd\u00e1 determinou que 25 de dezembro seria um feriado nacional. Um dia de descanso para as fam\u00edlias da minoria crist\u00e3 viverem em fam\u00edlia.<\/p>\n<p style=\"text-align: justify;\">H\u00e1 dois anos, o governo aprovou uma emenda \u00e0 lei sobre feriados nacionais, elevando o Natal ao status de celebra\u00e7\u00e3o p\u00fablica para todos os cidad\u00e3os, crist\u00e3os e mu\u00e7ulmanos. No ano passado, o cardeal Louis Raphael Sako havia dado algumas instru\u00e7\u00f5es sobre como celebrar o Natal de forma s\u00f3bria, sem momentos de conv\u00edvio p\u00fablico, como sinal de proximidade \u00e0s fam\u00edlias das centenas de mortos e feridos registrados durante os protestos e confrontos de rua que nos meses anteriores eles haviam abalado o pa\u00eds.<\/p>\n<h2 style=\"text-align: justify;\">A atual escolha<\/h2>\n<p style=\"text-align: justify;\">A partir deste ano, portanto, o Natal se torna para sempre uma festividade nacional no Iraque. O cardeal Louis Raphael Sako, imediatamente ap\u00f3s ouvir a not\u00edcia da decis\u00e3o un\u00e2nime do Parlamento, divulgou uma mensagem na qual agradeceu ao presidente iraquiano Barham Salih, ao presidente do Parlamento Muhammad al Halbousi e a todos os parlamentares \u201cpelo voto favor\u00e1vel de seus irm\u00e3os crist\u00e3os\u201d, invocando a b\u00ean\u00e7\u00e3o e a recompensa de Deus para todos eles.<\/p>\n<p style=\"text-align: justify;\">No dia 17 de outubro, conforme noticiado pela Ag\u00eancia Fides, o pr\u00f3prio cardeal Sako havia exposto ao presidente Salih a proposta de apresentar um projeto de lei ao Parlamento voltado a reconhecer o Natal como feriado em todo o Iraque. Na ocasi\u00e3o, recebendo o patriarca caldeu em sua resid\u00eancia, o presidente Salih destacou o papel das comunidades crist\u00e3s na reconstru\u00e7\u00e3o do pa\u00eds, ap\u00f3s os anos de ocupa\u00e7\u00e3o jihadista de Mosul e grandes regi\u00f5es do norte do Iraque.<\/p>\n<h2 style=\"text-align: justify;\">A viagem do Papa<\/h2>\n<p style=\"text-align: justify;\">A not\u00edcia de hoje assume um significado especial, visto a Viagem Apost\u00f3lica, anunciada ainda este m\u00eas, que o Papa far\u00e1 ao Iraque de 5 a 8 de mar\u00e7o de 2021. Francisco, ap\u00f3s quinze meses durante os quais suspendeu as peregrina\u00e7\u00f5es internacionais devido \u00e0 pandemia, \u201caceitando o convite da Rep\u00fablica do Iraque e da Igreja Cat\u00f3lica local &#8211; afirmou o diretor da Sala de Imprensa da Santa S\u00e9, Matteo Bruni -, visitar\u00e1 Bagd\u00e1, a Plan\u00edcie de Ur, ligada \u00e0 mem\u00f3ria de Abra\u00e3o, a cidade de Erbil, assim como Mosul e Qaraqosh na Plan\u00edcie de N\u00ednive\u201d.<\/p>\n<\/div>\n<div id=\"banner-donazioni\" class=\"article_banner\"><\/div>\n","protected":false},"excerpt":{"rendered":"<p>O Parlamento iraquiano decidiu por unanimidade que o Natal ser\u00e1 uma festividade para todo o pa\u00eds a partir deste ano. A decis\u00e3o adquire um significado ainda mais profundo tendo em vista a Viagem Apost\u00f3lica do Papa Francisco, programada para mar\u00e7o de 2021 Andrea De Angelis &#8211; Vatican News A festa de Natal chega ao Iraque, [&hellip;]<\/p>\n","protected":false},"author":1,"featured_media":65213,"comment_status":"open","ping_status":"closed","sticky":false,"template":"","format":"standard","meta":{"footnotes":""},"categories":[3],"tags":[],"class_list":["post-65212","post","type-post","status-publish","format-standard","has-post-thumbnail","hentry","category-vaticano"],"_links":{"self":[{"href":"https:\/\/catolicanet.net\/wp-cnet\/wp-json\/wp\/v2\/posts\/65212","targetHints":{"allow":["GET"]}}],"collection":[{"href":"https:\/\/catolicanet.net\/wp-cnet\/wp-json\/wp\/v2\/posts"}],"about":[{"href":"https:\/\/catolicanet.net\/wp-cnet\/wp-json\/wp\/v2\/types\/post"}],"author":[{"embeddable":true,"href":"https:\/\/catolicanet.net\/wp-cnet\/wp-json\/wp\/v2\/users\/1"}],"replies":[{"embeddable":true,"href":"https:\/\/catolicanet.net\/wp-cnet\/wp-json\/wp\/v2\/comments?post=65212"}],"version-history":[{"count":1,"href":"https:\/\/catolicanet.net\/wp-cnet\/wp-json\/wp\/v2\/posts\/65212\/revisions"}],"predecessor-version":[{"id":65214,"href":"https:\/\/catolicanet.net\/wp-cnet\/wp-json\/wp\/v2\/posts\/65212\/revisions\/65214"}],"wp:featuredmedia":[{"embeddable":true,"href":"https:\/\/catolicanet.net\/wp-cnet\/wp-json\/wp\/v2\/media\/65213"}],"wp:attachment":[{"href":"https:\/\/catolicanet.net\/wp-cnet\/wp-json\/wp\/v2\/media?parent=65212"}],"wp:term":[{"taxonomy":"category","embeddable":true,"href":"https:\/\/catolicanet.net\/wp-cnet\/wp-json\/wp\/v2\/categories?post=65212"},{"taxonomy":"post_tag","embeddable":true,"href":"https:\/\/catolicanet.net\/wp-cnet\/wp-json\/wp\/v2\/tags?post=65212"}],"curies":[{"name":"wp","href":"https:\/\/api.w.org\/{rel}","templated":true}]}}