{"id":65206,"date":"2020-12-17T08:17:33","date_gmt":"2020-12-17T11:17:33","guid":{"rendered":"https:\/\/catolicanet.net\/wp-cnet\/?p=65206"},"modified":"2020-12-17T08:58:58","modified_gmt":"2020-12-17T11:58:58","slug":"papa-pacto-educativo-global-e-missao-4-7-juntos-pela-civilizacao-do-amor-beleza-e-unidade","status":"publish","type":"post","link":"https:\/\/catolicanet.net\/wp-cnet\/papa-pacto-educativo-global-e-missao-4-7-juntos-pela-civilizacao-do-amor-beleza-e-unidade\/","title":{"rendered":"Papa: Pacto Educativo Global e Miss\u00e3o 4.7, juntos pela civiliza\u00e7\u00e3o do amor, beleza e unidade"},"content":{"rendered":"<div class=\"article__subTitle\" style=\"text-align: justify;\">O Papa Francisco enviou uma mensagem em v\u00eddeo por ocasi\u00e3o do Simp\u00f3sio (em parte online) que se realiza nesta quarta, 16, e quinta-feira, 17, na Casina Pio IV, no Vaticano, para o lan\u00e7amento da Miss\u00e3o 4.7 e do Pacto Educativo Global, com o tema \u201cA educa\u00e7\u00e3o \u00e9 um ato de esperan\u00e7a&#8221;.<\/div>\n<div class=\"title__separator\" style=\"text-align: justify;\"><\/div>\n<div class=\"article__text \">\n<p style=\"text-align: justify;\"><b>Vatican News<\/b><\/p>\n<p style=\"text-align: justify;\">O primeiro dia do Simp\u00f3sio foi dedicado ao lan\u00e7amento da Miss\u00e3o 4.7, relativa \u00e0 implementa\u00e7\u00e3o do 4\u00ba objetivo da Agenda 2030 da ONU para um desenvolvimento sustent\u00e1vel (&#8220;Garantir uma educa\u00e7\u00e3o de qualidade inclusiva e equitativa e promover oportunidades de aprendizagem cont\u00ednua para todos) e de seu ponto 7 (&#8220;educa\u00e7\u00e3o voltada para o desenvolvimento e um estilo de vida sustent\u00e1vel, aos direitos humanos, \u00e0 igualdade de g\u00eanero, \u00e0 promo\u00e7\u00e3o de uma cultura pac\u00edfica e n\u00e3o violenta, \u00e0 cidadania global e \u00e0 valoriza\u00e7\u00e3o das diversidades culturais&#8221;) em sinergia com o\u00a0<i>Global Compact on Education<\/i>, lan\u00e7ado pelo Papa Francisco.<\/p>\n<div style=\"text-align: justify;\">\n<div class=\"article__embed article__embed--unwrap article__embed--dark\">\n<div class=\"article__innerTitle\">Ou\u00e7a e compartilhe<\/div>\n<div>\n<!--[if lt IE 9]><script>document.createElement('audio');<\/script><![endif]-->\n<audio class=\"wp-audio-shortcode\" id=\"audio-65206-1\" preload=\"none\" style=\"width: 100%;\" controls=\"controls\"><source type=\"audio\/mpeg\" src=\"https:\/\/media.vaticannews.va\/media\/audio\/s1\/2020\/12\/17\/11\/135825087_F135825087.mp3?_=1\" \/><a href=\"https:\/\/media.vaticannews.va\/media\/audio\/s1\/2020\/12\/17\/11\/135825087_F135825087.mp3\">https:\/\/media.vaticannews.va\/media\/audio\/s1\/2020\/12\/17\/11\/135825087_F135825087.mp3<\/a><\/audio>\n<\/div>\n<\/div>\n<\/div>\n<p style=\"text-align: justify;\">O encontro, promovido pela Pontif\u00edcia Academia das Ci\u00eancias Sociais e pela ONU, conta com a presen\u00e7a de lideran\u00e7as de movimentos juvenis de todo o mundo e de especialistas do setor. Teve in\u00edcio nesta quarta-feira (16\/12), na Casina Pio IV, no Vaticano, e se conclui nesta quinta (17).<\/p>\n<h2 style=\"text-align: justify;\">A indiferen\u00e7a e a cultura do descarte, os males de hoje<\/h2>\n<p style=\"text-align: justify;\">O Papa se dirige ao Simp\u00f3sio atrav\u00e9s de uma videomensagem na qual parabeniza o compromisso de tantos governos e institui\u00e7\u00f5es no campo da educa\u00e7\u00e3o que \u201c\u00e9 realmente um ato de esperan\u00e7a no futuro e de solidariedade com as novas gera\u00e7\u00f5es\u201d. Um compromisso que hoje \u00e9 ainda mais necess\u00e1rio quando \u201co pacto educativo mundial foi quebrado tamb\u00e9m por causa da pandemia e quando se torna mais evidente a necessidade de um novo tipo de educa\u00e7\u00e3o, que ajude a superar a atual globaliza\u00e7\u00e3o da indiferen\u00e7a e a cultura do descarte\u201d, ressalta o Papa no v\u00eddeo.<\/p>\n<h2 style=\"text-align: justify;\">Uma crise educacional sem precedentes<\/h2>\n<p style=\"text-align: justify;\">O Papa Francisco descreve 2020, um ano de sofrimento por causa da Covid-19 e suas consequ\u00eancias, com as seguintes palavras:<\/p>\n<p style=\"text-align: justify;\"><i>Um ano de isolamento obrigat\u00f3rio e exclus\u00e3o, de ang\u00fastias e crises espirituais e um n\u00famero n\u00e3o pequeno de mortoes, e de uma crise educacional sem precedentes. Mais de um bilh\u00e3o de crian\u00e7as enfrentaram interrup\u00e7\u00f5es em sua educa\u00e7\u00e3o. Milh\u00f5es de crian\u00e7as ficaram para tr\u00e1s nas oportunidades de desenvolvimento social e cognitivo. Em muitos lugares, as crises biol\u00f3gica, ps\u00edquica e econ\u00f4mica foram agravadas por crises pol\u00edticas e sociais relacionadas.<\/i><\/p>\n<p style=\"text-align: justify;\">Diante deste cen\u00e1rio, \u00e9 necess\u00e1rio \u201cum ato de esperan\u00e7a para que os impulsos de \u00f3dio, divis\u00e3o e ignor\u00e2ncia possam e sejam superados\u201d, atrav\u00e9s de novas oportunidades educacionais \u201cbaseadas na justi\u00e7a social e no amor rec\u00edproco, um novo Pacto Educativo Global\u201d, sublinha Francisco, acrescentando:<\/p>\n<p style=\"text-align: justify;\"><i>Agrade\u00e7o-lhes por se reunirem hoje a fim de aumentar as nossas esperan\u00e7as e planos comuns numa nova educa\u00e7\u00e3o que promova a transcend\u00eancia da pessoa humana, o desenvolvimento humano integral e sustent\u00e1vel, o di\u00e1logo intercultural e religioso, a preserva\u00e7\u00e3o do planeta, os encontros pela paz e a abertura a Deus.<\/i><\/p>\n<h2 style=\"text-align: justify;\">A paz, como a guerra, nasce na mente dos homens<\/h2>\n<p style=\"text-align: justify;\">Fundamental, observa o Papa Francisco, \u00e9 a a\u00e7\u00e3o da ONU para envolver governos e sociedades de todo o mundo no esfor\u00e7o por uma nova educa\u00e7\u00e3o. O Pont\u00edfice cita as palavras que S\u00e3o Paulo VI dirigiu \u00e0s Na\u00e7\u00f5es Unidas durante sua hist\u00f3rica visita em 4 de outubro de 1965: \u201cSenhores, voc\u00eas realizaram e est\u00e3o realizando uma grande obra: a educa\u00e7\u00e3o da humanidade para a paz\u201d. Recorda que a Constitui\u00e7\u00e3o da Unesco, adotada em 1945, no final da II Guerra Mundial, reconheceu que \u201ccomo as guerras nascem na mente dos homens, \u00e9 no esp\u00edrito dos homens que as defesas da paz devem ser colocadas\u201d. Isso h\u00e1 75 anos. E hoje? O Papa afirma:<\/p>\n<p style=\"text-align: justify;\"><i>Em nosso tempo, em que o pacto educativo global foi quebrado, vejo com satisfa\u00e7\u00e3o que os governos se comprometeram novamente a colocar estas ideias em pr\u00e1tica atrav\u00e9s da ado\u00e7\u00e3o da Agenda 2030 e dos Objetivos de Desenvolvimento Sustent\u00e1vel das Na\u00e7\u00f5es Unidas, em sinergia com o Pacto Educativo Global. No centro dos Objetivos de Desenvolvimento Sustent\u00e1vel est\u00e1 o reconhecimento de que uma educa\u00e7\u00e3o de qualidade para todos \u00e9 uma base necess\u00e1ria para proteger a nossa Casa comum e promover a fraternidade humana.<\/i><\/p>\n<h2 style=\"text-align: justify;\">Um compromisso comum para a civiliza\u00e7\u00e3o do amor<\/h2>\n<p style=\"text-align: justify;\">\u201cO Pacto Educativo Global e a Miss\u00e3o 4.7 trabalhar\u00e3o juntos pela civiliza\u00e7\u00e3o do amor, da beleza e da unidade\u201d, afirma ainda o Papa. Dirigindo-se aos participantes do Simp\u00f3sio, conclui com uma vis\u00e3o e um desejo: \u201cEspero que voc\u00eas sejam os poetas de uma nova beleza humana, uma nova beleza fraterna e amig\u00e1vel, assim como da preserva\u00e7\u00e3o da terra em que pisamos\u201d.<\/p>\n<\/div>\n","protected":false},"excerpt":{"rendered":"<p>O Papa Francisco enviou uma mensagem em v\u00eddeo por ocasi\u00e3o do Simp\u00f3sio (em parte online) que se realiza nesta quarta, 16, e quinta-feira, 17, na Casina Pio IV, no Vaticano, para o lan\u00e7amento da Miss\u00e3o 4.7 e do Pacto Educativo Global, com o tema \u201cA educa\u00e7\u00e3o \u00e9 um ato de esperan\u00e7a&#8221;. Vatican News O primeiro [&hellip;]<\/p>\n","protected":false},"author":1,"featured_media":65207,"comment_status":"open","ping_status":"closed","sticky":false,"template":"","format":"standard","meta":{"footnotes":""},"categories":[3],"tags":[],"class_list":["post-65206","post","type-post","status-publish","format-standard","has-post-thumbnail","hentry","category-vaticano"],"_links":{"self":[{"href":"https:\/\/catolicanet.net\/wp-cnet\/wp-json\/wp\/v2\/posts\/65206","targetHints":{"allow":["GET"]}}],"collection":[{"href":"https:\/\/catolicanet.net\/wp-cnet\/wp-json\/wp\/v2\/posts"}],"about":[{"href":"https:\/\/catolicanet.net\/wp-cnet\/wp-json\/wp\/v2\/types\/post"}],"author":[{"embeddable":true,"href":"https:\/\/catolicanet.net\/wp-cnet\/wp-json\/wp\/v2\/users\/1"}],"replies":[{"embeddable":true,"href":"https:\/\/catolicanet.net\/wp-cnet\/wp-json\/wp\/v2\/comments?post=65206"}],"version-history":[{"count":1,"href":"https:\/\/catolicanet.net\/wp-cnet\/wp-json\/wp\/v2\/posts\/65206\/revisions"}],"predecessor-version":[{"id":65208,"href":"https:\/\/catolicanet.net\/wp-cnet\/wp-json\/wp\/v2\/posts\/65206\/revisions\/65208"}],"wp:featuredmedia":[{"embeddable":true,"href":"https:\/\/catolicanet.net\/wp-cnet\/wp-json\/wp\/v2\/media\/65207"}],"wp:attachment":[{"href":"https:\/\/catolicanet.net\/wp-cnet\/wp-json\/wp\/v2\/media?parent=65206"}],"wp:term":[{"taxonomy":"category","embeddable":true,"href":"https:\/\/catolicanet.net\/wp-cnet\/wp-json\/wp\/v2\/categories?post=65206"},{"taxonomy":"post_tag","embeddable":true,"href":"https:\/\/catolicanet.net\/wp-cnet\/wp-json\/wp\/v2\/tags?post=65206"}],"curies":[{"name":"wp","href":"https:\/\/api.w.org\/{rel}","templated":true}]}}