{"id":65141,"date":"2020-12-16T08:46:46","date_gmt":"2020-12-16T11:46:46","guid":{"rendered":"https:\/\/catolicanet.net\/wp-cnet\/?p=65141"},"modified":"2020-12-16T08:46:46","modified_gmt":"2020-12-16T11:46:46","slug":"tagle-neste-ano-de-pandemia-o-natal-chama-nos-a-solidariedade","status":"publish","type":"post","link":"https:\/\/catolicanet.net\/wp-cnet\/tagle-neste-ano-de-pandemia-o-natal-chama-nos-a-solidariedade\/","title":{"rendered":"Tagle: neste ano de pandemia, o Natal chama-nos \u00e0 solidariedade"},"content":{"rendered":"<figure class=\"article__image\" style=\"text-align: justify;\"><span class=\"didascalia_img\">Cardeal Tagle\u00a0<\/span><\/figure>\n<div class=\"article__meta\">\n<div class=\"article__subTitle\" style=\"text-align: justify;\">O Prefeito da Congrega\u00e7\u00e3o para a Evangeliza\u00e7\u00e3o dos Povos partilha as suas esperan\u00e7as para o pr\u00f3ximo Natal e oferece palavras de encorajamento aos que sofrem por causa da Covid-19.<\/div>\n<div class=\"title__separator\" style=\"text-align: justify;\"><\/div>\n<div class=\"article__text \">\n<p style=\"text-align: justify;\"><b>Alessandro Gisotti &#8211; Vatican News<\/b><\/p>\n<p style=\"text-align: justify;\">Dor e esperan\u00e7a. Estes s\u00e3o os sentimentos que, devido \u00e0 pandemia, caracterizam estes dias antes do Natal. O ano 2020 est\u00e1 chegando ao fim, um ano marcado pelo sofrimento, mas tamb\u00e9m pelo empenho de tantas pessoas que ajudam aqueles que sofrem. Entrevistado por Vatican News, o cardeal Luis Antonio Tagle, prefeito da Congrega\u00e7\u00e3o para a Evangeliza\u00e7\u00e3o dos Povos e Presidente da Caritas Internationalis, retorna \u00e0 sua experi\u00eancia pessoal de contagiado pela Covid e sublinha a import\u00e2ncia do nascimento de Jesus como um momento de esperan\u00e7a e renascimento para toda a humanidade.<\/p>\n<p style=\"text-align: justify;\"><b>Cardeal Tagle, este de 2020 vai ser um Natal muito particular devido \u00e0 pandemia. No meio de tanto sofrimento, o nascimento de Jesus traz a esta humanidade ferida uma mensagem de esperan\u00e7a ainda mais necess\u00e1ria&#8230;<\/b><\/p>\n<p style=\"text-align: justify;\">R.\u00a0<i>&#8211; Sim, e penso que tamb\u00e9m devemos recordar que, provavelmente, durante o primeiro Natal, quando Cristo nasceu, a situa\u00e7\u00e3o n\u00e3o era ideal: Israel estava em condi\u00e7\u00f5es de vida muito dif\u00edceis e, no meio de tudo isto, nasceu o Filho de Deus. Penso que os problemas e sofrimentos deste ano tamb\u00e9m nos ajudar\u00e3o a concentrar-nos na mensagem de esperan\u00e7a do Natal. O que \u00e9 o Natal? \u00c9 Deus que vem entre n\u00f3s. Nunca estaremos s\u00f3s. Emmanuel: Deus conosco! E assim outras coisas que est\u00e3o conosco desaparecer\u00e3o: os investimentos, os sucessos, os presentes, o nosso dinheiro &#8230; ir\u00e3o desaparecer. Todas estas coisas que temos associadas ao Natal poderiam desaparecer. Mas Jesus que vem entre n\u00f3s, Deus conosco, estar\u00e1 conosco para sempre. \u00c9 essa a nossa esperan\u00e7a.<\/i><\/p>\n<p style=\"text-align: justify;\"><b>O senhor foi contagiado pela Covid-19. O que diria \u00e0queles que descobrem que s\u00e3o positivos e experimentam esta condi\u00e7\u00e3o de medo e incerteza?<\/b><\/p>\n<p style=\"text-align: justify;\">R.<i>&#8211; Antes de mais nada, quero dizer-lhes que eles t\u00eam em mim um irm\u00e3o, algu\u00e9m que conhece de uma forma especial a agita\u00e7\u00e3o interior, a ang\u00fastia, o medo. Gostaria de lhes dizer, e a todos aqueles que v\u00e3o me ouvir, que podemos ser surpreendidos por algo como isto: voc\u00ea n\u00e3o espera! Portanto, como diz o Evangelho, &#8220;N\u00e3o sabeis quando vir\u00e1, quando o Senhor vir\u00e1, preparai-vos&#8221;. Por isso, espero que todos possamos viver cada momento, cada dia da nossa vida, em paz com Deus e em paz com o nosso pr\u00f3ximo. N\u00e3o vamos adiar as boas ac\u00f5es que poder\u00edamos fazer agora, pequenos gestos: um simples ato de bondade, um pequeno ato de justi\u00e7a, um simples telefonema, um sorriso, uma mem\u00f3ria, porque poderemos n\u00e3o ter outra oportunidade de o fazer.<\/i><\/p>\n<p style=\"text-align: justify;\"><b>O Papa Francisco disse v\u00e1rias vezes este ano que a pandemia demonstra que ningu\u00e9m pode se salvar sozinho. Concretamente, o que podem os crist\u00e3os fazer para dar testemunho destas palavras do Santo Padre?<\/b><\/p>\n<p style=\"text-align: justify;\">R.<i>&#8211; Tantas coisas. Recordo-me sempre de como s\u00e3o criativos os crist\u00e3os de diversos lugares e de diversas gera\u00e7\u00f5es ao celebrar o Natal; vai-se de um pa\u00eds para outro e v\u00ea-se a criatividade dos crist\u00e3os. Este Natal de 2020, na pandemia, chama-nos \u00e0 solidariedade. Espero que sejamos criativos, que possamos encontrar formas, especialmente lembrando aos nossos irm\u00e3os e irm\u00e3s que eles t\u00eam um amigo com quem podem contar. Talvez, em vez de poupar dinheiro para mim, porque n\u00e3o poupar dinheiro para o meu vizinho que n\u00e3o tem nada? Em vez de ter um banquete s\u00f3 para mim e para a minha fam\u00edlia, porque n\u00e3o posso encomendar comida para outra pessoa tamb\u00e9m? H\u00e1 muitas, muitas maneiras de as pessoas compreenderem isto: &#8220;Tenho um irm\u00e3o, tenho uma irm\u00e3, tenho um amigo&#8221;.<\/i><\/p>\n<p style=\"text-align: justify;\"><b>O ano de 2020 est\u00e1 chegando ao fim. Foi um ano de sofrimento. Qual \u00e9 o seu desejo para o novo ano?<\/b><\/p>\n<p style=\"text-align: justify;\">R.<i>&#8211; Espero que as pessoas tenham a for\u00e7a, a esperan\u00e7a, a f\u00e9 e a alegria de tornar o novo ano mais luminoso. N\u00e3o podemos esperar que fatores externos mudem as coisas. Talvez elas n\u00e3o mudar\u00e3o. Mas podemos mudar as nossas perspectivas e isso tornar\u00e1 o novo ano mais luminoso: a nossa esperan\u00e7a, a nossa solidariedade, a nossa alegria.<\/i><\/p>\n<\/div>\n<\/div>\n","protected":false},"excerpt":{"rendered":"<p>Cardeal Tagle\u00a0 O Prefeito da Congrega\u00e7\u00e3o para a Evangeliza\u00e7\u00e3o dos Povos partilha as suas esperan\u00e7as para o pr\u00f3ximo Natal e oferece palavras de encorajamento aos que sofrem por causa da Covid-19. Alessandro Gisotti &#8211; Vatican News Dor e esperan\u00e7a. Estes s\u00e3o os sentimentos que, devido \u00e0 pandemia, caracterizam estes dias antes do Natal. O ano [&hellip;]<\/p>\n","protected":false},"author":1,"featured_media":65142,"comment_status":"open","ping_status":"closed","sticky":false,"template":"","format":"standard","meta":{"footnotes":""},"categories":[3],"tags":[],"class_list":["post-65141","post","type-post","status-publish","format-standard","has-post-thumbnail","hentry","category-vaticano"],"_links":{"self":[{"href":"https:\/\/catolicanet.net\/wp-cnet\/wp-json\/wp\/v2\/posts\/65141","targetHints":{"allow":["GET"]}}],"collection":[{"href":"https:\/\/catolicanet.net\/wp-cnet\/wp-json\/wp\/v2\/posts"}],"about":[{"href":"https:\/\/catolicanet.net\/wp-cnet\/wp-json\/wp\/v2\/types\/post"}],"author":[{"embeddable":true,"href":"https:\/\/catolicanet.net\/wp-cnet\/wp-json\/wp\/v2\/users\/1"}],"replies":[{"embeddable":true,"href":"https:\/\/catolicanet.net\/wp-cnet\/wp-json\/wp\/v2\/comments?post=65141"}],"version-history":[{"count":1,"href":"https:\/\/catolicanet.net\/wp-cnet\/wp-json\/wp\/v2\/posts\/65141\/revisions"}],"predecessor-version":[{"id":65143,"href":"https:\/\/catolicanet.net\/wp-cnet\/wp-json\/wp\/v2\/posts\/65141\/revisions\/65143"}],"wp:featuredmedia":[{"embeddable":true,"href":"https:\/\/catolicanet.net\/wp-cnet\/wp-json\/wp\/v2\/media\/65142"}],"wp:attachment":[{"href":"https:\/\/catolicanet.net\/wp-cnet\/wp-json\/wp\/v2\/media?parent=65141"}],"wp:term":[{"taxonomy":"category","embeddable":true,"href":"https:\/\/catolicanet.net\/wp-cnet\/wp-json\/wp\/v2\/categories?post=65141"},{"taxonomy":"post_tag","embeddable":true,"href":"https:\/\/catolicanet.net\/wp-cnet\/wp-json\/wp\/v2\/tags?post=65141"}],"curies":[{"name":"wp","href":"https:\/\/api.w.org\/{rel}","templated":true}]}}