{"id":65135,"date":"2020-12-16T08:30:58","date_gmt":"2020-12-16T11:30:58","guid":{"rendered":"https:\/\/catolicanet.net\/wp-cnet\/?p=65135"},"modified":"2020-12-16T08:30:58","modified_gmt":"2020-12-16T11:30:58","slug":"ao-papa-francisco-o-premio-kronos-ambiente-2020","status":"publish","type":"post","link":"https:\/\/catolicanet.net\/wp-cnet\/ao-papa-francisco-o-premio-kronos-ambiente-2020\/","title":{"rendered":"Ao Papa Francisco o Pr\u00eamio Kronos ambiente 2020"},"content":{"rendered":"<p style=\"text-align: justify;\">A instala\u00e7\u00e3o da \u201cCapela viva\u201d no Jardim Bot\u00e2nico de Roma, do progeto Laudato si&#8217;<\/p>\n<div class=\"article__subTitle\" style=\"text-align: justify;\">O Pr\u00eamio Internacional da Academia Kronos \u00e9 dado a pessoas e organiza\u00e7\u00f5es comprometidas com as quest\u00f5es ambientais, mas neste ano o primeiro a ser premiado foi o Papa Francisco. O conceito de ecologia integral expresso pelo Papa, particularmente na &#8220;Laudato si&#8221;, foi reconhecido como uma nova vis\u00e3o que pode se tornar um farol nas atividades de muitas realidades ambientais<\/div>\n<div class=\"title__separator\" style=\"text-align: justify;\"><\/div>\n<div class=\"article__text \">\n<p style=\"text-align: justify;\"><b>Adriana Masotti \u2013 Vatican News<\/b><\/p>\n<p style=\"text-align: justify;\">Por &#8220;ter colocado no centro de sua a\u00e7\u00e3o pontif\u00edcia, o tema da ecologia integral e do patrim\u00f4nio cultural compartilhado em uma l\u00f3gica de desenvolvimento sustent\u00e1vel e de solidariedade universal, dirigindo-o a cada pessoa que habita nosso Planeta com a tarefa de cada um fazer a sua parte no sinal do cuidado da Casa Comum&#8221;. Esta \u00e9 a motiva\u00e7\u00e3o do Pr\u00eamio Internacional que, em sua quarta edi\u00e7\u00e3o, a hist\u00f3rica Associa\u00e7\u00e3o ambientalista de voluntariado Academia Kronos Onlus decidiu conceder ao Papa Francisco.<\/p>\n<div style=\"text-align: justify;\">\n<div class=\"article__embed article__embed--unwrap article__embed--dark\">\n<div class=\"article__innerTitle\">Ou\u00e7a e compartilhe!<\/div>\n<div>\n<!--[if lt IE 9]><script>document.createElement('audio');<\/script><![endif]-->\n<audio class=\"wp-audio-shortcode\" id=\"audio-65135-1\" preload=\"none\" style=\"width: 100%;\" controls=\"controls\"><source type=\"audio\/mpeg\" src=\"https:\/\/media.vaticannews.va\/media\/audio\/s1\/2020\/12\/16\/12\/135824073_F135824073.mp3?_=1\" \/><a href=\"https:\/\/media.vaticannews.va\/media\/audio\/s1\/2020\/12\/16\/12\/135824073_F135824073.mp3\">https:\/\/media.vaticannews.va\/media\/audio\/s1\/2020\/12\/16\/12\/135824073_F135824073.mp3<\/a><\/audio>\n<\/div>\n<\/div>\n<\/div>\n<p style=\"text-align: justify;\">A not\u00edcia foi enviada em uma carta \u00e0 Prefeitura da Casa Pontif\u00edcia. A carta foi escrita pelo advogado Ottavio Capparella, chefe do Escrit\u00f3rio Jur\u00eddico da Associa\u00e7\u00e3o e delegado para as rela\u00e7\u00f5es institucionais com o Vaticano. O t\u00edtulo do pr\u00eamio \u00e9 &#8220;Eu fa\u00e7o minha parte&#8221;, e consiste em uma pequena escultura de um beija-flor, protagonista de uma antiga f\u00e1bula africana.\u00a0 O artefato foi feito pelo escultor-oper\u00e1rio Renato Mancini utilizando materiais de descarte. Na f\u00e1bula \u00e9 dito que, quando um inc\u00eandio irrompeu na floresta, enquanto todos os animais estavam fugindo em dire\u00e7\u00e3o ao rio em busca de seguran\u00e7a, o beija-flor voou na dire\u00e7\u00e3o oposta carregando uma gota de \u00e1gua em seu bico e dizendo: &#8220;Eu fa\u00e7o minha parte&#8221;.<\/p>\n<h2 style=\"text-align: justify;\"><b>Cuidar da casa comum \u00e9 compromisso de cada um de n\u00f3s<\/b><\/h2>\n<p style=\"text-align: justify;\">Em carta dirigida ao Papa Francisco em 16 de novembro passado, anunciando o reconhecimento, o presidente da Associa\u00e7\u00e3o Kronos, Franco Floris, escreveu: &#8220;Amadurecemos a convic\u00e7\u00e3o &#8211; com alegria e consci\u00eancia &#8211; de lhe atribuir o reconhecimento do Pr\u00eamio (&#8230;) por ter dirigido as solicita\u00e7\u00f5es necess\u00e1rias, n\u00e3o s\u00f3 \u00e0s Institui\u00e7\u00f5es e aos poderosos da terra, mas a todas as pessoas que habitam no nosso Planeta, confiando-lhes a tarefa de fazer &#8220;sua parte&#8221;, mesmo com pequenas a\u00e7\u00f5es di\u00e1rias em sinal de cuidado&#8221;. O presidente destacou tamb\u00e9m o quanto a mensagem do Papa &#8220;deixou claro que uma reflex\u00e3o profunda, uma convers\u00e3o ecol\u00f3gica e \u00e9tica s\u00e3o necess\u00e1rias para caminhar em dire\u00e7\u00e3o a um novo renascimento que coloque o homem no centro, em que os modelos econ\u00f4micos e sociais devem se referir, respeitando os s\u00f3lidos princ\u00edpios de justi\u00e7a, paz e prote\u00e7\u00e3o ambiental&#8221;.<\/p>\n<h2 style=\"text-align: justify;\"><b>A mensagem de Francisco acess\u00edvel a todos<\/b><\/h2>\n<p style=\"text-align: justify;\">A mensagem do Papa Francisco, supera por intensidade e universalidade o estreito ambientalismo de interesses privados, que carece de uma vis\u00e3o integral e interligada pr\u00f3pria e, ao mesmo tempo, \u00e9 uma mensagem simples e acess\u00edvel a todos, diz Ottavio Capparella, confirmando a vontade da Associa\u00e7\u00e3o de querer aceitar sem reservas o convite do Papa para tornar o pensamento cada vez mais uma pr\u00e1tica de vida.<\/p>\n<\/div>\n","protected":false},"excerpt":{"rendered":"<p>A instala\u00e7\u00e3o da \u201cCapela viva\u201d no Jardim Bot\u00e2nico de Roma, do progeto Laudato si&#8217; O Pr\u00eamio Internacional da Academia Kronos \u00e9 dado a pessoas e organiza\u00e7\u00f5es comprometidas com as quest\u00f5es ambientais, mas neste ano o primeiro a ser premiado foi o Papa Francisco. O conceito de ecologia integral expresso pelo Papa, particularmente na &#8220;Laudato si&#8221;, [&hellip;]<\/p>\n","protected":false},"author":1,"featured_media":65136,"comment_status":"open","ping_status":"closed","sticky":false,"template":"","format":"standard","meta":{"footnotes":""},"categories":[3],"tags":[],"class_list":["post-65135","post","type-post","status-publish","format-standard","has-post-thumbnail","hentry","category-vaticano"],"_links":{"self":[{"href":"https:\/\/catolicanet.net\/wp-cnet\/wp-json\/wp\/v2\/posts\/65135","targetHints":{"allow":["GET"]}}],"collection":[{"href":"https:\/\/catolicanet.net\/wp-cnet\/wp-json\/wp\/v2\/posts"}],"about":[{"href":"https:\/\/catolicanet.net\/wp-cnet\/wp-json\/wp\/v2\/types\/post"}],"author":[{"embeddable":true,"href":"https:\/\/catolicanet.net\/wp-cnet\/wp-json\/wp\/v2\/users\/1"}],"replies":[{"embeddable":true,"href":"https:\/\/catolicanet.net\/wp-cnet\/wp-json\/wp\/v2\/comments?post=65135"}],"version-history":[{"count":1,"href":"https:\/\/catolicanet.net\/wp-cnet\/wp-json\/wp\/v2\/posts\/65135\/revisions"}],"predecessor-version":[{"id":65137,"href":"https:\/\/catolicanet.net\/wp-cnet\/wp-json\/wp\/v2\/posts\/65135\/revisions\/65137"}],"wp:featuredmedia":[{"embeddable":true,"href":"https:\/\/catolicanet.net\/wp-cnet\/wp-json\/wp\/v2\/media\/65136"}],"wp:attachment":[{"href":"https:\/\/catolicanet.net\/wp-cnet\/wp-json\/wp\/v2\/media?parent=65135"}],"wp:term":[{"taxonomy":"category","embeddable":true,"href":"https:\/\/catolicanet.net\/wp-cnet\/wp-json\/wp\/v2\/categories?post=65135"},{"taxonomy":"post_tag","embeddable":true,"href":"https:\/\/catolicanet.net\/wp-cnet\/wp-json\/wp\/v2\/tags?post=65135"}],"curies":[{"name":"wp","href":"https:\/\/api.w.org\/{rel}","templated":true}]}}