{"id":65094,"date":"2020-12-15T09:32:53","date_gmt":"2020-12-15T12:32:53","guid":{"rendered":"https:\/\/catolicanet.net\/wp-cnet\/?p=65094"},"modified":"2020-12-15T09:32:53","modified_gmt":"2020-12-15T12:32:53","slug":"bispos-colombianos-novena-de-natal-2020-vem-senhor-da-nos-a-tua-luz","status":"publish","type":"post","link":"https:\/\/catolicanet.net\/wp-cnet\/bispos-colombianos-novena-de-natal-2020-vem-senhor-da-nos-a-tua-luz\/","title":{"rendered":"Bispos colombianos: Novena de Natal 2020, &#8220;Vem Senhor, d\u00e1-nos a tua luz&#8221;"},"content":{"rendered":"<div class=\"article__subTitle\" style=\"text-align: justify;\">A Confer\u00eancia Episcopal Colombiana (CEC) lan\u00e7ou esta segunda-feira (14\/12) a Novena de Natal 2020, intitulada &#8220;Vem Senhor, d\u00e1-nos tua luz&#8221;, criada pelo Departamento de Catequese e Anima\u00e7\u00e3o B\u00edblica. Proposta pelos bispos colombianos, a Novena de Natal preserva as caracter\u00edsticas tradicionais de suas ora\u00e7\u00f5es e se apresenta como um exerc\u00edcio de confian\u00e7a no amor de Deus, na for\u00e7a de sua miseric\u00f3rdia e na proclama\u00e7\u00e3o de uma palavra prof\u00e9tica que traz conforto e alegria \u00e0queles que tanto sofreram neste tempo de pandemia<\/div>\n<div class=\"title__separator\" style=\"text-align: justify;\"><\/div>\n<div class=\"article__text \">\n<p style=\"text-align: justify;\"><b>Vatican News<\/b><\/p>\n<div style=\"text-align: justify;\">\n<div class=\"article__embed article__embed--unwrap article__embed--dark\">\n<div class=\"article__innerTitle\">Ou\u00e7a e compartilhe<\/div>\n<div>\n<!--[if lt IE 9]><script>document.createElement('audio');<\/script><![endif]-->\n<audio class=\"wp-audio-shortcode\" id=\"audio-65094-1\" preload=\"none\" style=\"width: 100%;\" controls=\"controls\"><source type=\"audio\/mpeg\" src=\"https:\/\/media.vaticannews.va\/media\/audio\/s1\/2020\/12\/15\/12\/135822265_F135822265.mp3?_=1\" \/><a href=\"https:\/\/media.vaticannews.va\/media\/audio\/s1\/2020\/12\/15\/12\/135822265_F135822265.mp3\">https:\/\/media.vaticannews.va\/media\/audio\/s1\/2020\/12\/15\/12\/135822265_F135822265.mp3<\/a><\/audio>\n<\/div>\n<\/div>\n<\/div>\n<p style=\"text-align: justify;\">&#8220;Neste Natal de 2020, Jesus quer nos encontrar para dissipar a escurid\u00e3o do medo, da solid\u00e3o, da incerteza e das muitas perdas que caracterizaram este ano vivido pela humanidade e pelo pa\u00eds.&#8221;<\/p>\n<p style=\"text-align: justify;\">Foi o que escreveu o arcebispo de Villavicencio e presidente do Episcopado colombiano, dom Oscar Urbina Ortega, na apresenta\u00e7\u00e3o da &#8220;Novena 2020&#8221;, intitulada &#8220;Vem Senhor, d\u00e1-nos tua luz&#8221;, criada pelo Departamento de Catequese e Anima\u00e7\u00e3o B\u00edblica da Confer\u00eancia Episcopal Colombiana (CEC) e lan\u00e7ada esta segunda-feira (14\/12) no site da CEC.<\/p>\n<h2 style=\"text-align: justify;\">Conforto e alegria neste tempo de pandemia<\/h2>\n<p style=\"text-align: justify;\">A Novena de Natal, proposta pelos bispos aos colombianos, preserva as caracter\u00edsticas tradicionais de suas ora\u00e7\u00f5es e se apresenta como um exerc\u00edcio de confian\u00e7a no amor de Deus, na for\u00e7a de sua miseric\u00f3rdia e na proclama\u00e7\u00e3o de uma palavra prof\u00e9tica que traz conforto e alegria \u00e0queles que tanto sofreram neste tempo de pandemia.<\/p>\n<p style=\"text-align: justify;\">De fato, este Natal, escreve o presidente da Confer\u00eancia episcopal \u2013 que aos poucos est\u00e1 se recuperando da Covid-19 \u2013 &#8220;Jesus renova seu compromisso de renascer em nossos cora\u00e7\u00f5es, e nos pede apenas, como fez com Maria e Jos\u00e9, que acolhamos sua luz e sua paz para viver como filhos do Pai celestial e como irm\u00e3os nesta na\u00e7\u00e3o, cuja constru\u00e7\u00e3o \u00e9 hoje, acima de tudo, tarefa e responsabilidade de todos&#8221;.<\/p>\n<h2 style=\"text-align: justify;\">O Senhor Jesus acompanha seu povo<\/h2>\n<p style=\"text-align: justify;\">O arcebispo de Villavicencio, referindo-se \u00e0 passagem b\u00edblica do profeta Isa\u00edas (9,2) &#8220;O povo que andava nas trevas viu uma grande luz&#8221;, lembra aos fi\u00e9is que o Senhor Jesus acompanha seu povo e os ajuda a superar os desafios sociais e culturais que enfrentam hoje.<\/p>\n<div style=\"text-align: justify;\">\n<div class=\"article__embed article__embed--border embed_style\">\n<blockquote><p>\u201cJesus quer nos tirar de nossas tristezas sombrias, iluminar nosso caminho com sua luz que \u00e9 vida, criatividade, impulso, serenidade e, ao se entregar novamente, nos comunicar a verdadeira paz que o mundo n\u00e3o pode nos dar.\u201d<\/p><\/blockquote>\n<\/div>\n<\/div>\n<p style=\"text-align: justify;\">&#8220;Desejo-lhes um Natal frut\u00edfero para que todos possamos olhar nossa hist\u00f3ria com olhos serenos, com profunda esperan\u00e7a no nascimento de um novo pa\u00eds, onde todos n\u00f3s, como irm\u00e3os e irm\u00e3s, seremos artes\u00e3os da paz&#8221;, conclui o presidente dos bispos colombianos.<\/p>\n<p style=\"text-align: justify;\">Vatican News \u2013 AP\/RL<\/p>\n<\/div>\n","protected":false},"excerpt":{"rendered":"<p>A Confer\u00eancia Episcopal Colombiana (CEC) lan\u00e7ou esta segunda-feira (14\/12) a Novena de Natal 2020, intitulada &#8220;Vem Senhor, d\u00e1-nos tua luz&#8221;, criada pelo Departamento de Catequese e Anima\u00e7\u00e3o B\u00edblica. Proposta pelos bispos colombianos, a Novena de Natal preserva as caracter\u00edsticas tradicionais de suas ora\u00e7\u00f5es e se apresenta como um exerc\u00edcio de confian\u00e7a no amor de Deus, [&hellip;]<\/p>\n","protected":false},"author":1,"featured_media":65095,"comment_status":"open","ping_status":"closed","sticky":false,"template":"","format":"standard","meta":{"footnotes":""},"categories":[3],"tags":[],"class_list":["post-65094","post","type-post","status-publish","format-standard","has-post-thumbnail","hentry","category-vaticano"],"_links":{"self":[{"href":"https:\/\/catolicanet.net\/wp-cnet\/wp-json\/wp\/v2\/posts\/65094","targetHints":{"allow":["GET"]}}],"collection":[{"href":"https:\/\/catolicanet.net\/wp-cnet\/wp-json\/wp\/v2\/posts"}],"about":[{"href":"https:\/\/catolicanet.net\/wp-cnet\/wp-json\/wp\/v2\/types\/post"}],"author":[{"embeddable":true,"href":"https:\/\/catolicanet.net\/wp-cnet\/wp-json\/wp\/v2\/users\/1"}],"replies":[{"embeddable":true,"href":"https:\/\/catolicanet.net\/wp-cnet\/wp-json\/wp\/v2\/comments?post=65094"}],"version-history":[{"count":1,"href":"https:\/\/catolicanet.net\/wp-cnet\/wp-json\/wp\/v2\/posts\/65094\/revisions"}],"predecessor-version":[{"id":65096,"href":"https:\/\/catolicanet.net\/wp-cnet\/wp-json\/wp\/v2\/posts\/65094\/revisions\/65096"}],"wp:featuredmedia":[{"embeddable":true,"href":"https:\/\/catolicanet.net\/wp-cnet\/wp-json\/wp\/v2\/media\/65095"}],"wp:attachment":[{"href":"https:\/\/catolicanet.net\/wp-cnet\/wp-json\/wp\/v2\/media?parent=65094"}],"wp:term":[{"taxonomy":"category","embeddable":true,"href":"https:\/\/catolicanet.net\/wp-cnet\/wp-json\/wp\/v2\/categories?post=65094"},{"taxonomy":"post_tag","embeddable":true,"href":"https:\/\/catolicanet.net\/wp-cnet\/wp-json\/wp\/v2\/tags?post=65094"}],"curies":[{"name":"wp","href":"https:\/\/api.w.org\/{rel}","templated":true}]}}