{"id":65091,"date":"2020-12-15T08:29:55","date_gmt":"2020-12-15T11:29:55","guid":{"rendered":"https:\/\/catolicanet.net\/wp-cnet\/?p=65091"},"modified":"2020-12-15T09:31:21","modified_gmt":"2020-12-15T12:31:21","slug":"covid-na-russia-dom-pezzi-contagio-da-oracao-mais-forte-do-que-o-virus","status":"publish","type":"post","link":"https:\/\/catolicanet.net\/wp-cnet\/covid-na-russia-dom-pezzi-contagio-da-oracao-mais-forte-do-que-o-virus\/","title":{"rendered":"Covid na R\u00fassia. Dom Pezzi: cont\u00e1gio da ora\u00e7\u00e3o mais forte do que o v\u00edrus"},"content":{"rendered":"<div class=\"article__subTitle\" style=\"text-align: justify;\">O bispo de Moscou, dom Paolo Pezzi, que acaba de se recuperar do coronav\u00edrus, conta o que recebeu com a doen\u00e7a em termos de convers\u00e3o e servi\u00e7o ao pr\u00f3ximo. Como pastor de uma comunidade que, como muitos, vive com medo de cont\u00e1gio, oferece a proximidade da f\u00e9 e em todas as igrejas da R\u00fassia lan\u00e7ou uma ora\u00e7\u00e3o especial pela prote\u00e7\u00e3o e paz na vizinha Belarus.<\/div>\n<div class=\"title__separator\" style=\"text-align: justify;\"><\/div>\n<div class=\"article__text \">\n<p style=\"text-align: justify;\"><b>Gabriella Ceraso, Silvonei Jos\u00e9 \u2013 Vatican News<\/b><\/p>\n<p style=\"text-align: justify;\">Deixar-se envolver pelo irm\u00e3o que est\u00e1 ao nosso lado, confiar-se mais \u00e0s m\u00e3os de Deus e concentrar-se no que \u00e9 verdadeiramente valioso, deixando de lado aquele tipo de ativismo que tamb\u00e9m diz respeito \u00e0 Igreja e que corre o risco de nos deixar na superf\u00edcie das coisas. \u00c9 assim que dom Paolo Pezzi, arcebispo de Moscou, fala da sua experi\u00eancia como paciente da Covid, como pastor e como guia da comunidade cat\u00f3lica na R\u00fassia. Conosco, comenta as tr\u00eas chaves de leitura do Advento que o Papa deu aos fi\u00e9is no Angelus de domingo 29 de novembro: sobriedade, proximidade e ora\u00e7\u00e3o na fam\u00edlia.<\/p>\n<div style=\"text-align: justify;\">\n<div class=\"article__embed article__embed--unwrap article__embed--dark\">\n<div class=\"article__innerTitle\">Ou\u00e7a e compartilhe<\/div>\n<div>\n<!--[if lt IE 9]><script>document.createElement('audio');<\/script><![endif]-->\n<audio class=\"wp-audio-shortcode\" id=\"audio-65091-1\" preload=\"none\" style=\"width: 100%;\" controls=\"controls\"><source type=\"audio\/mpeg\" src=\"https:\/\/media.vaticannews.va\/media\/audio\/s1\/2020\/12\/15\/11\/135822131_F135822131.mp3?_=1\" \/><a href=\"https:\/\/media.vaticannews.va\/media\/audio\/s1\/2020\/12\/15\/11\/135822131_F135822131.mp3\">https:\/\/media.vaticannews.va\/media\/audio\/s1\/2020\/12\/15\/11\/135822131_F135822131.mp3<\/a><\/audio>\n<\/div>\n<\/div>\n<\/div>\n<p style=\"text-align: justify;\"><i>&#8220;Maior sobriedade, aten\u00e7\u00e3o discreta e respeitosa aos vizinhos que possam estar em necessidade, alguns momentos de ora\u00e7\u00e3o feitos em fam\u00edlia com simplicidade. Estas tr\u00eas coisas v\u00e3o ajudar-nos muito<\/i>&#8220;( Papa Francisco)&#8221;.<\/p>\n<p style=\"text-align: justify;\">As palavras do prelado est\u00e3o tamb\u00e9m ligadas ao que pa\u00edses como a Belarus, Ucr\u00e2nia e C\u00e1ucaso est\u00e3o vivendo: para eles, o apelo de dom Pezzi \u00e9 \u00e0 caridade, ao perd\u00e3o e \u00e0 paz. Todas as noites, a partir das comunidades cat\u00f3licas de toda a R\u00fassia &#8211; diz-nos \u2013 eleva-se uma ora\u00e7\u00e3o especial, a do\u00a0<i>Sub Tuum Praesidium<\/i>, recitada por todos depois da Comunh\u00e3o precisamente para obter a prote\u00e7\u00e3o e o dom da paz para o povo da Belarus de onde, diz, &#8220;as not\u00edcias que chegam n\u00e3o s\u00e3o positivas&#8221;. A entrevista com dom Paolo Pezzi:<\/p>\n<p style=\"text-align: justify;\"><b>A R\u00fassia \u00e9 o quarto pa\u00eds do mundo pelo n\u00famero de cont\u00e1gios da Covid -19, mais de 2,5 milh\u00f5es com quase 45 mil mortes. Entre as \u00e1reas mais afetadas encontra-se S\u00e3o Petersburgo, enquanto a situa\u00e7\u00e3o est\u00e1 melhorando gradualmente na Sib\u00e9ria e na regi\u00e3o do C\u00e1ucaso. Mas a R\u00fassia foi tamb\u00e9m a primeira a testar a vacina. Qual \u00e9 a situa\u00e7\u00e3o no pa\u00eds hoje?<\/b><\/p>\n<p style=\"text-align: justify;\">R.\u00a0<i>&#8211; Eu diria que a situa\u00e7\u00e3o \u00e9 de uma relativamente ampla difus\u00e3o da Covid e que o n\u00famero de mortes est\u00e1 diminuindo em compara\u00e7\u00e3o com apenas tr\u00eas ou quatro dias atr\u00e1s, quando t\u00ednhamos picos recordes. Onde a situa\u00e7\u00e3o \u00e9 mais grave, como em S\u00e3o Petersburgo, as autoridades locais est\u00e3o considerando um poss\u00edvel lockdown regional. Entretanto, a distribui\u00e7\u00e3o da vacina tamb\u00e9m j\u00e1 come\u00e7ou. Existe alguma controv\u00e9rsia sobre a efic\u00e1cia da vacina e sobre a obrigatoriedade para algumas das categorias de maior risco, tais como o pessoal de sa\u00fade e os militares. At\u00e9 o momento, contudo, n\u00e3o h\u00e1 relatos de efeitos colaterais negativos.<\/i><\/p>\n<p style=\"text-align: justify;\"><b>Qual \u00e9 o seu empenho como Igreja no acompanhamento da popula\u00e7\u00e3o neste momento dif\u00edcil?<\/b><\/p>\n<p style=\"text-align: justify;\">R.\u00a0<i>&#8211; O que fazemos \u00e9 tentar ser os primeiros a ter toda a aten\u00e7\u00e3o necess\u00e1ria, portanto, divulgar da melhor maniera aos nossos fi\u00e9is as informa\u00e7\u00f5es dadas pelo Estado e pelas administra\u00e7\u00f5es locais e, por \u00faltimo, o que tentamos fazer \u00e9 cuidar dos doentes. Se n\u00e3o for poss\u00edvel ir aos hospitais devido \u00e0s medidas de seguran\u00e7a, podemos faz\u00ea-lo nas casas para os fi\u00e9is cat\u00f3licos que nos chamam seja para receber o apoio dos sacramentos seja para a possibilidade de recitarmos juntos uma ora\u00e7\u00e3o. Finalmente, outra coisa que retom\u00e1mos s\u00e3o as celebra\u00e7\u00f5es e encontros de forma\u00e7\u00e3o atrav\u00e9s da Internet.<\/i><\/p>\n<p style=\"text-align: justify;\"><b>O senhor pessoalmente viveu a experi\u00eancia da doen\u00e7a. O que \u00e9 lhe deixou e o que pode dizer \u00e0s muitas pessoas doentes no mundo que tamb\u00e9m enfrentam o medo neste momento?<\/b><\/p>\n<p style=\"text-align: justify;\">R.\u00a0<i>&#8211; A forma do v\u00edrus que me atingiu, gra\u00e7as a Deus, n\u00e3o foi t\u00e3o violenta. O pior efeito foi a perda do gosto e do olfato que d\u00e1 a sensa\u00e7\u00e3o de um distanciamento da realidade, e depois um estado de fraqueza f\u00edsica, mas acima de tudo neurol\u00f3gica. O que eu aprendi? Devo dizer que aprendi muito. Antes de mais nada, aprendi que precisamos pedir conscientemente a nossa convers\u00e3o todos os dias, porque n\u00e3o podemos dar por garantido que aquilo que estamos vivendo \u00e9 a melhor maneira de viver. Em segundo lugar, o tempo que pude dedicar \u00e0 reflex\u00e3o, estudo e ora\u00e7\u00e3o fez-me compreender que n\u00f3s padres e bispos muitas vezes corremos o risco de cair numa esp\u00e9cie de ativismo que nos deixa muito na superf\u00edcie das coisas, e especialmente das rela\u00e7\u00f5es. Desta vez, portanto, despertou em mim um maior desejo de me envolver nas rela\u00e7\u00f5es com as pessoas e especialmente com os mais necessitados. Depois, voc\u00ea me perguntou sobre o medo: o medo \u00e9 certamente um aspecto end\u00eamico e est\u00e1 inscrito no DNA de todos. Assim, o que digo aos meus fi\u00e9is \u00e9 que a proximidade que podemos oferecer faz com que nos confiemos mais \u00e0s m\u00e3os de Deus, faz com que tomemos mais consci\u00eancia de que fomos feitos para a felicidade, n\u00e3o fomos feitos para passar uma certa quantidade de tempo nesta terra e basta. Em vez disso, fomos feitos para passar este tempo com a perspectiva da p\u00e1tria celestial que nos espera. Por esta raz\u00e3o tomei a iniciativa, durante o tempo de lockdown, de difundir todas as noites um breve pensamento com uma b\u00ean\u00e7\u00e3o precisamente para ajudar a vencer o medo, algo que tenho continuado a fazer e agora fa\u00e7o-o todos os domingos \u00e0 noite.<\/i><\/p>\n<p style=\"text-align: justify;\"><b>Ou seja, um pensamento para que nos sintamos sustentados na f\u00e9 que nos d\u00e1 for\u00e7a?<\/b><\/p>\n<p style=\"text-align: justify;\">R. &#8211;<i>\u00a0Sim, uma vez que n\u00e3o podemos evitar o medo, precisamos voltar o nosso olhar, e aqui voltamos ao conceito de convers\u00e3o, que nos permite vencer este medo.<\/i><\/p>\n<p style=\"text-align: justify;\"><b>Vamos falar do Advento que estamos vivendo. Na vontade do Papa, expressa no Angelus do primeiro Domingo de Advento, tr\u00eas aspectos ajudam-nos: sobriedade, olhar para aqueles que nos s\u00e3o pr\u00f3ximos, e ora\u00e7\u00e3o em fam\u00edlia. Esta mensagem j\u00e1 chegou at\u00e9 voc\u00eas? E como est\u00e3o se preparando para o Natal?<\/b><\/p>\n<p style=\"text-align: justify;\">R.\u00a0<i>&#8211; Sim, a mensagem chegou at\u00e9 n\u00f3s e estamos avan\u00e7ando nesta dire\u00e7\u00e3o. Sobriedade: ajuda-nos a compreender que a sobriedade n\u00e3o \u00e9 menos, mas \u00e9 a possibilidade de nos concentrarmos no mais, ou seja, de nos concentrarmos na verdadeira espera de Cristo. A proximidade: n\u00e3o se espera realmente por Cristo se n\u00e3o estivermos dispostos a olhar uns para os outros de uma forma diferente, e este \u00e9 provavelmente o caso em todo o mundo, mas sentimo-lo de uma forma particular devido aos conflitos nos pa\u00edses pr\u00f3ximos da R\u00fassia e especialmente na Belarus, no C\u00e1ucaso e, n\u00e3o esque\u00e7amos, na Ucr\u00e2nia. Uma grande parte dos nossos fi\u00e9is prov\u00e9m desses lugares. Portanto, \u00e9 necess\u00e1rio um olhar positivo entre n\u00f3s, um olhar de perd\u00e3o, um olhar de bondade para com o outro e isto n\u00e3o \u00e9 poss\u00edvel sem uma proximidade, sem desejar uma rela\u00e7\u00e3o com o irm\u00e3o. Depois, h\u00e1 o aspecto da ora\u00e7\u00e3o em fam\u00edlia.<\/i><\/p>\n<p style=\"text-align: justify;\"><i>Tamb\u00e9m insistimos neste ponto no outono, antes do Advento. J\u00e1 em setembro, propusemos uma peregrina\u00e7\u00e3o de um \u00edcone da M\u00e3e de Deus, a que demos o t\u00edtulo de M\u00e3e do Verbo, para as fam\u00edlias de todas as par\u00f3quias da R\u00fassia. E esta peregrina\u00e7\u00e3o de \u00edcones est\u00e1 danos os frutos. Na verdade, muitas s\u00e3o as fam\u00edlias que pedem para acolher o \u00edcone, que normalmente permanece na fam\u00edlia durante uma semana, e que est\u00e1 despertando uma ora\u00e7\u00e3o comum, e tamb\u00e9m um grande esp\u00edrito de acolhida. Em v\u00e1rias fam\u00edlias, de fato, s\u00e3o convidados vizinhos, parentes e outros fi\u00e9is que se encontram no mesmo bairro, especialmente para rezarem juntos o ter\u00e7o, e as Litanias que, digamos, cri\u00e1mos para a ocasi\u00e3o. E tudo isto est\u00e1 fomentando um &#8220;cont\u00e1gio&#8221; que \u00e9 mais forte do que o cont\u00e1gio da Covid.<\/i><\/p>\n<p style=\"text-align: justify;\"><b>O senhor falou de tr\u00eas \u00e1reas dif\u00edceis: Ucr\u00e2nia, Belarus e C\u00e1ucaso, todas terras \u00e0s quais o Papa tamb\u00e9m se refere frequentemente, tendo-as no seu cora\u00e7\u00e3o e invocando a paz, o di\u00e1logo, a escuta do povo. O senhor tem contatos com essas comunidades? E qual \u00e9 o seu desejo ou o seu apelo?<\/b><\/p>\n<p style=\"text-align: justify;\">R. &#8211;<i>\u00a0O meu apelo \u00e9 o mesmo que o do Santo Padre, \u00e0 ora\u00e7\u00e3o, \u00e0 paz e tamb\u00e9m \u00e0 caridade, porque as not\u00edcias que recebemos n\u00e3o s\u00e3o positivas, especialmente da Belarus onde o arcebispo de Minsk, Tadeusz Kondrusiewicz, ainda vive no ex\u00edlio da sua pr\u00f3pria terra e povo e, muito provavelmente, n\u00e3o poder\u00e1 celebrar o Natal com a sua comunidade. Depois, sabemos de deten\u00e7\u00f5es de padres cat\u00f3licos, mas tamb\u00e9m de cat\u00f3licos gregos, ortodoxos e deten\u00e7\u00f5es de fi\u00e9is. Por isso, o nosso compromisso hoje \u00e9 a ora\u00e7\u00e3o. A este respeito, introduzimos neste per\u00edodo para a Belarus, como j\u00e1 t\u00ednhamos feito antes para a Ucr\u00e2nia e depois para o C\u00e1ucaso, uma ora\u00e7\u00e3o especial, a do Sub Tuum Praesidium, que se leva imediatamente ap\u00f3s a Comunh\u00e3o por todas as nossas par\u00f3quias e todas as nossas comunidades para invocar prote\u00e7\u00e3o especial para todo o povo da Belarus.<\/i><\/p>\n<\/div>\n","protected":false},"excerpt":{"rendered":"<p>O bispo de Moscou, dom Paolo Pezzi, que acaba de se recuperar do coronav\u00edrus, conta o que recebeu com a doen\u00e7a em termos de convers\u00e3o e servi\u00e7o ao pr\u00f3ximo. Como pastor de uma comunidade que, como muitos, vive com medo de cont\u00e1gio, oferece a proximidade da f\u00e9 e em todas as igrejas da R\u00fassia lan\u00e7ou [&hellip;]<\/p>\n","protected":false},"author":1,"featured_media":65092,"comment_status":"open","ping_status":"closed","sticky":false,"template":"","format":"standard","meta":{"footnotes":""},"categories":[3],"tags":[],"class_list":["post-65091","post","type-post","status-publish","format-standard","has-post-thumbnail","hentry","category-vaticano"],"_links":{"self":[{"href":"https:\/\/catolicanet.net\/wp-cnet\/wp-json\/wp\/v2\/posts\/65091","targetHints":{"allow":["GET"]}}],"collection":[{"href":"https:\/\/catolicanet.net\/wp-cnet\/wp-json\/wp\/v2\/posts"}],"about":[{"href":"https:\/\/catolicanet.net\/wp-cnet\/wp-json\/wp\/v2\/types\/post"}],"author":[{"embeddable":true,"href":"https:\/\/catolicanet.net\/wp-cnet\/wp-json\/wp\/v2\/users\/1"}],"replies":[{"embeddable":true,"href":"https:\/\/catolicanet.net\/wp-cnet\/wp-json\/wp\/v2\/comments?post=65091"}],"version-history":[{"count":1,"href":"https:\/\/catolicanet.net\/wp-cnet\/wp-json\/wp\/v2\/posts\/65091\/revisions"}],"predecessor-version":[{"id":65093,"href":"https:\/\/catolicanet.net\/wp-cnet\/wp-json\/wp\/v2\/posts\/65091\/revisions\/65093"}],"wp:featuredmedia":[{"embeddable":true,"href":"https:\/\/catolicanet.net\/wp-cnet\/wp-json\/wp\/v2\/media\/65092"}],"wp:attachment":[{"href":"https:\/\/catolicanet.net\/wp-cnet\/wp-json\/wp\/v2\/media?parent=65091"}],"wp:term":[{"taxonomy":"category","embeddable":true,"href":"https:\/\/catolicanet.net\/wp-cnet\/wp-json\/wp\/v2\/categories?post=65091"},{"taxonomy":"post_tag","embeddable":true,"href":"https:\/\/catolicanet.net\/wp-cnet\/wp-json\/wp\/v2\/tags?post=65091"}],"curies":[{"name":"wp","href":"https:\/\/api.w.org\/{rel}","templated":true}]}}