{"id":65085,"date":"2020-12-15T09:26:33","date_gmt":"2020-12-15T12:26:33","guid":{"rendered":"https:\/\/catolicanet.net\/wp-cnet\/?p=65085"},"modified":"2020-12-15T09:26:33","modified_gmt":"2020-12-15T12:26:33","slug":"fratelli-tutti-dom-jose-ornelas-uma-ecologia-de-humanidade","status":"publish","type":"post","link":"https:\/\/catolicanet.net\/wp-cnet\/fratelli-tutti-dom-jose-ornelas-uma-ecologia-de-humanidade\/","title":{"rendered":"\u201cFratelli tutti\u201d. Dom Jos\u00e9 Ornelas: uma ecologia de humanidade"},"content":{"rendered":"<div class=\"article__subTitle\" style=\"text-align: justify;\">Para o bispo de Set\u00fabal e presidente da Confer\u00eancia Episcopal Portuguesa, o Papa Francisco integra na sua Enc\u00edclica \u201ca pol\u00edtica, a economia, as quest\u00f5es sociais, do trabalho, da pobreza, para que se possa criar um mundo com possibilidade de se sustentar a si pr\u00f3prio\u201d.<\/div>\n<div class=\"title__separator\" style=\"text-align: justify;\"><\/div>\n<div class=\"article__text \">\n<p style=\"text-align: justify;\"><b>Rui Saraiva &#8211; Porto<\/b><\/p>\n<p style=\"text-align: justify;\">A Enc\u00edclica \u201cFratelli tutti\u201d, \u201cTodos irm\u00e3os\u201d, terceira do pontificado de Francisco, \u00e9 um texto dedicado \u00e0 fraternidade e \u00e0 amizade social que procura acender uma luz de esperan\u00e7a numa humanidade sofrida. Especialmente neste tempo de pandemia.<\/p>\n<div style=\"text-align: justify;\">\n<div class=\"article__embed article__embed--unwrap article__embed--dark\">\n<div class=\"article__innerTitle\">Ou\u00e7a e compartilhe!<\/div>\n<div>\n<!--[if lt IE 9]><script>document.createElement('audio');<\/script><![endif]-->\n<audio class=\"wp-audio-shortcode\" id=\"audio-65085-1\" preload=\"none\" style=\"width: 100%;\" controls=\"controls\"><source type=\"audio\/mpeg\" src=\"https:\/\/media.vaticannews.va\/media\/audio\/s1\/2020\/12\/15\/09\/135821892_F135821892.mp3?_=1\" \/><a href=\"https:\/\/media.vaticannews.va\/media\/audio\/s1\/2020\/12\/15\/09\/135821892_F135821892.mp3\">https:\/\/media.vaticannews.va\/media\/audio\/s1\/2020\/12\/15\/09\/135821892_F135821892.mp3<\/a><\/audio>\n<\/div>\n<\/div>\n<\/div>\n<p style=\"text-align: justify;\">O Papa Francisco refere-se \u00e0 Covid-19, logo no n\u00famero 7 da sua Enc\u00edclica afirmando que esta doen\u00e7a \u201cirrompeu de forma inesperada\u201d tendo deixado \u201ca descoberto as nossas falsas seguran\u00e7as\u201d.<\/p>\n<h2 style=\"text-align: justify;\">Na pandemia entender as limita\u00e7\u00f5es<\/h2>\n<p style=\"text-align: justify;\">\u00c9, precisamente, pela an\u00e1lise deste tempo de pandemia que iniciamos o coment\u00e1rio de D. Jos\u00e9 Ornelas, bispo de Set\u00fabal e presidente da Confer\u00eancia Episcopal Portuguesa, sobre a Enc\u00edclica \u201cFratelli tutti\u201d do Papa Francisco. Uma entrevista realizada com a colabora\u00e7\u00e3o do Gabinete de Comunica\u00e7\u00e3o da Diocese de Set\u00fabal.<\/p>\n<p style=\"text-align: justify;\">\u201cA pandemia significou, de modo muito claro, uma tomada de consci\u00eancia de toda a humanidade a n\u00edvel planet\u00e1rio da realidade que n\u00f3s somos. O Papa diz claramente e exclui completamente a leitura de que a pandemia seja um castigo de Deus. Agora, a pandemia faz-nos ver muitas coisas da humanidade que precisam de ser corrigidas e que precisam de ser endireitadas. A pandemia pode dar-nos luz e d\u00e1-nos luz para entender e repensar o mundo. E, antes de mais, \u00e9 a experi\u00eancia da limita\u00e7\u00e3o inerente ao ser humano. Tantas vezes, estamos cegos pela tecnologia, pelas nossas realiza\u00e7\u00f5es, pelo sucesso econ\u00f3mico, pelas estrat\u00e9gias que compomos. E, portanto, veio-nos dizer que \u00e9 preciso entender as nossas limita\u00e7\u00f5es\u201d \u2013 disse.<\/p>\n<p style=\"text-align: justify;\">Uma sociedade moderna n\u00e3o pode permitir a exclus\u00e3o e a mis\u00e9ria: \u201cVeio a pandemia dizer-nos que uma sociedade moderna, que se quer de sucesso n\u00e3o pode coexistir com uma sociedade injusta, que exclui, que deixa setores seus na mis\u00e9ria\u201d \u2013 frisa.<\/p>\n<h2 style=\"text-align: justify;\">Enc\u00edclica em modo novo e integrado<\/h2>\n<h2 style=\"text-align: justify;\"><\/h2>\n<p style=\"text-align: justify;\">Para D. Jos\u00e9 Ornelas, o Papa na sua Enc\u00edclica trata o tema da fraternidade num modo novo e integrado como j\u00e1 tinha feito na \u201cLaudato S\u00ec\u201d:<\/p>\n<p style=\"text-align: justify;\">\u201cMas \u00e9 colocado de um modo novo. Um modo integrado como j\u00e1 o Papa tinha feito a prop\u00f3sito da Enc\u00edclica \u2018Laudato S\u00ec\u2019 uma ecologia global de uma vis\u00e3o da humanidade na justi\u00e7a, na paz, no respeito pela Cria\u00e7\u00e3o e pelo planeta, mas ao mesmo tempo com considera\u00e7\u00e3o de futuro.\u00a0 E penso que isso \u00e9 muito importante. De facto, esta Enc\u00edclica podia-se chamar tamb\u00e9m de uma ecologia de humanidade integrando a pol\u00edtica, a economia, as quest\u00f5es sociais, do trabalho, da pobreza, para que se possa criar um mundo com possibilidade de se sustentar a si pr\u00f3prio e de criar uma humanidade para todos. \u00c9 essa verdadeira globaliza\u00e7\u00e3o na realidade que est\u00e1 aqui\u201d \u2013 afirma.<\/p>\n<h2 style=\"text-align: justify;\">Linguagem nova numa Enc\u00edclica que abre horizontes<\/h2>\n<h2 style=\"text-align: justify;\"><\/h2>\n<p style=\"text-align: justify;\">Na sua Enc\u00edclica o Papa abre novos horizontes utilizando uma linguagem nova \u2013 diz D. Jos\u00e9 Ornelas:<\/p>\n<p style=\"text-align: justify;\">\u201c\u00c9 uma linguagem nova, acess\u00edvel, oriunda de um contexto social diferente. N\u00f3s estamos habituados \u00e0 linguagem da Igreja muito marcada pela situa\u00e7\u00e3o da Europa. O Papa Francisco chega e diz que ele mesmo vem dos confins do mundo, desse mundo das periferias. Fala uma linguagem nova. E isto agradou a muita gente. E o que se nota nesta Enc\u00edclica \u00e9 a descomplica\u00e7\u00e3o da linguagem sem perder com isso a profundidade, a exatid\u00e3o, mas sempre numa linguagem que abre novos horizontes. E a pr\u00f3pria linguagem ajuda a que esses horizontes possam chegar a todos. A pr\u00f3pria universalidade da linguagem adequa-se ao tipo de mensagem que o Papa quer transmitir\u201d \u2013 declara.<\/p>\n<h2 style=\"text-align: justify;\">O esc\u00e2ndalo de viver da mis\u00e9ria dos outros<\/h2>\n<h2 style=\"text-align: justify;\"><\/h2>\n<p style=\"text-align: justify;\">Muitos enriquecem com a mis\u00e9ria dos outros \u2013 recorda o bispo de Set\u00fabal \u2013 e isso \u201c\u00e9 altamente escandaloso\u201d: \u201cEst\u00e1vamos todos t\u00e3o preocupados com o PIB, com a d\u00edvida e de repente agora os pol\u00edticos s\u00e3o os primeiros a dizer: esque\u00e7amos a d\u00edvida por um momento. A Europa a dizer: esta ditadura das finan\u00e7as n\u00e3o \u00e9 uma boa solu\u00e7\u00e3o. J\u00e1 no fim da crise de 2008 se percebia que os custos sociais da crise, que foram suportados pelos setores mais baixos da popula\u00e7\u00e3o, em todo o mundo, que s\u00e3o incomport\u00e1veis, que isto n\u00e3o \u00e9 solu\u00e7\u00e3o para resolver os problemas do mundo. Porque na realidade muitos acabaram por enriquecer muito durante tudo isto e acabaram por ser aqueles que afinal ganharam com a mis\u00e9ria dos outros. E isto \u00e9 altamente escandaloso e invi\u00e1vel para uma humanidade diferente e para uma humanidade de sucesso\u201d \u2013 salienta.<\/p>\n<h2 style=\"text-align: justify;\">Evangelho na pol\u00edtica, inserido na realidade<\/h2>\n<h2 style=\"text-align: justify;\"><\/h2>\n<p style=\"text-align: justify;\">Para o presidente da Confer\u00eancia Episcopal Portuguesa esta Enc\u00edclica ajuda a buscar uma vis\u00e3o de f\u00e9 para os problemas do mundo:<\/p>\n<p style=\"text-align: justify;\">\u201cA busca de uma vis\u00e3o de f\u00e9 ao servi\u00e7o da globaliza\u00e7\u00e3o. Isto \u00e9, a vis\u00e3o de f\u00e9 que, tantas vezes, n\u00f3s estamos a separar do resto dos problemas do mundo. Da vida, das pessoas e do mundo. Nestes dias mesmo, falando desta Enc\u00edclica, houve muitas rea\u00e7\u00f5es e uma delas que eu pr\u00f3prio recebi dizia: a Igreja meta-se nas coisas religiosas e deixe a pol\u00edtica para outros! E isso \u00e9 ainda a mentalidade que muita gente tem. Claro que o Papa n\u00e3o \u00e9 um pol\u00edtico. N\u00e3o quer fazer pol\u00edtica no sentido menos nobre que tantas vezes se lhe d\u00e1. Mas, o Papa quer que o Evangelho chegue \u00e0 pol\u00edtica. Porque sen\u00e3o um Evangelho que n\u00e3o cria cultura, que n\u00e3o cria atitude, que n\u00e3o cria modo de se organizar, n\u00e3o \u00e9 Evangelho de Jesus. \u00c9 um Evangelho separado da realidade e que n\u00e3o \u00e9 incarnado. Ora aquilo que caracteriza, precisamente, o mist\u00e9rio crist\u00e3o \u00e9 de um Deus que se fez homem. Homem, naturalmente inserido numa cultura, numa sociedade, sujeito a leis, que tantas vezes n\u00e3o concordava, mas que o condicionavam e at\u00e9 puseram fim \u00e0 sua vida. \u00c9 um Evangelho que \u00e9 sempre nesta realidade humana que se insere. E o Papa n\u00e3o faz pol\u00edtica no sentido de gerir politicamente a sociedade, mas quer ser aquilo que o Evangelho \u00e9: sal e luz. E ajuda a pensar, n\u00e3o numa logica de poder, mas numa l\u00f3gica de oferta e de proposta que se dirige sempre ao cora\u00e7\u00e3o das pessoas, porque \u00e9 a partir da\u00ed que podem surgir rela\u00e7\u00f5es novas na sociedade e pode surgir uma cultura nova e um modo de pensar e de agir diferente\u201d \u2013 sublinhou.<\/p>\n<p style=\"text-align: justify;\">D. Jos\u00e9 Ornelas, bispo de Set\u00fabal e presidente da Confer\u00eancia Episcopal Portuguesa, comentando a Enc\u00edclica \u201cFratelli tutti\u201d do Papa Francisco. Ser\u00e1 j\u00e1 bem pr\u00f3ximo do Natal que na pr\u00f3xima semana publicaremos a segunda parte desta entrevista.<\/p>\n<p style=\"text-align: justify;\"><i>Laudetur Iesus Christus<\/i><\/p>\n<\/div>\n","protected":false},"excerpt":{"rendered":"<p>Para o bispo de Set\u00fabal e presidente da Confer\u00eancia Episcopal Portuguesa, o Papa Francisco integra na sua Enc\u00edclica \u201ca pol\u00edtica, a economia, as quest\u00f5es sociais, do trabalho, da pobreza, para que se possa criar um mundo com possibilidade de se sustentar a si pr\u00f3prio\u201d. Rui Saraiva &#8211; Porto A Enc\u00edclica \u201cFratelli tutti\u201d, \u201cTodos irm\u00e3os\u201d, terceira [&hellip;]<\/p>\n","protected":false},"author":1,"featured_media":65086,"comment_status":"open","ping_status":"closed","sticky":false,"template":"","format":"standard","meta":{"footnotes":""},"categories":[13,3],"tags":[],"class_list":["post-65085","post","type-post","status-publish","format-standard","has-post-thumbnail","hentry","category-featured","category-vaticano"],"_links":{"self":[{"href":"https:\/\/catolicanet.net\/wp-cnet\/wp-json\/wp\/v2\/posts\/65085","targetHints":{"allow":["GET"]}}],"collection":[{"href":"https:\/\/catolicanet.net\/wp-cnet\/wp-json\/wp\/v2\/posts"}],"about":[{"href":"https:\/\/catolicanet.net\/wp-cnet\/wp-json\/wp\/v2\/types\/post"}],"author":[{"embeddable":true,"href":"https:\/\/catolicanet.net\/wp-cnet\/wp-json\/wp\/v2\/users\/1"}],"replies":[{"embeddable":true,"href":"https:\/\/catolicanet.net\/wp-cnet\/wp-json\/wp\/v2\/comments?post=65085"}],"version-history":[{"count":1,"href":"https:\/\/catolicanet.net\/wp-cnet\/wp-json\/wp\/v2\/posts\/65085\/revisions"}],"predecessor-version":[{"id":65087,"href":"https:\/\/catolicanet.net\/wp-cnet\/wp-json\/wp\/v2\/posts\/65085\/revisions\/65087"}],"wp:featuredmedia":[{"embeddable":true,"href":"https:\/\/catolicanet.net\/wp-cnet\/wp-json\/wp\/v2\/media\/65086"}],"wp:attachment":[{"href":"https:\/\/catolicanet.net\/wp-cnet\/wp-json\/wp\/v2\/media?parent=65085"}],"wp:term":[{"taxonomy":"category","embeddable":true,"href":"https:\/\/catolicanet.net\/wp-cnet\/wp-json\/wp\/v2\/categories?post=65085"},{"taxonomy":"post_tag","embeddable":true,"href":"https:\/\/catolicanet.net\/wp-cnet\/wp-json\/wp\/v2\/tags?post=65085"}],"curies":[{"name":"wp","href":"https:\/\/api.w.org\/{rel}","templated":true}]}}