{"id":65074,"date":"2020-12-13T09:01:41","date_gmt":"2020-12-13T12:01:41","guid":{"rendered":"https:\/\/catolicanet.net\/wp-cnet\/?p=65074"},"modified":"2020-12-14T11:03:10","modified_gmt":"2020-12-14T14:03:10","slug":"terceiro-domingo-do-advento-ano-b","status":"publish","type":"post","link":"https:\/\/catolicanet.net\/wp-cnet\/terceiro-domingo-do-advento-ano-b\/","title":{"rendered":"TERCEIRO DOMINGO DO ADVENTO ANO B"},"content":{"rendered":"<p style=\"text-align: justify;\"><em>\u201c(&#8230;) o Senhor Deus far\u00e1 germinar a justi\u00e7a e a sua gl\u00f3ria diante de todas as na\u00e7\u00f5es\u201d (cf. Is 61,11).<\/em><em>\u00a0\u00a0\u00a0\u00a0\u00a0\u00a0\u00a0\u00a0 <\/em><\/p>\n<p style=\"text-align: justify;\"><em>\u00a0\u00a0\u00a0\u00a0\u00a0\u00a0\u00a0\u00a0 <\/em>Hoje avan\u00e7amos mais um passo para rememorar a Primeira Vinda do Salvador. E, a Liturgia, conforme a tradi\u00e7\u00e3o da Igreja, este Terceiro Domingo do Advento \u00e9 chamado de <em>Gaudete, <\/em>isto \u00e9 \u201cAlegrai-vos!\u201d Conforme a ant\u00edfona da entrada do Missal Romano deste domingo: <em>\u201cAlegrai-vos sempre no Senhor. De novo eu vos digo, alegrai-vos! O Senhor est\u00e1 perto.\u201d<\/em><\/p>\n<p style=\"text-align: justify;\">A Primeira Leitura, retirada do Livro do Profeta Isa\u00edas (Is 61,1-2a.10-11), pondera que o profeta \u00e9 como anunciador de uma mensagem de paz e liberta\u00e7\u00e3o a todos, a qual prepara o caminho para a chegada Daquele que enviou O pr\u00f3prio Esp\u00edrito. Assim, cabe ao profeta <em>\u201cdar a boa-nova aos humildes, curar as feridas da alma, pregar a reden\u00e7\u00e3o para os cativos e a liberdade para os que est\u00e3o presos; apara proclamar o tempo da gra\u00e7a do Senhor\u201d (cf. Is 61,1-2a).<\/em><\/p>\n<p style=\"text-align: justify;\">\u00a0\u00a0\u00a0\u00a0\u00a0\u00a0\u00a0\u00a0 No Evangelho de Jo\u00e3o (Jo 1,6-8.19-28), apresenta Jo\u00e3o Batista \u2013 <em>\u201cum homem enviado por Deus\u201d \u2013<\/em> dando o testemunho da luz e reafirmando a profecia dada pelo Profeta Isa\u00edas a qual vimos no Evangelho do Segundo Domingo do Advento. Embora Jo\u00e3o Batista n\u00e3o era a luz, ele veio como testemunha da luz, afinal ele mesmo se declara: \u201c<em>Eu sou a voz que grita no deserto: &#8216;Aplainai o caminho do Senhor`\u201d (cf. Jo 1,23).<\/em> Assim, Jo\u00e3o Batista est\u00e1 interessado em levar ao conhecimento que o Messias, a Luz que \u00e9 Jesus, de fato foi enviado pelo Pai com uma proposta de vida definitiva e liberdade plena para os homens.<\/p>\n<p style=\"text-align: justify;\"><em>\u00a0\u00a0\u00a0\u00a0\u00a0\u00a0\u00a0\u00a0 <\/em>Ora, tudo isto \u00e9 visto com urg\u00eancia em preparar os cora\u00e7\u00f5es para o retorno Triunfante de Jesus Cristo. A Segunda Leitura extra\u00edda da Primeira Carta de S\u00e3o Paulo aos Tessalonicenses (1Ts 5,16-24), o ap\u00f3stolo exorta a comunidade em permanecer a vontade de Deus, n\u00e3o desprezando as profecias, afastando de toda esp\u00e9cie de maldade! E o Paulo intercede a todos: \u201c<em>Que o pr\u00f3prio Deus da paz vos santifique totalmente, e que tudo aquilo que sois &#8211; esp\u00edrito, alma, corpo &#8211;<\/em><\/p>\n<p style=\"text-align: justify;\"><em>seja conservado sem mancha alguma para a vinda de nosso Senhor Jesus Cristo!\u201d<\/em> <em>(cf. 1Ts 5,23).<\/em><\/p>\n<p style=\"text-align: justify;\">\u00a0\u00a0\u00a0\u00a0\u00a0\u00a0\u00a0\u00a0 Enfim, imersos na Palavra da Liturgia deste domingo <em>Gaudete<\/em>, possamos nos comprometer a intensificar a nossa f\u00e9 e nossa esperan\u00e7a na Vinda Gloriosa de Jesus. Certos de chegarmos \u00e0s alegrias da Salva\u00e7\u00e3o e celebr\u00e1-las sempre com intenso j\u00fabilo na solene liturgia.<\/p>\n<p style=\"text-align: justify;\">\n<p style=\"text-align: justify;\"><em>Maranatha! Vem Senhor Jesus!<\/em><\/p>\n<p style=\"text-align: justify;\"><em>\u00a0<\/em><\/p>\n<p style=\"text-align: justify;\"><em>Sauda\u00e7\u00f5es em Cristo!<\/em><\/p>\n","protected":false},"excerpt":{"rendered":"<p>\u201c(&#8230;) o Senhor Deus far\u00e1 germinar a justi\u00e7a e a sua gl\u00f3ria diante de todas as na\u00e7\u00f5es\u201d (cf. Is 61,11).\u00a0\u00a0\u00a0\u00a0\u00a0\u00a0\u00a0\u00a0 \u00a0\u00a0\u00a0\u00a0\u00a0\u00a0\u00a0\u00a0 Hoje avan\u00e7amos mais um passo para rememorar a Primeira Vinda do Salvador. E, a Liturgia, conforme a tradi\u00e7\u00e3o da Igreja, este Terceiro Domingo do Advento \u00e9 chamado de Gaudete, isto \u00e9 \u201cAlegrai-vos!\u201d Conforme a [&hellip;]<\/p>\n","protected":false},"author":10,"featured_media":55817,"comment_status":"open","ping_status":"closed","sticky":false,"template":"","format":"standard","meta":{"footnotes":""},"categories":[9],"tags":[],"class_list":["post-65074","post","type-post","status-publish","format-standard","has-post-thumbnail","hentry","category-artigos"],"_links":{"self":[{"href":"https:\/\/catolicanet.net\/wp-cnet\/wp-json\/wp\/v2\/posts\/65074","targetHints":{"allow":["GET"]}}],"collection":[{"href":"https:\/\/catolicanet.net\/wp-cnet\/wp-json\/wp\/v2\/posts"}],"about":[{"href":"https:\/\/catolicanet.net\/wp-cnet\/wp-json\/wp\/v2\/types\/post"}],"author":[{"embeddable":true,"href":"https:\/\/catolicanet.net\/wp-cnet\/wp-json\/wp\/v2\/users\/10"}],"replies":[{"embeddable":true,"href":"https:\/\/catolicanet.net\/wp-cnet\/wp-json\/wp\/v2\/comments?post=65074"}],"version-history":[{"count":1,"href":"https:\/\/catolicanet.net\/wp-cnet\/wp-json\/wp\/v2\/posts\/65074\/revisions"}],"predecessor-version":[{"id":65075,"href":"https:\/\/catolicanet.net\/wp-cnet\/wp-json\/wp\/v2\/posts\/65074\/revisions\/65075"}],"wp:featuredmedia":[{"embeddable":true,"href":"https:\/\/catolicanet.net\/wp-cnet\/wp-json\/wp\/v2\/media\/55817"}],"wp:attachment":[{"href":"https:\/\/catolicanet.net\/wp-cnet\/wp-json\/wp\/v2\/media?parent=65074"}],"wp:term":[{"taxonomy":"category","embeddable":true,"href":"https:\/\/catolicanet.net\/wp-cnet\/wp-json\/wp\/v2\/categories?post=65074"},{"taxonomy":"post_tag","embeddable":true,"href":"https:\/\/catolicanet.net\/wp-cnet\/wp-json\/wp\/v2\/tags?post=65074"}],"curies":[{"name":"wp","href":"https:\/\/api.w.org\/{rel}","templated":true}]}}