{"id":65065,"date":"2020-12-12T10:53:39","date_gmt":"2020-12-12T13:53:39","guid":{"rendered":"https:\/\/catolicanet.net\/wp-cnet\/?p=65065"},"modified":"2020-12-14T10:54:54","modified_gmt":"2020-12-14T13:54:54","slug":"alegrai-vos-3","status":"publish","type":"post","link":"https:\/\/catolicanet.net\/wp-cnet\/alegrai-vos-3\/","title":{"rendered":"Alegrai-vos"},"content":{"rendered":"<p style=\"text-align: justify;\">A tradi\u00e7\u00e3o lit\u00fargica da Igreja chama este Terceiro Domingo do Advento de<strong><em> Gaudete<\/em><\/strong>, isto \u00e9 \u201cAlegrai-vos!\u201d No Missal Romano, a ant\u00edfona de entrada exclama: \u201cAlegrai-vos sempre no Senhor. De novo eu vos digo: alegrai-vos! O Senhor est\u00e1 perto!\u201d (Fl 4, 4.5). Como express\u00e3o dessa alegria, pode-se usar no lugar do roxo, o r\u00f3seo, no tom conhecido como \u201crosa antigo\u201d. \u00c9 um roxo suavizado, que exprime a exulta\u00e7\u00e3o pela aproxima\u00e7\u00e3o do Santo Natal. Alegrai-vos! Alegremo-nos! O Senhor est\u00e1 perto! Est\u00e1 pr\u00f3ximo o Natal; est\u00e1 pr\u00f3xima a vinda do Senhor; est\u00e1 pr\u00f3ximo de n\u00f3s o Salvador nosso nos diversos momentos de nossa exist\u00eancia! Ele n\u00e3o \u00e9 Deus de longe; \u00e9 pr\u00f3ximo: seu nome ser\u00e1 para sempre Emanuel, Deus-conosco!<\/p>\n<p style=\"text-align: justify;\">\u00a0\u00a0\u00a0 \u00a0\u00a0\u00a0\u00a0 Alegrai-vos! H\u00e1 quem se alegre no pecado, h\u00e1 quem se alegre em futilidades, h\u00e1 quem, mesmo alegrando-se com coisas que valem a pena, esquece que toda alegria \u00e9 passageira. Quanto a v\u00f3s, car\u00edssimos, alegrai-vos com tudo quanto \u00e9 bom e louv\u00e1vel, mas colocai vossa maior e definitiva alegria no Senhor! Somente nele o cora\u00e7\u00e3o repousa plenamente, somente nele encontra-se a paz que dura mesmo em meio \u00e0 tribula\u00e7\u00e3o mais dura, somente nele o anseio mais profundo de nossa alma. Alegrai-vos! Mas seja o Senhor o fundamento da vossa alegria, a causa \u00faltima da vossa exulta\u00e7\u00e3o!<\/p>\n<p style=\"text-align: justify;\">\u00a0\u00a0\u00a0 \u00a0\u00a0\u00a0\u00a0 A alegria do mundo procede de coisas exteriores: nasce precisamente quando o homem consegue escapar de si pr\u00f3prio, quando olha para fora, quando consegue desviar o olhar do seu mundo interior, que produz solid\u00e3o porque \u00e9 olhar para o vazio. O crist\u00e3o leva a alegria dentro de si, porque encontra a Deus na sua alma em Gra\u00e7a. Esta \u00e9 a fonte da sua alegria! N\u00e3o nos \u00e9 dif\u00edcil imaginar a Virgem Maria, nestes dias do Advento, radiante de alegria com o Filho de Deus no seu seio. A alegria do mundo \u00e9 pobre e passageira. A alegria do crist\u00e3o \u00e9 profunda e capaz de subsistir no meio das dificuldades. \u00c9 compat\u00edvel com a dor, com a doen\u00e7a com o fracasso e as contradi\u00e7\u00f5es. \u201cEu vos darei uma alegria que ningu\u00e9m vos poder\u00e1 tirar\u201d (Jo 16,22), prometeu o Senhor. Nada nem ningu\u00e9m nos arrebatar\u00e1 essa paz gozosa, se n\u00e3o nos separarmos da sua fonte.<\/p>\n<p style=\"text-align: justify;\">\u00a0\u00a0\u00a0 \u00a0\u00a0\u00a0\u00a0 A liturgia deste domingo nos apresenta a primeira leitura \u2013 Isa\u00edas 61,1-2a.10-11 \u2013 o profeta Isa\u00edas anuncia um tempo novo, de vida plena. No contexto em que foi escrito esse texto, havia muita desigualdade social, muitos passavam fome, outros eram presos por causa do empobrecimento derivado de grandes d\u00edvidas causadas pelo aumento dos impostos. O \u201cAno da Gra\u00e7a\u201d ser\u00e1 o tempo definitivo, a plenitude da liberdade criadora de Deus, a qual, para n\u00f3s, crist\u00e3os, acontece com Jesus Cristo.<\/p>\n<p style=\"text-align: justify;\">\u00a0\u00a0\u00a0 \u00a0\u00a0\u00a0\u00a0 Na segunda leitura \u2013 1Ts 5,16-24 \u2013 S\u00e3o Paulo apresenta o cristianismo n\u00e3o como um conjunto de obriga\u00e7\u00f5es, mas como um modo de vida orientada para Deus na alegria, na ora\u00e7\u00e3o e na a\u00e7\u00e3o de gra\u00e7as. Na vida orientada para Deus, o discernimento \u00e9 um passo necess\u00e1rio para lidar com o inevit\u00e1vel risco de falsos carismas.<\/p>\n<p style=\"text-align: justify;\">\u00a0\u00a0\u00a0 \u00a0\u00a0\u00a0\u00a0 O Evangelho \u2013 Jo 1,6-8.19-28 \u2013 nos apresenta que Jo\u00e3o Batista foi \u201cenviado por Deus\u201d. Esta express\u00e3o \u00e9 frequentemente utilizada no Antigo Testamento e aqui significa que a miss\u00e3o do precursor n\u00e3o \u00e9 humana, mas est\u00e1 alicer\u00e7ada na vontade de Deus. O Evangelho faz clara distin\u00e7\u00e3o entre o precursor e Jesus. Jo\u00e3o veio como testemunha, o que indica o prop\u00f3sito da miss\u00e3o que Deus conferiu ao Batista. A afirma\u00e7\u00e3o de que Jo\u00e3o veio para \u201cdar testemunho da luz\u201d define mais especificamente a miss\u00e3o do precursor. O texto esclarece que a luz era o Verbo, o Filho de Deus.<\/p>\n<p style=\"text-align: justify;\">\u00a0\u00a0\u00a0 \u00a0\u00a0\u00a0\u00a0 Jo\u00e3o, ao final, identifica-se, recorrendo a uma cita\u00e7\u00e3o do profeta Isa\u00edas (Is 40,3). Ele n\u00e3o \u00e9 o Cristo nem o profeta, mas apenas uma voz conclamando as pessoas a se prepararem para a vinda de Cristo. \u00c9 aqui que a miss\u00e3o de Jo\u00e3o tem a ver conosco, hoje, ao nos prepararmos para o Natal e para a segunda vinda de Cristo. \u00c9 necess\u00e1rio prepararmos o caminho, isto \u00e9, remover todos os obst\u00e1culos que impedem a marcha da a\u00e7\u00e3o de Cristo em nossa vida.<\/p>\n<p style=\"text-align: justify;\">\u00a0\u00a0\u00a0 \u00a0\u00a0\u00a0\u00a0 Contudo, que sempre possamos ter o exemplo de S\u00e3o Jo\u00e3o Batista em sermos vozes que clamam no deserto, ou seja, crist\u00e3os comprometidos com a viv\u00eancia do Evangelho e com o an\u00fancio da Palavra e da Verdade que \u00e9 o pr\u00f3prio Cristo.<\/p>\n","protected":false},"excerpt":{"rendered":"<p>A tradi\u00e7\u00e3o lit\u00fargica da Igreja chama este Terceiro Domingo do Advento de Gaudete, isto \u00e9 \u201cAlegrai-vos!\u201d No Missal Romano, a ant\u00edfona de entrada exclama: \u201cAlegrai-vos sempre no Senhor. De novo eu vos digo: alegrai-vos! O Senhor est\u00e1 perto!\u201d (Fl 4, 4.5). Como express\u00e3o dessa alegria, pode-se usar no lugar do roxo, o r\u00f3seo, no tom [&hellip;]<\/p>\n","protected":false},"author":5,"featured_media":55819,"comment_status":"open","ping_status":"closed","sticky":false,"template":"","format":"standard","meta":{"footnotes":""},"categories":[9],"tags":[],"class_list":["post-65065","post","type-post","status-publish","format-standard","has-post-thumbnail","hentry","category-artigos"],"_links":{"self":[{"href":"https:\/\/catolicanet.net\/wp-cnet\/wp-json\/wp\/v2\/posts\/65065","targetHints":{"allow":["GET"]}}],"collection":[{"href":"https:\/\/catolicanet.net\/wp-cnet\/wp-json\/wp\/v2\/posts"}],"about":[{"href":"https:\/\/catolicanet.net\/wp-cnet\/wp-json\/wp\/v2\/types\/post"}],"author":[{"embeddable":true,"href":"https:\/\/catolicanet.net\/wp-cnet\/wp-json\/wp\/v2\/users\/5"}],"replies":[{"embeddable":true,"href":"https:\/\/catolicanet.net\/wp-cnet\/wp-json\/wp\/v2\/comments?post=65065"}],"version-history":[{"count":1,"href":"https:\/\/catolicanet.net\/wp-cnet\/wp-json\/wp\/v2\/posts\/65065\/revisions"}],"predecessor-version":[{"id":65066,"href":"https:\/\/catolicanet.net\/wp-cnet\/wp-json\/wp\/v2\/posts\/65065\/revisions\/65066"}],"wp:featuredmedia":[{"embeddable":true,"href":"https:\/\/catolicanet.net\/wp-cnet\/wp-json\/wp\/v2\/media\/55819"}],"wp:attachment":[{"href":"https:\/\/catolicanet.net\/wp-cnet\/wp-json\/wp\/v2\/media?parent=65065"}],"wp:term":[{"taxonomy":"category","embeddable":true,"href":"https:\/\/catolicanet.net\/wp-cnet\/wp-json\/wp\/v2\/categories?post=65065"},{"taxonomy":"post_tag","embeddable":true,"href":"https:\/\/catolicanet.net\/wp-cnet\/wp-json\/wp\/v2\/tags?post=65065"}],"curies":[{"name":"wp","href":"https:\/\/api.w.org\/{rel}","templated":true}]}}