{"id":65050,"date":"2020-12-14T09:45:12","date_gmt":"2020-12-14T12:45:12","guid":{"rendered":"https:\/\/catolicanet.net\/wp-cnet\/?p=65050"},"modified":"2020-12-14T10:46:39","modified_gmt":"2020-12-14T13:46:39","slug":"ano-de-sao-jose-conheca-estes-dados-sobre-o-novo-ano-convocado-pelo-papa-francisco","status":"publish","type":"post","link":"https:\/\/catolicanet.net\/wp-cnet\/ano-de-sao-jose-conheca-estes-dados-sobre-o-novo-ano-convocado-pelo-papa-francisco\/","title":{"rendered":"Ano de S\u00e3o Jos\u00e9: Conhe\u00e7a estes dados sobre o novo ano convocado pelo Papa Francisco"},"content":{"rendered":"<p style=\"text-align: justify;\">Na ter\u00e7a-feira, 8 de dezembro, o Papa Francisco convocou o Ano de S\u00e3o Jos\u00e9 para comemorar os 150 anos do decreto Quemadmodum Deus, com o qual o beato Pio IX declarou S\u00e3o Jos\u00e9 Padroeiro da\u00a0Igreja\u00a0universal.<\/p>\n<p style=\"text-align: justify;\">O Papa Francisco indicou que este ano est\u00e1 estabelecido para que &#8220;todos os fi\u00e9is com o seu exemplo (de S\u00e3o Jos\u00e9) possam fortalecer diariamente a sua\u00a0vida\u00a0de f\u00e9 em plena realiza\u00e7\u00e3o da vontade de Deus&#8221;.<\/p>\n<p style=\"text-align: justify;\">Conhe\u00e7a algumas informa\u00e7\u00f5es importantes sobre este ano dedicado ao guardi\u00e3o da Sagrada Fam\u00edlia e padroeiro dos trabalhadores:<\/p>\n<p style=\"text-align: justify;\"><strong>1. Por que a Igreja dedica anos a temas espec\u00edficos?<\/strong><\/p>\n<p style=\"text-align: justify;\">A Igreja observa a passagem do tempo atrav\u00e9s do calend\u00e1rio lit\u00fargico, que inclui feriados como a P\u00e1scoa e o\u00a0Natal, e \u00e9pocas como a\u00a0Quaresma\u00a0e o\u00a0Advento. No entanto, os papas podem reservar um tempo para refletir mais profundamente sobre um aspecto espec\u00edfico do ensinamento ou cren\u00e7a cat\u00f3lica.<\/p>\n<p style=\"text-align: justify;\">Alguns temas que os Papas escolheram recentemente s\u00e3o: o Ano da F\u00e9, o Ano da\u00a0Eucaristia\u00a0e o Ano do Jubileu da Miseric\u00f3rdia.<\/p>\n<p style=\"text-align: justify;\"><strong>2. Por que o Papa Francisco declarou o Ano de S\u00e3o Jos\u00e9?<\/strong><\/p>\n<p style=\"text-align: justify;\">Ao fazer o an\u00fancio, o Papa Francisco assinalou que este ano marca o 150\u00ba anivers\u00e1rio da proclama\u00e7\u00e3o do santo como Padroeiro da Igreja universal pelo Beato Papa Pio IX, em 8 de dezembro de 1870.<\/p>\n<p style=\"text-align: justify;\">O Santo Padre observou que a pandemia do coronav\u00edrus aumentou seu desejo de refletir sobre S\u00e3o Jos\u00e9, visto que muitas pessoas durante a pandemia fizeram esfor\u00e7os ocultos para proteger os outros, assim como S\u00e3o Jos\u00e9 silenciosamente protegeu e cuidou de Maria e Jesus.<\/p>\n<p style=\"text-align: justify;\">\u201cTodos podem encontrar em S\u00e3o Jos\u00e9 \u2013 o homem que passa despercebido, o homem da presen\u00e7a quotidiana discreta e escondida \u2013 um intercessor, um amparo e uma guia nos momentos de dificuldade\u201d, escreveu o Papa na carta apost\u00f3lica Patris corde.<\/p>\n<p style=\"text-align: justify;\">O Pont\u00edfice indicou que deseja destacar o papel de S\u00e3o Jos\u00e9 como um pai que serviu sua fam\u00edlia com caridade e humildade, acrescentando que \u201ca Igreja hoje precisa dos pais\u201d.<\/p>\n<p style=\"text-align: justify;\"><strong>3. Quando come\u00e7a e termina o Ano de S\u00e3o Jos\u00e9?<\/strong><\/p>\n<p style=\"text-align: justify;\">O ano come\u00e7ou em 8 de dezembro de 2020 e termina em 8 de dezembro de 2021.<\/p>\n<p style=\"text-align: justify;\"><strong>4. Que gra\u00e7as especiais podem ser obtidas este ano?<\/strong><\/p>\n<p style=\"text-align: justify;\">Durante o Ano de S\u00e3o Jos\u00e9, a Igreja Cat\u00f3lica conceder\u00e1 indulg\u00eancias de acordo com uma s\u00e9rie de condi\u00e7\u00f5es estabelecidas pela Penitenci\u00e1ria Apost\u00f3lica.<\/p>\n<p style=\"text-align: justify;\">Para lucrar a indulg\u00eancia plen\u00e1ria, devem ser satisfeitas as condi\u00e7\u00f5es prescritas pela Igreja para este fim: confiss\u00e3o sacramental, comunh\u00e3o eucar\u00edstica e ora\u00e7\u00e3o pelas inten\u00e7\u00f5es do Santo Padre.<\/p>\n<p style=\"text-align: justify;\">As indulg\u00eancias podem ser recebidas este ano por meio de mais de dezenas de ora\u00e7\u00f5es e a\u00e7\u00f5es diferentes, incluindo rezar pelos desempregados, confiar a S\u00e3o Jos\u00e9 o trabalho di\u00e1rio, realizar uma obra de miseric\u00f3rdia corporal ou espiritual, ou meditar por pelo menos 30 minutos na ora\u00e7\u00e3o do Pai-Nosso.<\/p>\n<p style=\"text-align: justify;\"><strong>5. Por que a Igreja honra S\u00e3o Jos\u00e9?<\/strong><\/p>\n<p style=\"text-align: justify;\">Os cat\u00f3licos n\u00e3o adoram os santos, mas pedem sua intercess\u00e3o celestial diante de Deus e procuram imitar suas virtudes aqui na terra.<\/p>\n<p style=\"text-align: justify;\">A Igreja Cat\u00f3lica homenageia S\u00e3o Jos\u00e9 como pai adotivo de Jesus e \u00e9 invocado como o santo padroeiro da Igreja universal. Ele tamb\u00e9m \u00e9 o padroeiro dos trabalhadores, dos pais e da boa morte.<\/p>\n<p style=\"text-align: justify;\"><em>Publicado originalmente em\u00a0<a href=\"https:\/\/www.aciprensa.com\/noticias\/ano-de-san-jose-conoce-estos-datos-sobre-el-nuevo-ano-convocado-por-el-papa-francisco-43363\">ACI Prensa.<\/a>\u00a0Traduzido e adaptado por Nath\u00e1lia Queiroz.<\/em><\/p>\n","protected":false},"excerpt":{"rendered":"<p>Na ter\u00e7a-feira, 8 de dezembro, o Papa Francisco convocou o Ano de S\u00e3o Jos\u00e9 para comemorar os 150 anos do decreto Quemadmodum Deus, com o qual o beato Pio IX declarou S\u00e3o Jos\u00e9 Padroeiro da\u00a0Igreja\u00a0universal. O Papa Francisco indicou que este ano est\u00e1 estabelecido para que &#8220;todos os fi\u00e9is com o seu exemplo (de S\u00e3o [&hellip;]<\/p>\n","protected":false},"author":1,"featured_media":65051,"comment_status":"open","ping_status":"closed","sticky":false,"template":"","format":"standard","meta":{"footnotes":""},"categories":[4],"tags":[],"class_list":["post-65050","post","type-post","status-publish","format-standard","has-post-thumbnail","hentry","category-cotidiano"],"_links":{"self":[{"href":"https:\/\/catolicanet.net\/wp-cnet\/wp-json\/wp\/v2\/posts\/65050","targetHints":{"allow":["GET"]}}],"collection":[{"href":"https:\/\/catolicanet.net\/wp-cnet\/wp-json\/wp\/v2\/posts"}],"about":[{"href":"https:\/\/catolicanet.net\/wp-cnet\/wp-json\/wp\/v2\/types\/post"}],"author":[{"embeddable":true,"href":"https:\/\/catolicanet.net\/wp-cnet\/wp-json\/wp\/v2\/users\/1"}],"replies":[{"embeddable":true,"href":"https:\/\/catolicanet.net\/wp-cnet\/wp-json\/wp\/v2\/comments?post=65050"}],"version-history":[{"count":1,"href":"https:\/\/catolicanet.net\/wp-cnet\/wp-json\/wp\/v2\/posts\/65050\/revisions"}],"predecessor-version":[{"id":65052,"href":"https:\/\/catolicanet.net\/wp-cnet\/wp-json\/wp\/v2\/posts\/65050\/revisions\/65052"}],"wp:featuredmedia":[{"embeddable":true,"href":"https:\/\/catolicanet.net\/wp-cnet\/wp-json\/wp\/v2\/media\/65051"}],"wp:attachment":[{"href":"https:\/\/catolicanet.net\/wp-cnet\/wp-json\/wp\/v2\/media?parent=65050"}],"wp:term":[{"taxonomy":"category","embeddable":true,"href":"https:\/\/catolicanet.net\/wp-cnet\/wp-json\/wp\/v2\/categories?post=65050"},{"taxonomy":"post_tag","embeddable":true,"href":"https:\/\/catolicanet.net\/wp-cnet\/wp-json\/wp\/v2\/tags?post=65050"}],"curies":[{"name":"wp","href":"https:\/\/api.w.org\/{rel}","templated":true}]}}