{"id":6501,"date":"2015-08-21T19:10:27","date_gmt":"2015-08-21T22:10:27","guid":{"rendered":"http:\/\/catolicanet.net\/wp-cnet\/qso-tu-tens-palavra-de-vita-eternaq\/"},"modified":"2017-04-11T14:43:48","modified_gmt":"2017-04-11T17:43:48","slug":"qso-tu-tens-palavra-de-vita-eternaq","status":"publish","type":"post","link":"https:\/\/catolicanet.net\/wp-cnet\/qso-tu-tens-palavra-de-vita-eternaq\/","title":{"rendered":"&#8220;S\u00f3 tu tens palavra de vita eterna&#8221;"},"content":{"rendered":"<p style=\"text-align: justify;\">\n<p>Tornava-se dif\u00edcil para os judeus ouvir Jesus. A proposta era, com toda certeza, bastante atraente, mas os tirava totalmente do caminho trilhado a que se haviam acostumado. Diante de Jesus, j\u00e1 n\u00e3o eram mais aqueles que conheciam as leis. Nem poderiam apresentar m\u00e9rito algum. Simplesmente, deveriam aceitar aquilo que Jesus dizia. Seguir Jesus de verdade exige sempre abandonar tudo e colocar-se em suas m\u00e3os. \u00c9 preciso abrir-se \u00e0 a\u00e7\u00e3o de Deus que nos guia por caminhos inimagin\u00e1veis.<br \/>Ao longo de sua vida p\u00fablica, Jesus se encontraria mais de uma vez com a rejei\u00e7\u00e3o de parte daqueles que o ouviam. N\u00e3o apenas isso. Mais de uma vez, tamb\u00e9m, aqueles que Ele havia escolhido para segui-lo deixariam o grupo para voltar atr\u00e1s, a seu mundo e \u00e0s suas ocupa\u00e7\u00f5es habituais. Era-lhes dif\u00edcil caminhar com Jesus, seguir seu ritmo. Com certeza, sua palavra e seu estilo de vida, sua prega\u00e7\u00e3o eram atraentes, mas tamb\u00e9m bastante exigentes. E haviam deixado para tr\u00e1s a pequena seguran\u00e7a de suas casas e de seus trabalhos, de suas fam\u00edlias e seus patr\u00edcios, seu mundo e seu lar.<br \/>O Evangelho do vig\u00e9simo primeiro domingo do Tempo Comum nos coloca frente a uma dessas situa\u00e7\u00f5es de crise no pr\u00f3prio grupo de Jesus. Diz expressamente que \u201cmuitos disc\u00edpulos voltaram atr\u00e1s e deixaram de ir com Ele\u201d. Mas tamb\u00e9m nos d\u00e1 a resposta corajosa de alguns outros. Certamente, nem uns nem outros sabiam com seguran\u00e7a qual seria o final do caminho. Mas aqueles que decidiram ficar estavam certos de que Jesus tinha palavras de vida eterna. Sua novidade os havia deslumbrado de tal forma que valia a pena deixar qualquer coisa para segui-lo. Foi Pedro, como em outras ocasi\u00f5es, o encarregado de responder em nome do grupo: \u201cSenhor, a quem ir\u00edamos n\u00f3s?\u201d Suas palavras foram solenes, mas por tr\u00e1s delas se escondia um longo processo de d\u00favidas e hesita\u00e7\u00f5es, passos adiante e passos para tr\u00e1s. Recordemos que este \u00e9 o mesmo Pedro que negaria Jesus por tr\u00eas vezes, durante a sua Paix\u00e3o. E que, enquanto isso, os demais disc\u00edpulos haviam fugido.<br \/>Para n\u00f3s, \u00e9 importante recordar essas palavras de Pedro. Nos momentos de dificuldade e de vacila\u00e7\u00e3o, quando sentimos a tenta\u00e7\u00e3o de abandonar Jesus, de deixar a comunidade, de nos entregarmos a uma vida c\u00f4moda e sem compromisso quando tudo corre bem, essas palavras podem ser convertidas em nossa ora\u00e7\u00e3o: \u201cSenhor, a quem ir\u00edamos n\u00f3s? S\u00f3 tu tens palavras de vida eterna\u201d. \u00c9 certo que nessas palavras encontramos a for\u00e7a para recome\u00e7ar.<\/p>\n","protected":false},"excerpt":{"rendered":"<p>Tornava-se dif\u00edcil para os judeus ouvir Jesus. A proposta era, com toda certeza, bastante atraente, mas os tirava totalmente do caminho trilhado a que se haviam acostumado. Diante de Jesus, j\u00e1 n\u00e3o eram mais aqueles que conheciam as leis. Nem poderiam apresentar m\u00e9rito algum. Simplesmente, deveriam aceitar aquilo que Jesus dizia. Seguir Jesus de verdade [&hellip;]<\/p>\n","protected":false},"author":10,"featured_media":0,"comment_status":"closed","ping_status":"closed","sticky":false,"template":"","format":"standard","meta":{"footnotes":""},"categories":[9],"tags":[],"class_list":["post-6501","post","type-post","status-publish","format-standard","hentry","category-artigos"],"_links":{"self":[{"href":"https:\/\/catolicanet.net\/wp-cnet\/wp-json\/wp\/v2\/posts\/6501","targetHints":{"allow":["GET"]}}],"collection":[{"href":"https:\/\/catolicanet.net\/wp-cnet\/wp-json\/wp\/v2\/posts"}],"about":[{"href":"https:\/\/catolicanet.net\/wp-cnet\/wp-json\/wp\/v2\/types\/post"}],"author":[{"embeddable":true,"href":"https:\/\/catolicanet.net\/wp-cnet\/wp-json\/wp\/v2\/users\/10"}],"replies":[{"embeddable":true,"href":"https:\/\/catolicanet.net\/wp-cnet\/wp-json\/wp\/v2\/comments?post=6501"}],"version-history":[{"count":1,"href":"https:\/\/catolicanet.net\/wp-cnet\/wp-json\/wp\/v2\/posts\/6501\/revisions"}],"predecessor-version":[{"id":11397,"href":"https:\/\/catolicanet.net\/wp-cnet\/wp-json\/wp\/v2\/posts\/6501\/revisions\/11397"}],"wp:attachment":[{"href":"https:\/\/catolicanet.net\/wp-cnet\/wp-json\/wp\/v2\/media?parent=6501"}],"wp:term":[{"taxonomy":"category","embeddable":true,"href":"https:\/\/catolicanet.net\/wp-cnet\/wp-json\/wp\/v2\/categories?post=6501"},{"taxonomy":"post_tag","embeddable":true,"href":"https:\/\/catolicanet.net\/wp-cnet\/wp-json\/wp\/v2\/tags?post=6501"}],"curies":[{"name":"wp","href":"https:\/\/api.w.org\/{rel}","templated":true}]}}