{"id":64967,"date":"2020-12-10T09:48:37","date_gmt":"2020-12-10T12:48:37","guid":{"rendered":"https:\/\/catolicanet.net\/wp-cnet\/?p=64967"},"modified":"2020-12-10T09:48:37","modified_gmt":"2020-12-10T12:48:37","slug":"encontro-no-vaticano-sobre-a-crise-humanitaria-na-siria-e-iraque","status":"publish","type":"post","link":"https:\/\/catolicanet.net\/wp-cnet\/encontro-no-vaticano-sobre-a-crise-humanitaria-na-siria-e-iraque\/","title":{"rendered":"Encontro no Vaticano sobre a crise humanit\u00e1ria na S\u00edria e Iraque"},"content":{"rendered":"<figure class=\"article__image\" style=\"text-align: justify;\"><span class=\"didascalia_img\">Fi\u00e9is sir\u00edaco-cat\u00f3licos na Igreja da Imaculada Concei\u00e7\u00e3o em Qaraqosh, Iraque\u00a0 (AFP or licensors)<\/span><\/figure>\n<div class=\"article__meta\">\n<div class=\"article__subTitle\" style=\"text-align: justify;\">Um encontro promovida pelo Dicast\u00e9rio para a Promo\u00e7\u00e3o do Desenvolvimento Humano Integral sobre a situa\u00e7\u00e3o nos dois pa\u00edses do Oriente M\u00e9dio, ser\u00e1 realizada na modalidade online nesta quinta-feira. Na abertura, ser\u00e1 transmitida uma mensagem em v\u00eddeo do Santo Padre<\/div>\n<div class=\"title__separator\" style=\"text-align: justify;\"><\/div>\n<div class=\"article__text \">\n<p style=\"text-align: justify;\"><b>Vatican News<\/b><\/p>\n<div style=\"text-align: justify;\">\n<div class=\"article__embed article__embed--unwrap article__embed--dark\">\n<div class=\"article__innerTitle\">Ou\u00e7a e compartilhe<\/div>\n<div>\n<!--[if lt IE 9]><script>document.createElement('audio');<\/script><![endif]-->\n<audio class=\"wp-audio-shortcode\" id=\"audio-64967-1\" preload=\"none\" style=\"width: 100%;\" controls=\"controls\"><source type=\"audio\/mpeg\" src=\"https:\/\/media.vaticannews.va\/media\/audio\/s1\/2020\/12\/10\/11\/135815766_F135815766.mp3?_=1\" \/><a href=\"https:\/\/media.vaticannews.va\/media\/audio\/s1\/2020\/12\/10\/11\/135815766_F135815766.mp3\">https:\/\/media.vaticannews.va\/media\/audio\/s1\/2020\/12\/10\/11\/135815766_F135815766.mp3<\/a><\/audio>\n<\/div>\n<\/div>\n<\/div>\n<p style=\"text-align: justify;\">Cerca de cinquenta organiza\u00e7\u00f5es de caridade cat\u00f3licas, representantes de episcopados locais e institui\u00e7\u00f5es eclesiais e Congrega\u00e7\u00f5es religiosas que atuam no Iraque e na S\u00edria em pa\u00edses vizinhos, al\u00e9m dos n\u00fancios apost\u00f3licos da regi\u00e3o, devem participar do encontro promovido pelo Dicast\u00e9rio para o Desenvolvimento Humano Integral sobre a crise humanit\u00e1ria nos dois pa\u00edses. O encontro, realizado na modalidade online, ser\u00e1 realizado nesta quinta-feira, 10, a partir das 16h00. Na abertura, ser\u00e1 transmitida uma mensagem em v\u00eddeo do Papa.<\/p>\n<h2 style=\"text-align: justify;\">Objetivos<\/h2>\n<p style=\"text-align: justify;\">\u201cO encontro &#8211; l\u00ea-se o comunicado &#8211; assume particular relev\u00e2ncia neste momento de pandemia e crise, que v\u00ea interligadas quest\u00f5es de sa\u00fade, econ\u00f4micas, sociais e pol\u00edticas. O objetivo do mesmo, em continuidade com o caminho percorrido nos \u00faltimos anos, \u00e9 proporcionar um momento de reflex\u00e3o, de comunh\u00e3o fraterna e de coordena\u00e7\u00e3o entre todas as institui\u00e7\u00f5es eclesiais envolvidas nas obras de caridade e assist\u00eancia em favor das popula\u00e7\u00f5es de toda regi\u00e3o do Oriente M\u00e9dio por esta crise humanit\u00e1ria, para a qual o Santo Padre tem repetidamente chamado a aten\u00e7\u00e3o da opini\u00e3o p\u00fablica\u201d.<\/p>\n<p style=\"text-align: justify;\">Trata-se tamb\u00e9m de uma ocasi\u00e3o para &#8220;fazer um balan\u00e7o do trabalho realizado at\u00e9 agora por organiza\u00e7\u00f5es de caridade cat\u00f3licas no contexto da crise no L\u00edbano e da pandemia de COVID-19, compartilhar informa\u00e7\u00f5es sobre a atual situa\u00e7\u00e3o e as respostas da Igreja&#8221; e de &#8220;discutir as quest\u00f5es cr\u00edticas surgidas e identificar prioridades para o futuro; analisar a situa\u00e7\u00e3o das comunidades crist\u00e3s residentes nos pa\u00edses afetados pela guerra, promovendo a sinergia entre as entidades eclesiais e a Igreja local. Especial aten\u00e7\u00e3o ser\u00e1 dada este ano ao tema do desenvolvimento integral, bem como \u00e0s perspectivas realistas de um retorno volunt\u00e1rio dos deslocados internos e refugiados \u00e0s suas comunidades de origem\u201d, continua.<\/p>\n<h2 style=\"text-align: justify;\">Ajuda humanit\u00e1ria<\/h2>\n<p style=\"text-align: justify;\">O conflito na S\u00edria e no Iraque produziu de fato uma das crises humanit\u00e1rias mais graves das \u00faltimas d\u00e9cadas. A Santa S\u00e9, al\u00e9m da atividade diplom\u00e1tica, participa ativamente dos programas de ajuda e assist\u00eancia humanit\u00e1ria.<\/p>\n<p style=\"text-align: justify;\">\u201cA rede eclesial, como um todo, destinou desde 2014 mais de 1 bilh\u00e3o de d\u00f3lares ao atendimento emergencial, chegando a mais de 4 milh\u00f5es de benefici\u00e1rios individuais por ano\u201d, explica o comunicado, dando a conhecer tamb\u00e9m que \u201csegundo fontes da ONU, atualmente s\u00e3o 11 milh\u00f5es de pessoas que ainda precisam de assist\u00eancia humanit\u00e1ria na S\u00edria, enquanto mais de 6 milh\u00f5es est\u00e3o deslocados internamente; no Iraque, os n\u00fameros somam, respectivamente, mais de 4 milh\u00f5es de pessoas que precisam de assist\u00eancia humanit\u00e1ria e mais de 1 milh\u00e3o de deslocados internos. No entanto, destaca-se que todos os pa\u00edses da regi\u00e3o s\u00e3o afetados pela grave crise humanit\u00e1ria, em particular L\u00edbano, Turquia, Jord\u00e2nia\u201d.<\/p>\n<h2 style=\"text-align: justify;\">Participantes<\/h2>\n<p style=\"text-align: justify;\">A abertura do encontro, com a modera\u00e7\u00e3o do subsecret\u00e1rio do Dicast\u00e9rio para a Promo\u00e7\u00e3o do Desenvolvimento Humano Integral, Dom Segundo Tejado Mu\u00f1oz, e da Dra. Moira Monacelli, da\u00a0<i>Caritas Internationalis<\/i>, ter\u00e1 a ora\u00e7\u00e3o de abertura de Dom Bruno Marie Duff\u00e9, secret\u00e1rio do Dicast\u00e9rio e, posteriormente, ser\u00e1 lido o discurso introdut\u00f3rio do cardeal Pietro Parolin, secret\u00e1rio de Estado.<\/p>\n<p style=\"text-align: justify;\">Segue-se uma sess\u00e3o dedicada \u00e0 situa\u00e7\u00e3o pol\u00edtico-diplom\u00e1tica, com a interven\u00e7\u00e3o de Dom Paul Richard Gallagher, secret\u00e1rio para as Rela\u00e7\u00f5es com os Estados, e do cardeal Mario Zenari, N\u00fancio Apost\u00f3lico na S\u00edria.<\/p>\n<p style=\"text-align: justify;\">Seguir-se-\u00e1 uma sess\u00e3o sobre o papel da Igreja na S\u00edria e no Iraque, na qual falar\u00e1 o cardeal Leonardo Sandri, prefeito da Congrega\u00e7\u00e3o para as Igrejas Orientais e uma sess\u00e3o que aprofundar\u00e1 o tema dos migrantes e deslocados internos, que contar\u00e1 com as interven\u00e7\u00f5es do Dr. Filippo Grandi, Alto Comissariado das Na\u00e7\u00f5es Unidas para Refugiados (ACNUR), e Dr. Pascale Debbane, Oficial da Se\u00e7\u00e3o de Migrantes e Refugiados do Dicast\u00e9rio para o Desenvolvimento Humano Integral, moderado pelo subsecret\u00e1rio da Se\u00e7\u00e3o de Migrantes e Refugiados, padre Fabio Baggio.<\/p>\n<p style=\"text-align: justify;\">Em seguida, uma sess\u00e3o sobre as ag\u00eancias cat\u00f3licas e seu trabalho na transi\u00e7\u00e3o da fase de emerg\u00eancia para a de desenvolvimento integral, da qual participar\u00e1 o cardeal Peter K.A. Turkson, prefeito do Dicast\u00e9rio, e o Dr. Aloysius John, secret\u00e1rio geral da\u00a0<i>Caritas Internationalis.<\/i><\/p>\n<\/div>\n<\/div>\n","protected":false},"excerpt":{"rendered":"<p>Fi\u00e9is sir\u00edaco-cat\u00f3licos na Igreja da Imaculada Concei\u00e7\u00e3o em Qaraqosh, Iraque\u00a0 (AFP or licensors) Um encontro promovida pelo Dicast\u00e9rio para a Promo\u00e7\u00e3o do Desenvolvimento Humano Integral sobre a situa\u00e7\u00e3o nos dois pa\u00edses do Oriente M\u00e9dio, ser\u00e1 realizada na modalidade online nesta quinta-feira. Na abertura, ser\u00e1 transmitida uma mensagem em v\u00eddeo do Santo Padre Vatican News Ou\u00e7a [&hellip;]<\/p>\n","protected":false},"author":1,"featured_media":64968,"comment_status":"open","ping_status":"closed","sticky":false,"template":"","format":"standard","meta":{"footnotes":""},"categories":[3],"tags":[],"class_list":["post-64967","post","type-post","status-publish","format-standard","has-post-thumbnail","hentry","category-vaticano"],"_links":{"self":[{"href":"https:\/\/catolicanet.net\/wp-cnet\/wp-json\/wp\/v2\/posts\/64967","targetHints":{"allow":["GET"]}}],"collection":[{"href":"https:\/\/catolicanet.net\/wp-cnet\/wp-json\/wp\/v2\/posts"}],"about":[{"href":"https:\/\/catolicanet.net\/wp-cnet\/wp-json\/wp\/v2\/types\/post"}],"author":[{"embeddable":true,"href":"https:\/\/catolicanet.net\/wp-cnet\/wp-json\/wp\/v2\/users\/1"}],"replies":[{"embeddable":true,"href":"https:\/\/catolicanet.net\/wp-cnet\/wp-json\/wp\/v2\/comments?post=64967"}],"version-history":[{"count":1,"href":"https:\/\/catolicanet.net\/wp-cnet\/wp-json\/wp\/v2\/posts\/64967\/revisions"}],"predecessor-version":[{"id":64969,"href":"https:\/\/catolicanet.net\/wp-cnet\/wp-json\/wp\/v2\/posts\/64967\/revisions\/64969"}],"wp:featuredmedia":[{"embeddable":true,"href":"https:\/\/catolicanet.net\/wp-cnet\/wp-json\/wp\/v2\/media\/64968"}],"wp:attachment":[{"href":"https:\/\/catolicanet.net\/wp-cnet\/wp-json\/wp\/v2\/media?parent=64967"}],"wp:term":[{"taxonomy":"category","embeddable":true,"href":"https:\/\/catolicanet.net\/wp-cnet\/wp-json\/wp\/v2\/categories?post=64967"},{"taxonomy":"post_tag","embeddable":true,"href":"https:\/\/catolicanet.net\/wp-cnet\/wp-json\/wp\/v2\/tags?post=64967"}],"curies":[{"name":"wp","href":"https:\/\/api.w.org\/{rel}","templated":true}]}}