{"id":64964,"date":"2020-12-10T09:45:20","date_gmt":"2020-12-10T12:45:20","guid":{"rendered":"https:\/\/catolicanet.net\/wp-cnet\/?p=64964"},"modified":"2020-12-10T09:45:20","modified_gmt":"2020-12-10T12:45:20","slug":"com-doacao-do-papa-refugiados-em-cabo-delgado-terao-2-centros-de-saude","status":"publish","type":"post","link":"https:\/\/catolicanet.net\/wp-cnet\/com-doacao-do-papa-refugiados-em-cabo-delgado-terao-2-centros-de-saude\/","title":{"rendered":"Com doa\u00e7\u00e3o do Papa, refugiados em Cabo Delgado ter\u00e3o 2 centros de sa\u00fade"},"content":{"rendered":"<div class=\"article__subTitle\" style=\"text-align: justify;\">A regi\u00e3o de Cabo Delgado \u00e9 assolada desde 2017 por uma insurrei\u00e7\u00e3o liderada por um grupo que se autoproclamou filiado ao Estado Isl\u00e2mico, o que resultou na morte de mais de 2.300 pessoas e no deslocamento de pelo menos 600.000 habitantes.<\/div>\n<div class=\"title__separator\" style=\"text-align: justify;\"><\/div>\n<div class=\"article__text \">\n<p style=\"text-align: justify;\"><b>Vatican News<\/b><\/p>\n<p style=\"text-align: justify;\">Gra\u00e7as \u00e0 doa\u00e7\u00e3o do Papa Francisco \u00e0 Diocese de Pemba, capital da prov\u00edncia de Cabo Delgado, no norte de Mo\u00e7ambique, ser\u00e3o constru\u00eddos dois centros de sa\u00fade. Desde 2017 a regi\u00e3o \u00e9 assolada por uma insurrei\u00e7\u00e3o liderada por um grupo que se autoproclamou filiado ao Estado Isl\u00e2mico, o que resultou na morte de mais de 2.300 pessoas e no deslocamento de pelo menos 600.000 habitantes.<\/p>\n<p style=\"text-align: justify;\">\u201cExistem dois centros de sa\u00fade, um em Chi\u00fare, o distrito mais populoso de Cabo Delgado, e outro em Montepuez, no sudoeste da prov\u00edncia, longe dos ataques dos rebeldes e um dos locais seguros para onde os deslocados internos tentam escapar\u201d, explicou o bispo de Pemba, Dom Luiz Fernando Lisboa, ao agradecer ao Papa Francisco a sua oferta.<\/p>\n<div style=\"text-align: justify;\">\n<aside class=\"article__readmore inEvidence\">\n<div class=\"teaser--labelEvidence teaser teaser--type-article teaser2x1--inEvidence\">\n<article>\n<div class=\"teaser__contentWrapper\">\n<figure class=\"teaser__image\"><picture><img decoding=\"async\" class=\"loaded\" src=\"https:\/\/www.vaticannews.va\/content\/dam\/vaticannews\/multimedia\/2020\/12\/07\/CABO-DELGADO---RELIGIOSASaem.jpg\/_jcr_content\/renditions\/cq5dam.thumbnail.cropped.500.281.jpeg\" alt=\"Portugal\/CNJP: \u201cOuvir o grito do povo de Cabo Delgado\u201d\" data-original=\"\/content\/dam\/vaticannews\/multimedia\/2020\/12\/07\/CABO-DELGADO---RELIGIOSASaem.jpg\/_jcr_content\/renditions\/cq5dam.thumbnail.cropped.500.281.jpeg\" data-was-processed=\"true\" \/><\/picture><\/figure>\n<div class=\"teaser__info\">07\/12\/2020<\/p>\n<div class=\"vn_social_inline_share_toolbox\" data-description=\"\" data-title=\"Portugal\/CNJP: \u201cOuvir o grito do povo de Cabo Delgado\u201d\" data-url=\"https:\/\/www.vaticannews.va\/pt\/igreja\/news\/2020-12\/portugal-santidade-itinerario-vida.html\" data-media=\"https:\/\/www.vaticannews.va\/content\/dam\/vaticannews\/multimedia\/2020\/12\/07\/CABO-DELGADO---RELIGIOSASaem.jpg\/_jcr_content\/renditions\/cq5dam.thumbnail.cropped.500.281.jpeg\"><\/div>\n<\/div>\n<h2 class=\"teaser__title\"><a title=\"Portugal\/CNJP: \u201cOuvir o grito do povo de Cabo Delgado\u201d\" href=\"https:\/\/www.vaticannews.va\/pt\/igreja\/news\/2020-12\/portugal-santidade-itinerario-vida.html\">Portugal\/CNJP: \u201cOuvir o grito do povo de Cabo Delgado\u201d<\/a><\/h2>\n<div class=\"teaser__text\">Comiss\u00e3o Nacional Justi\u00e7a e Paz alerta para a crise humanit\u00e1ria do povo de Cabo Delgado, no norte de Mo\u00e7ambique, e lan\u00e7a um apelo contra a indiferen\u00e7a.<\/div>\n<\/div>\n<\/article>\n<\/div>\n<\/aside>\n<\/div>\n<p style=\"text-align: justify;\">\n<p style=\"text-align: justify;\">\u201cNum gesto de caridade pastoral, o Papa Francisco ofereceu-nos 100.000 euros para ajudar os deslocados\u201d, disse Dom Lisboa, destacando que a decis\u00e3o de construir os dois centros de sa\u00fade foi tomada ap\u00f3s consulta aos respons\u00e1veis \u200b\u200bpela assist\u00eancia aos deslocados.<\/p>\n<p style=\"text-align: justify;\">Para as fam\u00edlias que fogem da guerra, metade delas crian\u00e7as, os cuidados de sa\u00fade est\u00e3o entre as principais necessidades, depois de terem perdido tudo, devido \u00e0 fome e aos longos dias de fuga no mato. Dentro de dois a tr\u00eas meses, os dois centros dever\u00e3o come\u00e7ar a atender os deslocados.<\/p>\n<p style=\"text-align: justify;\">O bispo de Pemba considera importante a interven\u00e7\u00e3o do Papa Francisco, pois tem permitido manter viva a aten\u00e7\u00e3o internacional sobre a prov\u00edncia mo\u00e7ambicana tamb\u00e9m numa perspectiva de futuro. \u201cSe a guerra acabasse hoje, ainda seriam necess\u00e1rios v\u00e1rios anos para reconstruir o tecido social da prov\u00edncia\u201d, sublinha o prelado.<\/p>\n<p style=\"text-align: justify;\">\u201cDepois que o Papa come\u00e7ou a falar sobre Cabo Delgado \u2013 constata o prelado &#8211; houve uma maior aten\u00e7\u00e3o por parte de muitos grupos, organiza\u00e7\u00f5es e at\u00e9 de diferentes pa\u00edses. Creio que a sua figura, forte, tenha dado uma contribui\u00e7\u00e3o para tornar esta crise n\u00e3o s\u00f3 nossa, dos habitantes de Cabo Delgado, mas uma crise pela qual o mundo inteiro deve ser respons\u00e1vel\u201d.<\/p>\n<p style=\"text-align: justify;\">Ag\u00eancia Fides &#8211; LM<\/p>\n<p><img decoding=\"async\" src=\"https:\/\/www.vaticannews.va\/content\/dam\/vaticannews\/agenzie\/images\/afp\/2020\/12\/10\/10\/1607591041142.jpg\/_jcr_content\/renditions\/cq5dam.thumbnail.cropped.750.422.jpeg\" alt=\"TOPSHOT-MOZAMBIQUE-UNREST-DISPLACED\" \/><\/p>\n<\/div>\n<div class=\"article__embed article__embed--out article__embed--dark article__embed--photogallery\">\n<div class=\"embed-gallery flickity-enabled is-draggable\" tabindex=\"0\" data-pswp-uid=\"1\">\n<div class=\"flickity-viewport\">\n<div class=\"flickity-slider\">\n<figure class=\"embed-gallery__item is-selected\"><figcaption><a title=\"TOPSHOT-MOZAMBIQUE-UNREST-DISPLACED\" href=\"https:\/\/www.vaticannews.va\/content\/dam\/vaticannews\/agenzie\/images\/afp\/2020\/12\/09\/21\/1607545787282.jpg\/_jcr_content\/renditions\/cq5dam.thumbnail.cropped.1000.563.jpeg\" data-href-large=\"\/content\/dam\/vaticannews\/agenzie\/images\/afp\/2020\/12\/09\/21\/1607545787282.jpg\/_jcr_content\/renditions\/cq5dam.thumbnail.cropped.1500.844.jpeg\" data-size=\"1000x563\" data-size-large=\"1500x844\" aria-label=\"TOPSHOT-MOZAMBIQUE-UNREST-DISPLACED\"><picture><img decoding=\"async\" class=\"embed-gallery__img loaded\" title=\"TOPSHOT-MOZAMBIQUE-UNREST-DISPLACED\" src=\"https:\/\/www.vaticannews.va\/content\/dam\/vaticannews\/agenzie\/images\/afp\/2020\/12\/09\/21\/1607545787282.jpg\/_jcr_content\/renditions\/cq5dam.thumbnail.cropped.750.422.jpeg\" alt=\"TOPSHOT-MOZAMBIQUE-UNREST-DISPLACED\" data-original=\"\/content\/dam\/vaticannews\/agenzie\/images\/afp\/2020\/12\/09\/21\/1607545787282.jpg\/_jcr_content\/renditions\/cq5dam.thumbnail.cropped.750.422.jpeg\" data-was-processed=\"true\" \/><\/picture><\/a><\/figcaption><\/figure>\n<figure class=\"embed-gallery__item\"><figcaption><\/figcaption><a title=\"MOZAMBIQUE-UNREST-DISPLACED\" href=\"https:\/\/www.vaticannews.va\/content\/dam\/vaticannews\/agenzie\/images\/afp\/2020\/12\/09\/21\/1607545769124.jpg\/_jcr_content\/renditions\/cq5dam.thumbnail.cropped.1000.563.jpeg\" data-href-large=\"\/content\/dam\/vaticannews\/agenzie\/images\/afp\/2020\/12\/09\/21\/1607545769124.jpg\/_jcr_content\/renditions\/cq5dam.thumbnail.cropped.1500.844.jpeg\" data-size=\"1000x563\" data-size-large=\"1500x844\" aria-label=\"MOZAMBIQUE-UNREST-DISPLACED\"><picture><img decoding=\"async\" class=\"embed-gallery__img loaded\" title=\"MOZAMBIQUE-UNREST-DISPLACED\" src=\"https:\/\/www.vaticannews.va\/content\/dam\/vaticannews\/agenzie\/images\/afp\/2020\/12\/09\/21\/1607545769124.jpg\/_jcr_content\/renditions\/cq5dam.thumbnail.cropped.750.422.jpeg\" alt=\"MOZAMBIQUE-UNREST-DISPLACED\" data-original=\"\/content\/dam\/vaticannews\/agenzie\/images\/afp\/2020\/12\/09\/21\/1607545769124.jpg\/_jcr_content\/renditions\/cq5dam.thumbnail.cropped.750.422.jpeg\" data-was-processed=\"true\" \/><\/picture><\/a><\/figure>\n<p><img decoding=\"async\" src=\"https:\/\/www.vaticannews.va\/content\/dam\/vaticannews\/agenzie\/images\/afp\/2020\/12\/09\/21\/1607545770420.jpg\/_jcr_content\/renditions\/cq5dam.thumbnail.cropped.750.422.jpeg\" alt=\"MOZAMBIQUE-UNREST-DISPLACED\" \/><\/p>\n<p><img decoding=\"async\" src=\"https:\/\/www.vaticannews.va\/content\/dam\/vaticannews\/agenzie\/images\/afp\/2020\/12\/09\/21\/1607545766564.jpg\/_jcr_content\/renditions\/cq5dam.thumbnail.cropped.750.422.jpeg\" alt=\"MOZAMBIQUE-UNREST-DISPLACED\" \/><\/p>\n<p>&nbsp;<\/p>\n<figure class=\"embed-gallery__item\"><figcaption><\/figcaption><\/figure>\n<\/div>\n<\/div>\n<\/div>\n<\/div>\n","protected":false},"excerpt":{"rendered":"<p>A regi\u00e3o de Cabo Delgado \u00e9 assolada desde 2017 por uma insurrei\u00e7\u00e3o liderada por um grupo que se autoproclamou filiado ao Estado Isl\u00e2mico, o que resultou na morte de mais de 2.300 pessoas e no deslocamento de pelo menos 600.000 habitantes. Vatican News Gra\u00e7as \u00e0 doa\u00e7\u00e3o do Papa Francisco \u00e0 Diocese de Pemba, capital da [&hellip;]<\/p>\n","protected":false},"author":1,"featured_media":64965,"comment_status":"open","ping_status":"closed","sticky":false,"template":"","format":"standard","meta":{"footnotes":""},"categories":[3],"tags":[],"class_list":["post-64964","post","type-post","status-publish","format-standard","has-post-thumbnail","hentry","category-vaticano"],"_links":{"self":[{"href":"https:\/\/catolicanet.net\/wp-cnet\/wp-json\/wp\/v2\/posts\/64964","targetHints":{"allow":["GET"]}}],"collection":[{"href":"https:\/\/catolicanet.net\/wp-cnet\/wp-json\/wp\/v2\/posts"}],"about":[{"href":"https:\/\/catolicanet.net\/wp-cnet\/wp-json\/wp\/v2\/types\/post"}],"author":[{"embeddable":true,"href":"https:\/\/catolicanet.net\/wp-cnet\/wp-json\/wp\/v2\/users\/1"}],"replies":[{"embeddable":true,"href":"https:\/\/catolicanet.net\/wp-cnet\/wp-json\/wp\/v2\/comments?post=64964"}],"version-history":[{"count":1,"href":"https:\/\/catolicanet.net\/wp-cnet\/wp-json\/wp\/v2\/posts\/64964\/revisions"}],"predecessor-version":[{"id":64966,"href":"https:\/\/catolicanet.net\/wp-cnet\/wp-json\/wp\/v2\/posts\/64964\/revisions\/64966"}],"wp:featuredmedia":[{"embeddable":true,"href":"https:\/\/catolicanet.net\/wp-cnet\/wp-json\/wp\/v2\/media\/64965"}],"wp:attachment":[{"href":"https:\/\/catolicanet.net\/wp-cnet\/wp-json\/wp\/v2\/media?parent=64964"}],"wp:term":[{"taxonomy":"category","embeddable":true,"href":"https:\/\/catolicanet.net\/wp-cnet\/wp-json\/wp\/v2\/categories?post=64964"},{"taxonomy":"post_tag","embeddable":true,"href":"https:\/\/catolicanet.net\/wp-cnet\/wp-json\/wp\/v2\/tags?post=64964"}],"curies":[{"name":"wp","href":"https:\/\/api.w.org\/{rel}","templated":true}]}}