{"id":64950,"date":"2020-12-08T08:41:44","date_gmt":"2020-12-08T11:41:44","guid":{"rendered":"https:\/\/catolicanet.net\/wp-cnet\/?p=64950"},"modified":"2020-12-08T10:42:47","modified_gmt":"2020-12-08T13:42:47","slug":"emanuel-justo-pacifico-e-solidario","status":"publish","type":"post","link":"https:\/\/catolicanet.net\/wp-cnet\/emanuel-justo-pacifico-e-solidario\/","title":{"rendered":"Emanuel: justo, pac\u00edfico e solid\u00e1rio"},"content":{"rendered":"<p style=\"text-align: justify;\">Muitos foram os s\u00e9culos, em que a criatura humana passou a gemer seu pecado, sem nenhum raio de sol e se queixando na sua pr\u00f3pria sombra e abismo. Deus, no entanto, promete um salvador, numa did\u00e1tica a ensinar a todos os homens que s\u00f3 se pode superar os empecilhos, no sentido mais pleno, quando se consegue destruir o pecado e tudo que lhe \u00e9 contr\u00e1rio, favorecido pelo dom da compaix\u00e3o e da gra\u00e7a divina. \u00c9 a promessa feita pelo nosso Deus, que renova, perpassando a hist\u00f3ria, n\u00e3o limitada somente ao povo de Israel, mas que se volta \u00e0 humanidade inteira. Pensemos no pecado e na queda do primeiro homem, Ad\u00e3o. Nele o plano divino: nossos primeiros pais, criados \u00e0 imagem e semelhan\u00e7a de Deus, em estado de gra\u00e7a e santidade, sendo presenteados com dignidade de filhos de Deus.<\/p>\n<p style=\"text-align: justify;\">A sabedoria de Deus \u00e9 pelo reino da paz, da justi\u00e7a e da verdade que se estabelece e se manifesta ao mundo, indo ao encontro das criaturas humanas, neste tempo do Advento, tempo este que precede o Natal do Senhor. Da nossa parte, como criaturas de Deus, cabe acolher, como dom e gra\u00e7a, o esplendor e a plenitude da paz, aquela paz encantadora, proclamada numa inaudita melodia pela multid\u00e3o dos anjos da coorte celestial: \u201cGl\u00f3ria a Deus nas alturas e paz na terra aos homens de boa vontade\u201d (Lc 2, 14). Na insignific\u00e2ncia e na fragilidade do mist\u00e9rio da crian\u00e7a da estribaria, comporta a exulta\u00e7\u00e3o na mais extrema alegria, com a presen\u00e7a de um Deus no meio da humanidade, no engrandecimento e na exalta\u00e7\u00e3o da dignidade humana.<\/p>\n<p style=\"text-align: justify;\">No Senhor, em quem \u2013 com toda disposi\u00e7\u00e3o \u2013 confiamos e nele se encontra nossa \u00fanica esperan\u00e7a, na certeza de que todo vale ser\u00e1 aterrado, toda montanha e colina ser\u00e3o rebaixadas, tamb\u00e9m as passagens tortuosas ficar\u00e3o retas e os caminhos acidentados ficar\u00e3o nivelados (cf. Is 40, 3-4). Deus se manifesta a todos os povos da terra, em meio aos vales de preconceitos e racismo, fac\u00e7\u00f5es, chacinas e guerras das montanhas acidentadas da vida humana, sem esquecer das passagens e dos caminhos tortuosos a serem percorridos pelos migrantes e refugiados.<\/p>\n<p style=\"text-align: justify;\">No Cristo, que \u00e9 nossa paz, que se volte o nosso olhar d\u00f3cil e af\u00e1vel para a realidade das festividades de final de ano, nas quais estamos inseridos, na convic\u00e7\u00e3o em Deus de que n\u00e3o seja s\u00f3 \u201cfestividade ilus\u00f3ria\u201d, mas, sim, em Deus uma \u201cnova festividade\u201d, mesmo com o desafio da pandemia e suas consequ\u00eancias, nas cruzes a carregar. Que no Emanuel, a nos visitar neste tempo aben\u00e7oado, como rei justo, solid\u00e1rio e pac\u00edfico, longe do \u00f3dio, da inveja e de todo mal, aplainem-se as elevadas e acidentadas montanhas do nosso cora\u00e7\u00e3o, dando-nos a esperan\u00e7a que n\u00e3o ilude. Assim seja!<\/p>\n","protected":false},"excerpt":{"rendered":"<p>Muitos foram os s\u00e9culos, em que a criatura humana passou a gemer seu pecado, sem nenhum raio de sol e se queixando na sua pr\u00f3pria sombra e abismo. Deus, no entanto, promete um salvador, numa did\u00e1tica a ensinar a todos os homens que s\u00f3 se pode superar os empecilhos, no sentido mais pleno, quando se [&hellip;]<\/p>\n","protected":false},"author":6,"featured_media":55824,"comment_status":"open","ping_status":"closed","sticky":false,"template":"","format":"standard","meta":{"footnotes":""},"categories":[9],"tags":[],"class_list":["post-64950","post","type-post","status-publish","format-standard","has-post-thumbnail","hentry","category-artigos"],"_links":{"self":[{"href":"https:\/\/catolicanet.net\/wp-cnet\/wp-json\/wp\/v2\/posts\/64950","targetHints":{"allow":["GET"]}}],"collection":[{"href":"https:\/\/catolicanet.net\/wp-cnet\/wp-json\/wp\/v2\/posts"}],"about":[{"href":"https:\/\/catolicanet.net\/wp-cnet\/wp-json\/wp\/v2\/types\/post"}],"author":[{"embeddable":true,"href":"https:\/\/catolicanet.net\/wp-cnet\/wp-json\/wp\/v2\/users\/6"}],"replies":[{"embeddable":true,"href":"https:\/\/catolicanet.net\/wp-cnet\/wp-json\/wp\/v2\/comments?post=64950"}],"version-history":[{"count":1,"href":"https:\/\/catolicanet.net\/wp-cnet\/wp-json\/wp\/v2\/posts\/64950\/revisions"}],"predecessor-version":[{"id":64951,"href":"https:\/\/catolicanet.net\/wp-cnet\/wp-json\/wp\/v2\/posts\/64950\/revisions\/64951"}],"wp:featuredmedia":[{"embeddable":true,"href":"https:\/\/catolicanet.net\/wp-cnet\/wp-json\/wp\/v2\/media\/55824"}],"wp:attachment":[{"href":"https:\/\/catolicanet.net\/wp-cnet\/wp-json\/wp\/v2\/media?parent=64950"}],"wp:term":[{"taxonomy":"category","embeddable":true,"href":"https:\/\/catolicanet.net\/wp-cnet\/wp-json\/wp\/v2\/categories?post=64950"},{"taxonomy":"post_tag","embeddable":true,"href":"https:\/\/catolicanet.net\/wp-cnet\/wp-json\/wp\/v2\/tags?post=64950"}],"curies":[{"name":"wp","href":"https:\/\/api.w.org\/{rel}","templated":true}]}}