{"id":64940,"date":"2020-12-08T09:31:16","date_gmt":"2020-12-08T12:31:16","guid":{"rendered":"https:\/\/catolicanet.net\/wp-cnet\/?p=64940"},"modified":"2020-12-08T10:32:26","modified_gmt":"2020-12-08T13:32:26","slug":"a-imaculada-conceicao-como-o-misterio-de-maria-ilumina-o-advento","status":"publish","type":"post","link":"https:\/\/catolicanet.net\/wp-cnet\/a-imaculada-conceicao-como-o-misterio-de-maria-ilumina-o-advento\/","title":{"rendered":"A Imaculada Concei\u00e7\u00e3o: como o mist\u00e9rio de Maria ilumina o Advento?"},"content":{"rendered":"<h2 class=\"subtitle\" style=\"text-align: justify;\">No dia 8 de dezembro, celebramos a Imaculada Concei\u00e7\u00e3o.\u00a0Por que este mist\u00e9rio de Maria \u00e9 importante em nossa vida?<\/h2>\n<p style=\"text-align: justify;\">Lourdes, 3 de mar\u00e7o de 1858. \u00c0s margens do Gave, na gruta \u00famida e escura de Massabielle, uma mulher aparece pela d\u00e9cima quarta vez em vinte dias a Bernadette, uma crian\u00e7a local.\u00a0Conduzida, naquele dia, por seu padre que queria saber a identidade desta \u201cBela Dama\u201d, a jovem a questiona.\u00a0Em troca, recebe um sorriso.\u00a0Esse sorriso \u00e9 a primeira resposta dessa mulher \u00e0 adolescente que quer saber o nome da Dama.\u00a0Antes de se apresentar, no dia 25 de mar\u00e7o, como \u201ca Imaculada Concei\u00e7\u00e3o\u201d, d\u00e1-se a contemplar o seu sorriso, como a porta mais adequada para o seu mist\u00e9rio.\u00a0O que o sorriso de Maria nos diz sobre seu mist\u00e9rio?\u00a0Como esse mist\u00e9rio ilumina o Advento, que \u00e9 um tempo de espera vigilante e confiante pelo Salvador?\u00a0Como el epode ser um sinal de esperan\u00e7a?<\/p>\n<h3 style=\"text-align: justify;\"><b>Maria, convencida da vit\u00f3ria do amor de Deus<\/b><\/h3>\n<p style=\"text-align: justify;\">Como meditou Bento XVI, em Lourdes, no dia 15 de setembro de 2008, durante a missa para os enfermos, \u201cMaria est\u00e1 hoje na alegria e na gl\u00f3ria da Ressurrei\u00e7\u00e3o.\u00a0As suas l\u00e1grimas aos p\u00e9s da Cruz transformaram-se num sorriso que nada e ningu\u00e9m conseguir\u00e1 dissipar, enquanto a sua compaix\u00e3o maternal por n\u00f3s permanecer intacta\u201d.\u00a0Este sorriso \u00e9, portanto, um sinal de que, em meio \u00e0 maior dor de seu filho que morre na Cruz; em meio \u00e0 maior\u00a0injusti\u00e7a do inocente Filho de Deus condenado pelos homens, Maria permanece certa da vit\u00f3ria do amor de Deus sobre o pecado e a morte.<\/p>\n<p style=\"text-align: justify;\">E esta vit\u00f3ria da gra\u00e7a, Maria viveu desde a sua concep\u00e7\u00e3o.\u00a0Filha de Santa Ana e de S\u00e3o Joaquim, Maria foi concebida imaculada, ou seja, preservada do pecado original, em antecipa\u00e7\u00e3o aos benef\u00edcios da morte e ressurrei\u00e7\u00e3o de Cristo.\u00a0\u201cNela resplandece a bondade eterna do Criador que, em seu des\u00edgnio de Salva\u00e7\u00e3o, a escolheu para ser a\u00a0M\u00e3e de seu Filho \u00fanico\u201d (Bento XVI, Roma, 8 de dezembro de 2005).<\/p>\n<h3 style=\"text-align: justify;\"><b>Somos todos chamados para ser santos e imaculados<\/b><\/h3>\n<p style=\"text-align: justify;\">\u201cA base b\u00edblica deste dogma encontra-se nas palavras que o anjo dirigiu \u00e0\u00a0virgem de Nazar\u00e9: \u201cSalve, cheia de gra\u00e7a, o Senhor \u00e9 convosco\u201d\u00a0(Lucas 1:28).\u00a0\u201cCheia de gra\u00e7a\u201d \u00e9 o nome mais bonito de Maria, nome que o pr\u00f3prio Deus lhe deu, para indicar que ela sempre foi e \u00e9 para sempre a amada, a escolhida, aquela que foi escolhida para acolher o dom mais precioso:Jesus, \u201co amor encarnado de Deus\u201d\u00a0(Deus caritas est, n \u00b0 12)\u201d (Bento XVI, Roma, 8 de dezembro de 2006\u00a0).\u00a0Maria \u00e9 o recept\u00e1culo perfeito da plenitude da gra\u00e7a.<\/p>\n<p style=\"text-align: justify;\">E se \u201ca Cruz \u00e9 o lugar onde a compaix\u00e3o\u00a0de Deus pelo nosso mundo\u00a0se manifesta de maneira perfeita\u201d, como dizia\u00a0Bento XVI em Lourdes\u00a0em 2008, \u201cMaria compartilha\u00a0a compaix\u00e3o de seu Filho. Porque ela vive e pensa com Deus, seu cora\u00e7\u00e3o se eleva.\u00a0Nela, a bondade de Deus j\u00e1\u00a0percorreu um longo caminho e se aproxima muito de n\u00f3s\u201d.\u00a0(Bento XVI, Roma, 8 de dezembro de 2005).<\/p>\n<div class=\"nativo-inread\" style=\"text-align: justify;\"><\/div>\n<p style=\"text-align: justify;\">Com efeito, esta concep\u00e7\u00e3o imaculada, que distingue Maria da nossa condi\u00e7\u00e3o comum, n\u00e3o a separa mas, pelo contr\u00e1rio, a aproxima de n\u00f3s.\u00a0\u201cEnquanto o pecado nos divide e nos afasta uns dos outros, a pureza de Maria a torna infinitamente pr\u00f3xima aos nossos cora\u00e7\u00f5es, atenta a cada um de n\u00f3s e desejosa do nosso verdadeiro bem.\u00a0[\u2026] O que, por constrangimento ou pudor, muitos \u00e0s vezes n\u00e3o se atrevem a confidenciar nem aos seus familiares, confiam-no a quem \u00e9 toda pura, ao seu cora\u00e7\u00e3o imaculado: com\u00a0simplicidade, sem maquiagem, na verdade\u201d\u00a0, explicou Bento XVI quando foi a Lourdes em\u00a02008.<\/p>\n<h3 style=\"text-align: justify;\"><b>Sua imaculada concei\u00e7\u00e3o se reflete em n\u00f3s<\/b><\/h3>\n<p style=\"text-align: justify;\">Este mist\u00e9rio da Imaculada Concei\u00e7\u00e3o n\u00e3o \u00e9 apenas para contemplarmos, mas para vivermos \u2013 na medida em que nele acreditemos e o amemos.\u00a0Este mist\u00e9rio \u00e9 para n\u00f3s.\u00a0\u201cA gra\u00e7a da imaculada concei\u00e7\u00e3o dada a Maria n\u00e3o \u00e9 apenas uma gra\u00e7a pessoal, mas para todos.\u00a0\u00c9 uma gra\u00e7a concedida\u00a0a todo o povo de Deus\u201d, disse Bento XVI em\u00a02008.\u00a0Primeiramente porque \u201ccomo filhos e filhas de Maria, nos beneficiamos de todas as gra\u00e7as que foram dadas a ela, e a dignidade incompar\u00e1vel que sua imaculada concep\u00e7\u00e3o lhe confere\u00a0reflete em n\u00f3s, seus filhos\u201d, explicou\u00a0.\u00a0E acrescenta:\u00a0\u201cMaria ama cada um de seus filhos [\u2026];\u00a0ela os ama simplesmente porque s\u00e3o seus filhos, segundo a\u00a0vontade de Cristo na cruz.\u00a0\u201cEm Maria, a Igreja j\u00e1 pode contemplar aquilo que \u00e9 chamada a ser.\u00a0Todo crist\u00e3o pode agora contemplar o cumprimento\u00a0perfeito de sua pr\u00f3pria voca\u00e7\u00e3o\u201d.<\/p>\n<div id=\"article-desk-content-p6-ad_cp1_2020_12_08_a-imaculada-conceicao-como-o-misterio-de-maria-ilumina-o-advento\" class=\"css-y9mcup\" style=\"text-align: justify;\" data-google-query-id=\"CNHwkai_vu0CFZQFuQYdfGUIpg\">\n<div id=\"google_ads_iframe_64500793\/PT_DESK_ARTICLE_WELCOME_1X1_0__container__\"><\/div>\n<\/div>\n<p style=\"text-align: justify;\">A nossa voca\u00e7\u00e3o \u00e9 viver pela miseric\u00f3rdia de Deus que nos liberta do pecado.\u00a0Em Maria, isso foi realizado desde a sua concep\u00e7\u00e3o, gratuitamente e em um \u00fanico instante.\u00a0Para n\u00f3s, embora imersos em Deus durante nosso batismo e limpos do pecado original, ainda sofremos as consequ\u00eancias.\u00a0Al\u00e9m disso, nossa santifica\u00e7\u00e3o \u00e9 realizada gradualmente.\u00a0Leva tempo para que a gra\u00e7a crist\u00e3 tome conta de todos n\u00f3s.\u00a0No entanto, mesmo que isso s\u00f3 seja totalmente realizado no c\u00e9u, onde seremos imaculados, deve ser desejado na terra, a partir de hoje.\u00a0\u201cNa M\u00e3e de Cristo e nossa M\u00e3e, a voca\u00e7\u00e3o de cada ser humano foi perfeitamente realizada.\u00a0Todos os homens, diz o ap\u00f3stolo Paulo, s\u00e3o chamados a ser santos e irrepreens\u00edveis perante Deus em\u00a0amor (Ef 1, 4)\u201d,\u00a0Bento XVI, Roma, 8 de dezembro de 2005.<\/p>\n<h3 style=\"text-align: justify;\"><b>Um magn\u00edfico sinal de esperan\u00e7a<\/b><\/h3>\n<p style=\"text-align: justify;\">A imaculada concei\u00e7\u00e3o de Maria \u00e9, portanto, para n\u00f3s um magn\u00edfico sinal de esperan\u00e7a.\u00a0Pois esperan\u00e7a \u00e9 ter certeza de que, em Cristo, j\u00e1 somos vitoriosos sobre o pecado e a morte.\u00a0Se quisermos, a gra\u00e7a de Deus ocupar\u00e1 todo o espa\u00e7o.\u00a0N\u00e3o precisamos esperar que algo aconte\u00e7a, esperamos pelo que j\u00e1 \u00e9 atual, uma bem-aventuran\u00e7a que j\u00e1 est\u00e1 presente em n\u00f3s.\u00a0E a Imaculada nos \u00e9 dada por isso: \u2018Vita, dulcedo, et spes nostra\u2026\u2019 (\u201cNossa vida, nossa do\u00e7ura, nossa esperan\u00e7a\u201d), como cantamos na Salve Rainha.<\/p>\n<p style=\"text-align: justify;\">\u201cAo apresentar-se a Bernadete como a Imaculada Concei\u00e7\u00e3o, a Sant\u00edssima Virgem Maria veio lembrar ao mundo moderno, que corria o risco de esquec\u00ea-la, o primado da gra\u00e7a divina, mais forte\u00a0que o pecado e a morte\u201d,\u00a0Bento XVI, Roma, 11 de fevereiro de 2006.\u00a0\u201cDiante de Maria, em virtude de sua pureza, o homem n\u00e3o hesita em se mostrar em sua fraqueza, em entregar suas perguntas e suas d\u00favidas, em mostrar suas esperan\u00e7as e seus desejos mais \u00edntimos. O amor maternal da Virgem Maria desarma todo orgulho;\u00a0torna o homem capaz de se ver como \u00e9 e inspira nele o desejo de se converter\u00a0para dar gl\u00f3rias a Deus\u201d, disse Bento XVI em Lourdes em 2008.<\/p>\n<h3 style=\"text-align: justify;\"><b>Pe\u00e7amos o sorriso de Maria<\/b><\/h3>\n<p style=\"text-align: justify;\">\u201cMaria permanece diante de Deus e tamb\u00e9m de toda a humanidade o sinal imut\u00e1vel e intang\u00edvel da elei\u00e7\u00e3o de Deus de que\u00a0fala a\u00a0Carta\u00a0Paulina: em Cristo,\u201cnos escolheu antes da cria\u00e7\u00e3o do mundo, para sermos santos e irrepreens\u00edveis, diante de seus olhos. No seu amor nos predestinou para sermos adotados como filhos seus por Jesus Cristo, segundo o benepl\u00e1cito de sua livre vontade\u201d (Ef 1, 4-5).\u00a0H\u00e1 mais poder nesta elei\u00e7\u00e3o do que em toda a experi\u00eancia do mal e do\u00a0pecado, do que em toda esta \u201chostilidade\u201d com\u00a0que a hist\u00f3ria humana est\u00e1 marcada.\u00a0Nesta hist\u00f3ria, Maria permanece um\u00a0sinal de esperan\u00e7a garantida\u201d\u00a0(\u00a0o\u00e3o Paulo II, Redemptoris Mater, n \u00b0 11).<\/p>\n<p style=\"text-align: justify;\">Neste tempo de Advento, e mesmo depois,\u00a0busquemos o sorriso de Maria, fonte de esperan\u00e7a invenc\u00edvel.\u00a0\u201cNesta simples manifesta\u00e7\u00e3o de ternura que \u00e9 um sorriso, percebemos que a nossa \u00fanica riqueza \u00e9 o amor que Deus tem por n\u00f3s e que passa pelo cora\u00e7\u00e3o daquela\u00a0que se tornou nossa M\u00e3e\u201d, disse Bento XVI em\u00a0Lourdes.\u00a0Seu desejo \u00e9 que, apegando-nos a ela, nos permitamos ser conduzidos \u00e0 \u00fanica fonte de salva\u00e7\u00e3o, seu Filho, Jesus Cristo.<\/p>\n","protected":false},"excerpt":{"rendered":"<p>No dia 8 de dezembro, celebramos a Imaculada Concei\u00e7\u00e3o.\u00a0Por que este mist\u00e9rio de Maria \u00e9 importante em nossa vida? Lourdes, 3 de mar\u00e7o de 1858. \u00c0s margens do Gave, na gruta \u00famida e escura de Massabielle, uma mulher aparece pela d\u00e9cima quarta vez em vinte dias a Bernadette, uma crian\u00e7a local.\u00a0Conduzida, naquele dia, por seu [&hellip;]<\/p>\n","protected":false},"author":1,"featured_media":64941,"comment_status":"open","ping_status":"closed","sticky":false,"template":"","format":"standard","meta":{"footnotes":""},"categories":[4,13],"tags":[],"class_list":["post-64940","post","type-post","status-publish","format-standard","has-post-thumbnail","hentry","category-cotidiano","category-featured"],"_links":{"self":[{"href":"https:\/\/catolicanet.net\/wp-cnet\/wp-json\/wp\/v2\/posts\/64940","targetHints":{"allow":["GET"]}}],"collection":[{"href":"https:\/\/catolicanet.net\/wp-cnet\/wp-json\/wp\/v2\/posts"}],"about":[{"href":"https:\/\/catolicanet.net\/wp-cnet\/wp-json\/wp\/v2\/types\/post"}],"author":[{"embeddable":true,"href":"https:\/\/catolicanet.net\/wp-cnet\/wp-json\/wp\/v2\/users\/1"}],"replies":[{"embeddable":true,"href":"https:\/\/catolicanet.net\/wp-cnet\/wp-json\/wp\/v2\/comments?post=64940"}],"version-history":[{"count":1,"href":"https:\/\/catolicanet.net\/wp-cnet\/wp-json\/wp\/v2\/posts\/64940\/revisions"}],"predecessor-version":[{"id":64942,"href":"https:\/\/catolicanet.net\/wp-cnet\/wp-json\/wp\/v2\/posts\/64940\/revisions\/64942"}],"wp:featuredmedia":[{"embeddable":true,"href":"https:\/\/catolicanet.net\/wp-cnet\/wp-json\/wp\/v2\/media\/64941"}],"wp:attachment":[{"href":"https:\/\/catolicanet.net\/wp-cnet\/wp-json\/wp\/v2\/media?parent=64940"}],"wp:term":[{"taxonomy":"category","embeddable":true,"href":"https:\/\/catolicanet.net\/wp-cnet\/wp-json\/wp\/v2\/categories?post=64940"},{"taxonomy":"post_tag","embeddable":true,"href":"https:\/\/catolicanet.net\/wp-cnet\/wp-json\/wp\/v2\/tags?post=64940"}],"curies":[{"name":"wp","href":"https:\/\/api.w.org\/{rel}","templated":true}]}}