{"id":64937,"date":"2020-12-08T09:29:23","date_gmt":"2020-12-08T12:29:23","guid":{"rendered":"https:\/\/catolicanet.net\/wp-cnet\/?p=64937"},"modified":"2020-12-08T10:30:27","modified_gmt":"2020-12-08T13:30:27","slug":"acn-lanca-campanha-para-levar-um-presente-de-fe-aos-mais-pobres-neste-natal","status":"publish","type":"post","link":"https:\/\/catolicanet.net\/wp-cnet\/acn-lanca-campanha-para-levar-um-presente-de-fe-aos-mais-pobres-neste-natal\/","title":{"rendered":"ACN lan\u00e7a campanha para levar um \u201cPresente de F\u00e9\u201d aos mais pobres neste Natal"},"content":{"rendered":"<p style=\"text-align: justify;\">\u00a0A Funda\u00e7\u00e3o Pontif\u00edcia Ajuda \u00e0\u00a0Igreja\u00a0que Sofre (ACN) informou que as fam\u00edlias venezuelanas enfrentam &#8220;uma cat\u00e1strofe humanit\u00e1ria&#8221;, pois 79% se encontram em situa\u00e7\u00e3o de extrema pobreza, o que significa que &#8220;muitas crian\u00e7as n\u00e3o t\u00eam o que comer&#8221;.<\/p>\n<p style=\"text-align: justify;\">Infelizmente, a pandemia de COVID-19 agravou esta situa\u00e7\u00e3o e \u00e9 necess\u00e1rio um apoio maior para poder reunir o que \u00e9 necess\u00e1rio para aliviar as necessidades mais urgentes destas fam\u00edlias, assinalou a ACN.<\/p>\n<p style=\"text-align: justify;\">Por isso a funda\u00e7\u00e3o pontif\u00edcia lan\u00e7ou a campanha \u201cPresentes de F\u00e9\u201d, cuja frase busca representar o que significa o\u00a0Natal: \u201cDar a Jesus Cristo o lugar de honra e compartilhar com todos a alegria de sua chegada\u201d, ao \u201cajudar os pobres e oprimidos tamb\u00e9m em seu Nome\u201d.<\/p>\n<p style=\"text-align: justify;\">Esta campanha de doa\u00e7\u00f5es faz com que a ajuda chegue \u00e0s pessoas mais necessitadas \u201catrav\u00e9s de projetos pastorais e de emerg\u00eancia\u201d em diversos pa\u00edses. Al\u00e9m disso, visa levar \u201c\u00e2nimo e esperan\u00e7a\u201d, especialmente nestes tempos de pandemia.<\/p>\n<p style=\"text-align: justify;\">Na Venezuela, esta campanha poder\u00e1 ajudar, com a generosidade de fi\u00e9is e pessoas de boa vontade, a alimentar as mais de 1.107 crian\u00e7as do col\u00e9gio paroquial Jes\u00fas Mar\u00eda Marrero, localizado em Guarenas, Venezuela, que dependem do refeit\u00f3rio da escola para poder comer.<\/p>\n<p style=\"text-align: justify;\">O jovem sacerdote \u00c1ngel Colmenares, da Diocese de La Guaira (Venezuela), disse \u00e0 ACN que \u201cnestes tempos de crise existem muitas tenta\u00e7\u00f5es\u201d. De todas elas, \u201ca principal \u00e9 a de se acomodar. Deixar-se levar e n\u00e3o fazer nada diante do desespero\u201d.<\/p>\n<p style=\"text-align: justify;\">O sacerdote contou que a ajuda \u00e9 muito necess\u00e1ria, porque muitas vezes \u201cquando recebemos algum alimento no cesto das ofertas [na\u00a0Missa], as pessoas imediatamente nos pedem. Como podemos dizer n\u00e3o? Temos que separar e dar a eles\u201d.<\/p>\n<p style=\"text-align: justify;\">\u201cPara o povo, os sacerdotes que ficaram s\u00e3o um testemunho, mas tamb\u00e9m uma fonte de alegria e de esperan\u00e7a\u201d, acrescentou.<\/p>\n<p style=\"text-align: justify;\">As pessoas que doarem tamb\u00e9m ir\u00e3o ajudar outras causas solid\u00e1rias, como o apoio \u00e0s v\u00edtimas da viol\u00eancia na Bol\u00edvia, o sustento aos mission\u00e1rios que vivem na Amaz\u00f4nia do Brasil, a constru\u00e7\u00e3o de uma igreja em Cuba, a miss\u00e3o da assembleia vic\u00e1ria na Amaz\u00f4nia peruana, assist\u00eancia m\u00e9dica aos doentes e presentes \u00e0s crian\u00e7as na S\u00edria, entre outros.<\/p>\n<p style=\"text-align: justify;\">Com os &#8220;Presentes de F\u00e9&#8221; tamb\u00e9m \u00e9 poss\u00edvel ajudar com o &#8220;estip\u00eandio de Missa&#8221;, que \u00e9 uma doa\u00e7\u00e3o econ\u00f4mica a um sacerdote de pa\u00edses necessitados como \u00cdndia, Uruguai, Rep\u00fablica Democr\u00e1tica do Congo, entre outros. Em troca deste ato de generosidade, o sacerdote celebrar\u00e1 &#8220;uma Missa por uma inten\u00e7\u00e3o particular do doador&#8221;.<\/p>\n<p style=\"text-align: justify;\">\u201cEm muitos dos pa\u00edses mais pobres, suas ofertas na Missa s\u00e3o, para muitos sacerdotes, o \u00fanico meio de sobreviv\u00eancia. Na Venezuela, as pessoas lutam para sobreviver diariamente. A falta de alimentos, medicamentos e servi\u00e7os essenciais \u00e9 agravada pela viol\u00eancia e pobreza\u201d, assinalou a ACN.<\/p>\n<p style=\"text-align: justify;\">\u201cD\u00ea um presente de f\u00e9 e a sua generosidade tornar\u00e1 poss\u00edvel responder \u00e0s necessidades dos nossos irm\u00e3os em Cristo, onde a Igreja sofre necessidade ou persegui\u00e7\u00e3o\u201d, disse a ACN. \u201cQue o Menino Jesus que nasceu em Bel\u00e9m aben\u00e7oe a sua casa e a n\u00f3s tamb\u00e9m!\u201d, concluiu.<\/p>\n<p style=\"text-align: justify;\">Os interessados \u200b\u200bem colaborar com a campanha podem clicar\u00a0<a href=\"https:\/\/www.acn.org.br\/doacao\/\">AQUI.<\/a><\/p>\n","protected":false},"excerpt":{"rendered":"<p>\u00a0A Funda\u00e7\u00e3o Pontif\u00edcia Ajuda \u00e0\u00a0Igreja\u00a0que Sofre (ACN) informou que as fam\u00edlias venezuelanas enfrentam &#8220;uma cat\u00e1strofe humanit\u00e1ria&#8221;, pois 79% se encontram em situa\u00e7\u00e3o de extrema pobreza, o que significa que &#8220;muitas crian\u00e7as n\u00e3o t\u00eam o que comer&#8221;. Infelizmente, a pandemia de COVID-19 agravou esta situa\u00e7\u00e3o e \u00e9 necess\u00e1rio um apoio maior para poder reunir o que [&hellip;]<\/p>\n","protected":false},"author":1,"featured_media":64938,"comment_status":"open","ping_status":"closed","sticky":false,"template":"","format":"standard","meta":{"footnotes":""},"categories":[4],"tags":[],"class_list":["post-64937","post","type-post","status-publish","format-standard","has-post-thumbnail","hentry","category-cotidiano"],"_links":{"self":[{"href":"https:\/\/catolicanet.net\/wp-cnet\/wp-json\/wp\/v2\/posts\/64937","targetHints":{"allow":["GET"]}}],"collection":[{"href":"https:\/\/catolicanet.net\/wp-cnet\/wp-json\/wp\/v2\/posts"}],"about":[{"href":"https:\/\/catolicanet.net\/wp-cnet\/wp-json\/wp\/v2\/types\/post"}],"author":[{"embeddable":true,"href":"https:\/\/catolicanet.net\/wp-cnet\/wp-json\/wp\/v2\/users\/1"}],"replies":[{"embeddable":true,"href":"https:\/\/catolicanet.net\/wp-cnet\/wp-json\/wp\/v2\/comments?post=64937"}],"version-history":[{"count":1,"href":"https:\/\/catolicanet.net\/wp-cnet\/wp-json\/wp\/v2\/posts\/64937\/revisions"}],"predecessor-version":[{"id":64939,"href":"https:\/\/catolicanet.net\/wp-cnet\/wp-json\/wp\/v2\/posts\/64937\/revisions\/64939"}],"wp:featuredmedia":[{"embeddable":true,"href":"https:\/\/catolicanet.net\/wp-cnet\/wp-json\/wp\/v2\/media\/64938"}],"wp:attachment":[{"href":"https:\/\/catolicanet.net\/wp-cnet\/wp-json\/wp\/v2\/media?parent=64937"}],"wp:term":[{"taxonomy":"category","embeddable":true,"href":"https:\/\/catolicanet.net\/wp-cnet\/wp-json\/wp\/v2\/categories?post=64937"},{"taxonomy":"post_tag","embeddable":true,"href":"https:\/\/catolicanet.net\/wp-cnet\/wp-json\/wp\/v2\/tags?post=64937"}],"curies":[{"name":"wp","href":"https:\/\/api.w.org\/{rel}","templated":true}]}}