{"id":64931,"date":"2020-12-08T09:23:08","date_gmt":"2020-12-08T12:23:08","guid":{"rendered":"https:\/\/catolicanet.net\/wp-cnet\/?p=64931"},"modified":"2020-12-08T10:25:38","modified_gmt":"2020-12-08T13:25:38","slug":"imaculada-conceicao-papa-vai-de-surpresa-para-rezar-a-nossa-senhora-na-praca-de-espanha","status":"publish","type":"post","link":"https:\/\/catolicanet.net\/wp-cnet\/imaculada-conceicao-papa-vai-de-surpresa-para-rezar-a-nossa-senhora-na-praca-de-espanha\/","title":{"rendered":"Imaculada Concei\u00e7\u00e3o: Papa vai de surpresa para rezar a Nossa Senhora na Pra\u00e7a de Espanha"},"content":{"rendered":"<p style=\"text-align: justify;\">Em privado, e sem a presen\u00e7a dos fi\u00e9is, o Papa Francisco foi na manh\u00e3 desta ter\u00e7a-feira, 8 de dezembro, Solenidade da Imaculada Concei\u00e7\u00e3o de Maria, rezar diante do monumento mariano que se encontra na Pra\u00e7a de Espanha de Roma.<\/p>\n<p style=\"text-align: justify;\">Desta forma, o Pont\u00edfice n\u00e3o quis deixar de cumprir esta tradi\u00e7\u00e3o, apesar de terem anunciado que este ano n\u00e3o seria realizada devido \u00e0 pandemia do coronav\u00edrus.<\/p>\n<p style=\"text-align: justify;\">\u00c0s 7h (hora local) e sob a intensa chuva que h\u00e1 dias n\u00e3o para de cair sobre a capital italiana, e que provocou uma not\u00e1vel eleva\u00e7\u00e3o do rio Tibre, o Santo Padre foi at\u00e9 a Pra\u00e7a de Espanha para, segundo o diretor da Sala de Imprensa do Vaticano, Matteo Bruni, &#8220;realizar um ato de venera\u00e7\u00e3o de forma privada a Maria Imaculada&#8221;.<\/p>\n<p style=\"text-align: justify;\">O Papa, \u201ccom as primeiras luzes do alvorecer, debaixo de chuva, depositou um ramo de rosas brancas na base da coluna onde se encontra a imagem de Nossa Senhora, e dirigiu-se a ela em ora\u00e7\u00e3o para que vele com amor por Roma, por seus habitantes, confiando a ela todos aqueles que nesta cidade e no mundo sofrem com a doen\u00e7a e o des\u00e2nimo\u201d.<\/p>\n<p style=\"text-align: justify;\">Durante todo o tempo que durou a breve visita, o Papa usou a m\u00e1scara e manteve uma dist\u00e2ncia segura dos demais participantes. Junto a ele, cercando a pra\u00e7a, havia uma grande presen\u00e7a de soldados e bombeiros que fizeram sua tradicional oferenda de flores a Nossa Senhora.<\/p>\n<div class=\"twitter-tweet twitter-tweet-rendered\" style=\"text-align: justify;\"><iframe id=\"twitter-widget-0\" class=\"\" title=\"Twitter Tweet\" src=\"https:\/\/platform.twitter.com\/embed\/index.html?creatorScreenName=acidigital&amp;dnt=false&amp;embedId=twitter-widget-0&amp;frame=false&amp;hideCard=false&amp;hideThread=false&amp;id=1336201894910291969&amp;lang=en&amp;origin=https%3A%2F%2Fwww.acidigital.com%2Fnoticias%2Fimaculada-conceicao-papa-vai-de-surpresa-para-rezar-a-nossa-senhora-na-praca-de-espanha-16207&amp;siteScreenName=acidigital&amp;theme=light&amp;widgetsVersion=ed20a2b%3A1601588405575&amp;width=550px\" frameborder=\"0\" scrolling=\"no\" allowfullscreen=\"allowfullscreen\" data-tweet-id=\"1336201894910291969\" data-mce-fragment=\"1\"><\/iframe><\/div>\n<p style=\"text-align: justify;\">Segundo Bruni, no final deste breve tempo de venera\u00e7\u00e3o diante da imagem da Imaculada, que se ergue sobre uma coluna em frente \u00e0 embaixada da Espanha junto \u00e0 Santa S\u00e9, o Pont\u00edfice dirigiu-se \u00e0 Pontif\u00edcia Bas\u00edlica de Santa Maria Maior.<\/p>\n<p style=\"text-align: justify;\">L\u00e1, \u201crezou diante do \u00edcone de Maria\u00a0Salus Popoli Romani\u00a0e celebrou a\u00a0missa\u00a0na capela do pres\u00e9pio. Logo depois, regressou ao Vaticano\u201d.<\/p>\n<p style=\"text-align: justify;\">Este monumento \u00e0 Imaculada Concei\u00e7\u00e3o da Pra\u00e7a de Espanha de Roma \u00e9 um dos mais emblem\u00e1ticos da capital italiana. \u00c9 uma imagem de bronze da\u00a0Virgem Maria\u00a0que fica em uma coluna de 12 metros em uma base na qual os quatro evangelistas est\u00e3o representados.<\/p>\n<p style=\"text-align: justify;\">\u00c9 uma obra do escultor Giuseppe Obici, inaugurada em 8 de dezembro de 1857, por 220 bombeiros. Por isso, nesta data, os bombeiros de Roma prestam uma emocionante homenagem \u00e0 Virgem, em que um bombeiro sobe ao topo da escada do caminh\u00e3o de bombeiros e coloca uma coroa de flores no bra\u00e7o da Virgem.<\/p>\n<p style=\"text-align: justify;\"><em>Publicado originalmente em\u00a0<a href=\"https:\/\/www.aciprensa.com\/noticias\/inmaculada-concepcion-el-papa-acude-por-sorpresa-a-rezar-a-la-virgen-en-plaza-de-espana-55935\">ACI Prensa<\/a>. Traduzido e adaptado por Nath\u00e1lia Queiroz.<\/em><\/p>\n","protected":false},"excerpt":{"rendered":"<p>Em privado, e sem a presen\u00e7a dos fi\u00e9is, o Papa Francisco foi na manh\u00e3 desta ter\u00e7a-feira, 8 de dezembro, Solenidade da Imaculada Concei\u00e7\u00e3o de Maria, rezar diante do monumento mariano que se encontra na Pra\u00e7a de Espanha de Roma. Desta forma, o Pont\u00edfice n\u00e3o quis deixar de cumprir esta tradi\u00e7\u00e3o, apesar de terem anunciado que [&hellip;]<\/p>\n","protected":false},"author":1,"featured_media":64932,"comment_status":"open","ping_status":"closed","sticky":false,"template":"","format":"standard","meta":{"footnotes":""},"categories":[4],"tags":[],"class_list":["post-64931","post","type-post","status-publish","format-standard","has-post-thumbnail","hentry","category-cotidiano"],"_links":{"self":[{"href":"https:\/\/catolicanet.net\/wp-cnet\/wp-json\/wp\/v2\/posts\/64931","targetHints":{"allow":["GET"]}}],"collection":[{"href":"https:\/\/catolicanet.net\/wp-cnet\/wp-json\/wp\/v2\/posts"}],"about":[{"href":"https:\/\/catolicanet.net\/wp-cnet\/wp-json\/wp\/v2\/types\/post"}],"author":[{"embeddable":true,"href":"https:\/\/catolicanet.net\/wp-cnet\/wp-json\/wp\/v2\/users\/1"}],"replies":[{"embeddable":true,"href":"https:\/\/catolicanet.net\/wp-cnet\/wp-json\/wp\/v2\/comments?post=64931"}],"version-history":[{"count":1,"href":"https:\/\/catolicanet.net\/wp-cnet\/wp-json\/wp\/v2\/posts\/64931\/revisions"}],"predecessor-version":[{"id":64933,"href":"https:\/\/catolicanet.net\/wp-cnet\/wp-json\/wp\/v2\/posts\/64931\/revisions\/64933"}],"wp:featuredmedia":[{"embeddable":true,"href":"https:\/\/catolicanet.net\/wp-cnet\/wp-json\/wp\/v2\/media\/64932"}],"wp:attachment":[{"href":"https:\/\/catolicanet.net\/wp-cnet\/wp-json\/wp\/v2\/media?parent=64931"}],"wp:term":[{"taxonomy":"category","embeddable":true,"href":"https:\/\/catolicanet.net\/wp-cnet\/wp-json\/wp\/v2\/categories?post=64931"},{"taxonomy":"post_tag","embeddable":true,"href":"https:\/\/catolicanet.net\/wp-cnet\/wp-json\/wp\/v2\/tags?post=64931"}],"curies":[{"name":"wp","href":"https:\/\/api.w.org\/{rel}","templated":true}]}}