{"id":64928,"date":"2020-12-08T09:21:06","date_gmt":"2020-12-08T12:21:06","guid":{"rendered":"https:\/\/catolicanet.net\/wp-cnet\/?p=64928"},"modified":"2020-12-08T10:22:20","modified_gmt":"2020-12-08T13:22:20","slug":"campanha-pequenos-reis-magos-leva-vida-plena-as-criancas-pobres","status":"publish","type":"post","link":"https:\/\/catolicanet.net\/wp-cnet\/campanha-pequenos-reis-magos-leva-vida-plena-as-criancas-pobres\/","title":{"rendered":"CAMPANHA PEQUENOS REIS MAGOS LEVA VIDA PLENA \u00c0S CRIAN\u00c7AS POBRES"},"content":{"rendered":"<blockquote>\n<p style=\"text-align: justify;\"><b>Guiados pela estrela, levemos vida plena \u00e0s crian\u00e7as pobres<\/b><\/p>\n<\/blockquote>\n<p style=\"text-align: justify;\">Em um ano t\u00e3o desafiador quanto 2020,\u00a0<b>e se um grupo de crian\u00e7as vestidas de Reis Magos e m\u00e1scara batesse em sua porta, trazendo mensagens de paz e de comprometimento com crian\u00e7as do mundo inteiro?<\/b><\/p>\n<p style=\"text-align: justify;\">Na Alemanha, esta cena \u00e9 uma tradi\u00e7\u00e3o que teve in\u00edcio h\u00e1 mais de 160 anos. Em meados de 1843, Auguste von Sartorius, menina nascida em uma fam\u00edlia rica de Aachen, ficou sensibilizada com as not\u00edcias sobre crian\u00e7as carentes e em perigo de vida na China e na \u00c1frica. Quando tinha de 13 para 14 anos, decidiu arrecadar dinheiro com os amigos e parentes para resolver a situa\u00e7\u00e3o das crian\u00e7as no mundo.<\/p>\n<p style=\"text-align: justify;\">Desde 1959, essa pr\u00e1tica foi retomada como uma a\u00e7\u00e3o de solidariedade que acontece at\u00e9 hoje. Organizado pela Kindermissionswerk, o projeto beneficia diversos pa\u00edses e desperta, nas pr\u00f3prias crian\u00e7as, uma atitude mission\u00e1ria. Pr\u00f3ximo ao dia 6 de janeiro, cerca de 500 mil crian\u00e7as alem\u00e3s, entre 8 e 13 anos, de 12.500 par\u00f3quias, sair\u00e3om pelas ruas como os Cantores da Estrela.\u00a0<b>Vestidas como Reis Magos, elas levam \u00e0 frente uma estrela e marcam nas casas por onde passam a sigla\u00a0<\/b><b><i>\u201cC+M+B\u201d<\/i><\/b><b>, em latim:\u00a0<\/b><b><i>\u201cChristus Mansionem Benedicat\u201d<\/i><\/b><b>, que em portugu\u00eas significa:\u00a0<\/b><b><i>\u201cCristo aben\u00e7oe este lar\u201d<\/i><\/b><b>.<\/b>\u00a0Ap\u00f3s cantarem e aben\u00e7oarem as resid\u00eancias, arrecadam dinheiro para as crian\u00e7as e jovens vulner\u00e1veis do mundo.<\/p>\n<p style=\"text-align: justify;\"><b>E no Brasil? Somos disc\u00edpulos mission\u00e1rios que n\u00e3o abandonam as crian\u00e7as mais pobres do mundo justamente no momento de maior necessidade?<\/b><\/p>\n<p style=\"text-align: justify;\">\u201cSim, somos!\u201d<\/p>\n<p style=\"text-align: justify;\">Assim responderam centenas de crian\u00e7as e adolescentes da catequese em diversas Dioceses do Brasil.<\/p>\n<p style=\"text-align: justify;\">Com isso, a Campanha dos Pequenos Reis Magos, inspirada na tradi\u00e7\u00e3o alem\u00e3 e adaptada, em 2015 pela Pastoral da Crian\u00e7a Internacional, continua.<\/p>\n<p style=\"text-align: justify;\">Os recursos arrecadados no Brasil, em 2020, ser\u00e3o destinados \u00e0s crian\u00e7as de\u00a0Guin\u00e9-Bissau, Mo\u00e7ambique, Peru, Venezuela, Filipinas e Haiti.\u00a0Al\u00e9m de oferecer apoio financeiro para as crian\u00e7as em situa\u00e7\u00e3o de vulnerabilidade de pa\u00edses subdesenvolvidos, a campanha tamb\u00e9m tem por objetivo conscientizar os Pequenos Reis Magos participantes sobre a realidade de outros pa\u00edses, despertando a solidariedade e o esp\u00edrito mission\u00e1rio em em prol de outras pessoas que est\u00e3o em situa\u00e7\u00e3o de pobreza, assim como estava Jesus quando nasceu. Esses recursos v\u00e3o diretamente para custear as a\u00e7\u00f5es da Pastoral da Crian\u00e7a, tais como capacita\u00e7\u00f5es de novos l\u00edderes e Celebra\u00e7\u00f5es da Vida. Por causa da campanha, muitas crian\u00e7as e gestantes s\u00e3o acompanhadas e beneficiadas, pois recebem todo o carinho, amor e informa\u00e7\u00f5es que os l\u00edderes capacitados de seus pa\u00edses levam para suas vidas.<\/p>\n<div id=\"gallery-1\" class=\"gallery galleryid-256163 gallery-columns-3 gallery-size-thumbnail\" style=\"text-align: justify;\">\n<figure class=\"gallery-item\">\n<div class=\"gallery-icon landscape\"><a class=\"rl-gallery-link\" title=\"\" href=\"https:\/\/eadn-wc02-718006.nxedge.io\/cdn\/wp-content\/uploads\/2020\/12\/Pastoral1.jpg\" data-rl_title=\"\" data-rl_caption=\"\" data-rel=\"lightbox-gallery-1\"><img loading=\"lazy\" decoding=\"async\" class=\"attachment-thumbnail size-thumbnail lazyloaded\" src=\"https:\/\/eadn-wc02-718006.nxedge.io\/cdn\/wp-content\/uploads\/2020\/12\/Pastoral1-150x150.jpg\" alt=\"\" width=\"150\" height=\"150\" data-ll-status=\"loaded\" \/><\/a><\/div>\n<\/figure>\n<figure class=\"gallery-item\">\n<div class=\"gallery-icon landscape\"><a class=\"rl-gallery-link\" title=\"\" href=\"https:\/\/eadn-wc02-718006.nxedge.io\/cdn\/wp-content\/uploads\/2020\/12\/Pastoral2.jpg\" data-rl_title=\"\" data-rl_caption=\"\" data-rel=\"lightbox-gallery-1\"><img loading=\"lazy\" decoding=\"async\" class=\"attachment-thumbnail size-thumbnail lazyloaded\" src=\"https:\/\/eadn-wc02-718006.nxedge.io\/cdn\/wp-content\/uploads\/2020\/12\/Pastoral2-150x150.jpg\" alt=\"\" width=\"150\" height=\"150\" data-ll-status=\"loaded\" \/><\/a><\/div>\n<\/figure>\n<\/div>\n<p style=\"text-align: justify;\">Uma vez que o ano de 2020 est\u00e1 sendo diferente, a Campanha dos Pequenos Reis Magos tamb\u00e9m teve que passar por adapta\u00e7\u00f5es para manter a seguran\u00e7a das crian\u00e7as e das fam\u00edlias visitadas. Segundo Dr. Nelson Arns Neumann, Coordenador Internacional da Pastoral da Crian\u00e7a,<i>\u00a0\u201cno entanto, justamente por todas as priva\u00e7\u00f5es que esse no nos imp\u00f4s, percebemos que a visita dos Pequenos Reis Magos \u00e9 a prova viva da esperan\u00e7a e da solidariedade e, por isso, n\u00e3o pode parar. Nossa solidariedade \u00e9 fundamental para levar o m\u00ednimo poss\u00edvel para outras crian\u00e7as, de outros pa\u00edses que passam por dificuldades ainda piores. Por isso, nas Dioceses que aceitaram participar, decidimos dar continuidade \u00e0 nossa campanha este ano, com todos os cuidados poss\u00edveis, observando todas as orienta\u00e7\u00f5es das autoridades em Sa\u00fade, mas levando Vida Plena e Esperan\u00e7a por onde quer que as crian\u00e7as passem. Ao participar da Campanha Pequenos Reis Magos,\u00a0<\/i>as crian\u00e7as aprendem a import\u00e2ncia de participar das atividades da comunidade e exercitam, desde cedo, o sentimento de caridade e solidariedade com o pr\u00f3ximo. Com todos esses cuidados, vamos todos juntos viver a experi\u00eancia mission\u00e1ria de ajudar crian\u00e7as dos pa\u00edses mais pobres do mundo\u201d.<\/p>\n<p style=\"text-align: justify;\"><img loading=\"lazy\" decoding=\"async\" class=\"wp-image-256168 aligncenter lazyloaded\" src=\"https:\/\/eadn-wc02-718006.nxedge.io\/cdn\/wp-content\/uploads\/2020\/12\/Pastoral3-300x200.jpg\" sizes=\"auto, (max-width: 305px) 100vw, 305px\" srcset=\"https:\/\/eadn-wc02-718006.nxedge.io\/cdn\/wp-content\/uploads\/2020\/12\/Pastoral3-300x200.jpg 300w, https:\/\/eadn-wc02-718006.nxedge.io\/cdn\/wp-content\/uploads\/2020\/12\/Pastoral3-391x260.jpg 391w, https:\/\/eadn-wc02-718006.nxedge.io\/cdn\/wp-content\/uploads\/2020\/12\/Pastoral3-500x334.jpg 500w, https:\/\/eadn-wc02-718006.nxedge.io\/cdn\/wp-content\/uploads\/2020\/12\/Pastoral3.jpg 606w\" alt=\"\" width=\"305\" height=\"203\" data-ll-status=\"loaded\" \/><\/p>\n<p style=\"text-align: justify;\">Para Anne Caroline Rabelo Gir\u00e3o, de 11 anos, da Par\u00f3quia do Divino Esp\u00edrito Santo, de Morada Nova, Diocese de Limoeiro do Norte, no Cear\u00e1, o que a motiva participar da campanha \u00e9 \u201c<i>a vontade de fazer o bem para os que s\u00e3o mais necessitados e assim praticar cidadania\u201d<\/i>. Para ela, a import\u00e2ncia da campanha vai al\u00e9m de arrecadar recursos para ajudar as crian\u00e7as de maior vulnerabilidade, tamb\u00e9m \u00e9 uma forma de\u00a0<i>\u201cmotivar as pessoas a ajudar o pr\u00f3ximo\u201d.<\/i><\/p>\n<p style=\"text-align: justify;\">Ana Rita Rabelo Oliveira, de 12 anos, tamb\u00e9m da Par\u00f3quia do Divino Esp\u00edrito Santo, de Morada Nova, Diocese de Limoeiro do Norte, no Cear\u00e1, refor\u00e7a que, ao participar da Campanha,<i>\u00a0\u201cest\u00e1 sendo uma crian\u00e7a\u00a0 ativa na comunidade, interagindo com as pessoas pr\u00f3ximas e contribuindo para a Campanha pequenos Reis Magos, que tem o objetivo de ajudar as pessoas que mais necessitam e tamb\u00e9m de semear a palavra de Deus,\u00a0 lembrando o nascimento do menino Jesus\u201d.\u00a0<\/i>Maria Lara Pimentel Moura, de 12 anos, lembra que, ao fazer parte dessa a\u00e7\u00e3o,\u00a0<i>\u201ca crian\u00e7a come\u00e7a a entender que ajudar os irm\u00e3os\u00a0 \u00e9 uma forma de entrar no caminho de Deus. Afinal, ajudar os irm\u00e3os necessitados \u00e9 um grande ato de solidariedade\u201d.<\/i><\/p>\n<p style=\"text-align: justify;\"><i><\/i>A sugest\u00e3o para realizar a a\u00e7\u00e3o dos Pequenos Reis Magos foi, al\u00e9m de cumprir todas as normas sanit\u00e1rias de cada localidade, que realizem as \u201cvisitas\u201d ao ar livre, ou seja, que n\u00e3o entrem nas casas, mas conversem com os moradores nos port\u00f5es ou quintais; que realizem a\u00e7\u00f5es em ambientes abertos, como pra\u00e7as p\u00fablicas, p\u00e1tios de escolas e Igrejas; cuidem da higieniza\u00e7\u00e3o e mantenham o distanciamento seguro.<\/p>\n<p style=\"text-align: justify;\"><img loading=\"lazy\" decoding=\"async\" class=\"size-medium wp-image-256169 aligncenter lazyloaded\" src=\"https:\/\/eadn-wc02-718006.nxedge.io\/cdn\/wp-content\/uploads\/2020\/12\/Pastoral4-300x300.jpg\" sizes=\"auto, (max-width: 300px) 100vw, 300px\" srcset=\"https:\/\/eadn-wc02-718006.nxedge.io\/cdn\/wp-content\/uploads\/2020\/12\/Pastoral4-300x300.jpg 300w, https:\/\/eadn-wc02-718006.nxedge.io\/cdn\/wp-content\/uploads\/2020\/12\/Pastoral4-150x150.jpg 150w, https:\/\/eadn-wc02-718006.nxedge.io\/cdn\/wp-content\/uploads\/2020\/12\/Pastoral4.jpg 340w\" alt=\"\" width=\"300\" height=\"300\" data-ll-status=\"loaded\" \/><\/p>\n<p style=\"text-align: justify;\">Segundo Dom Andr\u00e9 Vital F\u00e9lix da Silva, Bispo da Diocese de Limoeiro do Norte, no Cear\u00e1, uma das Dioceses que est\u00e3o realizando a a\u00e7\u00e3o esse ano,\u00a0<i>\u201ca Campanha dos Pequenos Reis Magos, a qual aderimos h\u00e1 4 anos, tem produzido muitos frutos, n\u00e3o apenas para as crian\u00e7as da catequese que est\u00e3o diretamente envolvidas, mas tamb\u00e9m para as suas fam\u00edlias e, sobretudo, para as nossas comunidades. \u00c9 sempre uma alegria ver como as nossas crian\u00e7as se entusiasmam, se empenham com essa campanha, n\u00e3o apenas com a finalidade de arrecadar doa\u00e7\u00f5es, mas sobretudo para exercitarem aquilo que \u00e9 t\u00e3o bonito na nossa experi\u00eancia de f\u00e9, que \u00e9 ser mission\u00e1rio. As crian\u00e7as, quando visitam as casas nesta campanha, est\u00e3o fazendo justamente essa experi\u00eancia, n\u00e3o de pessoas que v\u00e3o pelas portas sem nenhuma motiva\u00e7\u00e3o, mas de crian\u00e7as que reconhecem o valor de solidariedade, o valor de cuidado com a vida, n\u00e3o s\u00f3 a sua mas tamb\u00e9m de outras crian\u00e7as pelo mundo afora. Que Deus aben\u00e7oe sempre mais esta campanha e que se expanda n\u00e3o s\u00f3 na nossa Diocese, mas tamb\u00e9m em todas as dioceses do Brasil e, assim, possamos num gesto de solidariedade neste tempo t\u00e3o bonito, tempo do advento, tempo do Natal, enriquecermos o nosso cora\u00e7\u00e3o, enriquecermos o nosso testemunho de f\u00e9. Participar dessa campanha \u00e9 uma grande alegria para todos n\u00f3s, padres, bispos, catequistas, fam\u00edlias e sobretudo as crian\u00e7as que encarnam, assumem essa miss\u00e3o dos reis magos, n\u00e3o s\u00f3 no ponto de vista teatral,\u00a0 que deixam as suas terras para vir ao encontro do Senhor, mas tamb\u00e9m com o esp\u00edrito de f\u00e9, o esp\u00edrito do evangelho.\u201d<\/i><\/p>\n<p style=\"text-align: justify;\">Dom Francisco de Assis Dantas de Lucena, Bispo da Diocese de Nazar\u00e9, em Pernambuco, ressalta que, \u201c<i>vendo a beleza dos Reis Magos que, de cora\u00e7\u00e3o aberto, sem medo, v\u00e3o ao encontro do menino Jesus, venho convidar todas as crian\u00e7as da catequese no Brasil, catequistas e todas as pessoas de boa vontade, solid\u00e1rias com as crian\u00e7as pobres nestes tempos dif\u00edceis, a acolherem a Campanha Pequenos Reis Magos, da Pastoral da Crian\u00e7a, como um presente e oportunidade para doar e ajudar tantas crian\u00e7as necessitadas. A generosidade do cora\u00e7\u00e3o faz de todos n\u00f3s verdadeiros mission\u00e1rios e agentes da nossa a\u00e7\u00e3o evangelizadora. Como os Magos, experimentaremos uma grande alegria que n\u00e3o poderemos manter para n\u00f3s. Com a Campanha Pequenos Reis Magos, chegamos aos outros, pequeninos. A Campanha Pequenos Reis Magos \u00e9 a estrela que nos conduz a Jesus, a todas as crian\u00e7as. Seja um desses reis magos e fa\u00e7a parte da Campanha Pequenos Reis Magos, da Pastoral da Crian\u00e7a!\u201d\u00a0<\/i><\/p>\n<p style=\"text-align: justify;\">Para participar da Campanha, a Par\u00f3quia deve informar sua Diocese ou entrar em contato com o Coordenador Diocesano da Pastoral da Crian\u00e7a, que ir\u00e1 ajudar no processo. Todas as Dioceses podem participar, desde que o Bispo concorde com a iniciativa.<\/p>\n<p style=\"text-align: justify;\"><img loading=\"lazy\" decoding=\"async\" class=\"size-full wp-image-256170 aligncenter lazyloaded\" src=\"https:\/\/eadn-wc02-718006.nxedge.io\/cdn\/wp-content\/uploads\/2020\/12\/Pastoral5.jpg\" alt=\"\" width=\"178\" height=\"301\" data-ll-status=\"loaded\" \/><\/p>\n<p style=\"text-align: justify;\">Para saber mais, \u00e9 s\u00f3 acessar o site da Pastoral da Crian\u00e7a, Campanha Pequenos Reis Magos:\u00a0<a href=\"https:\/\/www.pastoraldacrianca.org.br\/pequenosreismagos\/\">https:\/\/www.pastoraldacrianca.org.br\/pequenosreismagos\/<\/a><\/p>\n<p style=\"text-align: justify;\">Esse ano, a Pastoral da Crian\u00e7a disponibilizou uma e-capacita\u00e7\u00e3o sobre a Campanha do pequenos Reis Magos em seu aplicativo, AppVisita Domiciliar, com diversas dicas e orienta\u00e7\u00f5es aos catequizandos, catequistas e todas as fam\u00edlias.<\/p>\n<p style=\"text-align: justify;\"><img loading=\"lazy\" decoding=\"async\" class=\"size-medium wp-image-256171 aligncenter lazyloaded\" src=\"https:\/\/eadn-wc02-718006.nxedge.io\/cdn\/wp-content\/uploads\/2020\/12\/Pastoral6-300x300.jpg\" sizes=\"auto, (max-width: 300px) 100vw, 300px\" srcset=\"https:\/\/eadn-wc02-718006.nxedge.io\/cdn\/wp-content\/uploads\/2020\/12\/Pastoral6-300x300.jpg 300w, https:\/\/eadn-wc02-718006.nxedge.io\/cdn\/wp-content\/uploads\/2020\/12\/Pastoral6-150x150.jpg 150w, https:\/\/eadn-wc02-718006.nxedge.io\/cdn\/wp-content\/uploads\/2020\/12\/Pastoral6.jpg 400w\" alt=\"\" width=\"300\" height=\"300\" data-ll-status=\"loaded\" \/><\/p>\n<p style=\"text-align: justify;\">Junte-se a n\u00f3s voc\u00ea tamb\u00e9m nessa rede de solidariedade em que crian\u00e7as ajudam crian\u00e7as e fa\u00e7a parte desta miss\u00e3o de levar Vida e Vida em Abund\u00e2ncia para as crian\u00e7as mais pobres do mundo!<\/p>\n<p style=\"text-align: justify;\">\n<pre>Com informa\u00e7\u00f5es e fotos da Pastoral da Crian\u00e7a<\/pre>\n","protected":false},"excerpt":{"rendered":"<p>Guiados pela estrela, levemos vida plena \u00e0s crian\u00e7as pobres Em um ano t\u00e3o desafiador quanto 2020,\u00a0e se um grupo de crian\u00e7as vestidas de Reis Magos e m\u00e1scara batesse em sua porta, trazendo mensagens de paz e de comprometimento com crian\u00e7as do mundo inteiro? Na Alemanha, esta cena \u00e9 uma tradi\u00e7\u00e3o que teve in\u00edcio h\u00e1 mais [&hellip;]<\/p>\n","protected":false},"author":1,"featured_media":64929,"comment_status":"open","ping_status":"closed","sticky":false,"template":"","format":"standard","meta":{"footnotes":""},"categories":[7],"tags":[],"class_list":["post-64928","post","type-post","status-publish","format-standard","has-post-thumbnail","hentry","category-cnbb"],"_links":{"self":[{"href":"https:\/\/catolicanet.net\/wp-cnet\/wp-json\/wp\/v2\/posts\/64928","targetHints":{"allow":["GET"]}}],"collection":[{"href":"https:\/\/catolicanet.net\/wp-cnet\/wp-json\/wp\/v2\/posts"}],"about":[{"href":"https:\/\/catolicanet.net\/wp-cnet\/wp-json\/wp\/v2\/types\/post"}],"author":[{"embeddable":true,"href":"https:\/\/catolicanet.net\/wp-cnet\/wp-json\/wp\/v2\/users\/1"}],"replies":[{"embeddable":true,"href":"https:\/\/catolicanet.net\/wp-cnet\/wp-json\/wp\/v2\/comments?post=64928"}],"version-history":[{"count":1,"href":"https:\/\/catolicanet.net\/wp-cnet\/wp-json\/wp\/v2\/posts\/64928\/revisions"}],"predecessor-version":[{"id":64930,"href":"https:\/\/catolicanet.net\/wp-cnet\/wp-json\/wp\/v2\/posts\/64928\/revisions\/64930"}],"wp:featuredmedia":[{"embeddable":true,"href":"https:\/\/catolicanet.net\/wp-cnet\/wp-json\/wp\/v2\/media\/64929"}],"wp:attachment":[{"href":"https:\/\/catolicanet.net\/wp-cnet\/wp-json\/wp\/v2\/media?parent=64928"}],"wp:term":[{"taxonomy":"category","embeddable":true,"href":"https:\/\/catolicanet.net\/wp-cnet\/wp-json\/wp\/v2\/categories?post=64928"},{"taxonomy":"post_tag","embeddable":true,"href":"https:\/\/catolicanet.net\/wp-cnet\/wp-json\/wp\/v2\/tags?post=64928"}],"curies":[{"name":"wp","href":"https:\/\/api.w.org\/{rel}","templated":true}]}}